{"id":3759,"date":"2019-03-28T12:34:17","date_gmt":"2019-03-28T11:34:17","guid":{"rendered":"http:\/\/abacacorporate.com\/?p=3759"},"modified":"2019-04-09T14:46:04","modified_gmt":"2019-04-09T12:46:04","slug":"realiser-120-portraits-pour-edf-lagence-abaca-corporate-a-releve-le-defi","status":"publish","type":"post","link":"https:\/\/abacapress.com\/corporate\/2019\/03\/28\/realiser-120-portraits-pour-edf-lagence-abaca-corporate-a-releve-le-defi\/","title":{"rendered":"R\u00e9aliser 120 portraits pour EDF\u00a0: l\u2019agence Abaca Corporate a relev\u00e9 le d\u00e9fi"},"content":{"rendered":"<div class=\"wpb-content-wrapper\"><p>[vc_row][vc_column][vc_column_text]<\/p>\n<p style=\"text-align: left;\"><i><span style=\"font-weight: 400;\">\u00ab\u00a0Abaca tout est possible\u00a0!\u00a0\u00bb et l\u2019agence sp\u00e9cialis\u00e9e dans la photo d\u2019entreprise Abaca Corporate l\u2019a prouv\u00e9 avec ce d\u00e9fi relev\u00e9 haut-la-main pour EDF.<\/span><\/i><\/p>\n<p style=\"text-align: left;\"><span style=\"font-weight: 400;\">Il est reconnu que r\u00e9ussir des portraits de qualit\u00e9 prend du temps. Les sp\u00e9cialistes de la photographie corporate de l\u2019agence Abaca le savent, mais ils ont tout de m\u00eame dit oui au challenge propos\u00e9 par EDF\u00a0: r\u00e9ussir 120 clich\u00e9s en\u2026 4 heures, soit 2 minutes par photo\u00a0! <\/span><\/p>\n<h3 style=\"text-align: left;\"><b>2 minutes pour r\u00e9ussir le clich\u00e9 parfait<\/b><\/h3>\n<p style=\"text-align: left;\"><span style=\"font-weight: 400;\">Le brief \u00e9tait simple\u00a0: la mise en valeur via un shooting photo de grande ampleur des \u00e9quipes de vente d\u2019EDF r\u00e9unies pour leur s\u00e9minaire annuel. Au total, nous devions donc prendre en photo 120 personnes en un temps record de 4 heures. Le photographe portraitiste choisi par Abaca Corporate pour relever ce d\u00e9fi, n\u2019avait donc que deux petites minutes par sujet pour r\u00e9ussir le clich\u00e9 parfait.<\/span><\/p>\n<p>[\/vc_column_text][\/vc_column][\/vc_row][vc_row css=\u00a0\u00bb.vc_custom_1554367266744{margin-top: 20px !important;}\u00a0\u00bb][vc_column width=\u00a0\u00bb1\/3&Prime;][vc_single_image image=\u00a0\u00bb3774&Prime; img_size=\u00a0\u00bbfull\u00a0\u00bb onclick=\u00a0\u00bblink_image\u00a0\u00bb][\/vc_column][vc_column width=\u00a0\u00bb1\/3&Prime;][vc_single_image image=\u00a0\u00bb3775&Prime; img_size=\u00a0\u00bbfull\u00a0\u00bb onclick=\u00a0\u00bblink_image\u00a0\u00bb][\/vc_column][vc_column width=\u00a0\u00bb1\/3&Prime;][vc_single_image image=\u00a0\u00bb3776&Prime; img_size=\u00a0\u00bbfull\u00a0\u00bb onclick=\u00a0\u00bblink_image\u00a0\u00bb][\/vc_column][\/vc_row][vc_row][vc_column][vc_column_text]<\/p>\n<h3 style=\"text-align: left;\"><b>Sur place, un v\u00e9ritable studio de photographie\u00a0!<\/b><\/h3>\n<p style=\"text-align: left;\"><span style=\"font-weight: 400;\">Abaca Corporate a mis en place des moyens sp\u00e9cifiques et a s\u00e9lectionn\u00e9 une \u00e9quipe adapt\u00e9e \u00e0 ce projet d\u2019envergure. Afin de respecter les d\u00e9lais, un planning millim\u00e9tr\u00e9 a \u00e9t\u00e9 respect\u00e9 pour exfiltrer chaque personne venue assister aux conf\u00e9rences vers les mains de notre coiffeuse-maquilleuse qui les attendait pour assurer les derniers petits d\u00e9tails. Cette \u00e9tape accomplie, les participants prenaient place sous l\u2019\u0153il avis\u00e9 de notre photographe et les lumi\u00e8res du studio de photographie mobile install\u00e9 pour l\u2019occasion.<\/span><\/p>\n<h3 style=\"text-align: left;\"><b>48 heures plus tard\u2026<\/b><\/h3>\n<p style=\"text-align: left;\"><span style=\"font-weight: 400;\">Les clich\u00e9s pris, l\u2019\u00e9quipe de post-production d\u2019Abaca Corporate prenait le relai dans la phase cruciale d\u2019\u00e9talonnage chromatique et retouche diverses. Les sp\u00e9cialistes de l\u2019agence ont \u00e9dit\u00e9 et trait\u00e9 plus 1200 photos en un temps record. 48 heures \u00e0 peine apr\u00e8s la fin de l\u2019\u00e9v\u00e9nement, nous livrions l\u2019int\u00e9gralit\u00e9 des portraits r\u00e9alis\u00e9s lors du s\u00e9minaire EDF.<\/span><\/p>\n<p style=\"text-align: left;\"><span style=\"font-weight: 400;\">Focalis\u00e9 en amont sur le souhait de notre client et gr\u00e2ce \u00e0 toute l\u2019attention de nos \u00e9quipes, Abaca Corporate a relev\u00e9 un beau d\u00e9fi\u00a0! D\u00e9livrer des portraits Corporate de qualit\u00e9 dans contexte peu appropri\u00e9 et des d\u00e9lais toujours plus courts, c\u2019est le type de mission qu\u2019Abaca Corporate souhaite relever pour vous\u00a0!<\/span><\/p>\n<p>[\/vc_column_text][\/vc_column][\/vc_row][vc_row css=\u00a0\u00bb.vc_custom_1554367266744{margin-top: 20px !important;}\u00a0\u00bb][vc_column width=\u00a0\u00bb1\/2&Prime;][vc_single_image image=\u00a0\u00bb3777&Prime; img_size=\u00a0\u00bbfull\u00a0\u00bb][\/vc_column][vc_column width=\u00a0\u00bb1\/2&Prime;][vc_single_image image=\u00a0\u00bb3778&Prime; img_size=\u00a0\u00bbfull\u00a0\u00bb onclick=\u00a0\u00bblink_image\u00a0\u00bb][\/vc_column][\/vc_row]<\/p>\n<\/div>","protected":false},"excerpt":{"rendered":"<p>[vc_row][vc_column][vc_column_text] \u00ab\u00a0Abaca tout est possible\u00a0!\u00a0\u00bb et l\u2019agence sp\u00e9cialis\u00e9e dans la photo d\u2019entreprise Abaca Corporate l\u2019a prouv\u00e9 avec ce d\u00e9fi relev\u00e9 haut-la-main pour EDF. Il est reconnu que r\u00e9ussir des portraits de qualit\u00e9 prend du temps. Les sp\u00e9cialistes de la photographie [&hellip;]<\/p>\n","protected":false},"author":4,"featured_media":3828,"comment_status":"closed","ping_status":"closed","sticky":false,"template":"","format":"standard","meta":{"footnotes":""},"categories":[1,137],"tags":[],"class_list":["post-3759","post","type-post","status-publish","format-standard","has-post-thumbnail","hentry","category-non-classifiee","category-portrait"],"_links":{"self":[{"href":"https:\/\/abacapress.com\/corporate\/wp-json\/wp\/v2\/posts\/3759","targetHints":{"allow":["GET"]}}],"collection":[{"href":"https:\/\/abacapress.com\/corporate\/wp-json\/wp\/v2\/posts"}],"about":[{"href":"https:\/\/abacapress.com\/corporate\/wp-json\/wp\/v2\/types\/post"}],"author":[{"embeddable":true,"href":"https:\/\/abacapress.com\/corporate\/wp-json\/wp\/v2\/users\/4"}],"replies":[{"embeddable":true,"href":"https:\/\/abacapress.com\/corporate\/wp-json\/wp\/v2\/comments?post=3759"}],"version-history":[{"count":0,"href":"https:\/\/abacapress.com\/corporate\/wp-json\/wp\/v2\/posts\/3759\/revisions"}],"wp:featuredmedia":[{"embeddable":true,"href":"https:\/\/abacapress.com\/corporate\/wp-json\/wp\/v2\/media\/3828"}],"wp:attachment":[{"href":"https:\/\/abacapress.com\/corporate\/wp-json\/wp\/v2\/media?parent=3759"}],"wp:term":[{"taxonomy":"category","embeddable":true,"href":"https:\/\/abacapress.com\/corporate\/wp-json\/wp\/v2\/categories?post=3759"},{"taxonomy":"post_tag","embeddable":true,"href":"https:\/\/abacapress.com\/corporate\/wp-json\/wp\/v2\/tags?post=3759"}],"curies":[{"name":"wp","href":"https:\/\/api.w.org\/{rel}","templated":true}]}}