{"id":4370,"date":"2019-12-04T14:40:49","date_gmt":"2019-12-04T13:40:49","guid":{"rendered":"https:\/\/abacapress.com\/corporate\/?p=4370"},"modified":"2019-12-04T14:40:49","modified_gmt":"2019-12-04T13:40:49","slug":"rencontre-avec-luana-belmondo-pour-son-emission-luana-cuisine","status":"publish","type":"post","link":"https:\/\/abacapress.com\/corporate\/2019\/12\/04\/rencontre-avec-luana-belmondo-pour-son-emission-luana-cuisine\/","title":{"rendered":"Rencontre avec Luana Belmondo pour son \u00e9mission \u00ab Luana Cuisine \u00bb"},"content":{"rendered":"<div class=\"wpb-content-wrapper\"><p>[vc_row][vc_column][vc_column_text]<\/p>\n<p style=\"text-align: left;\"><i><span style=\"font-weight: 400;\">R\u00e9aliser des portraits de Luana Belmondo \u00e0 l&rsquo;image de son \u00e9mission culinaire, Luana Cuisine, mission accept\u00e9e pour le photographe d&rsquo;Abaca Corporate. Retour en images sur ce reportage photo en compagnie d&rsquo;une cheffe qui pr\u00f4ne une cuisine simple, ensoleill\u00e9e et accessible \u00e0 tous.<br \/>\n<\/span><\/i><\/p>\n<h3><strong>Des photos \u00e0 l\u2019image de Luana et de son \u00e9mission<\/strong><\/h3>\n<p>Mars 2019, l\u2019agence Abaca Corporate a rendez-vous avec Luana Belmondo, animatrice reconnue pour ses recettes de cuisine qu\u2019elle distille avec bonne humeur sur la cha\u00eene My Cuisine.<\/p>\n<p>Les \u00e9quipes de l&rsquo;agence de photographie corporate r\u00e9pondent \u00e0 une demande de la chaine de t\u00e9l\u00e9vision My Cuisine, d\u00e9di\u00e9e au monde culinaire. Il s\u2019agit de r\u00e9aliser des photos de Luana Belmondo lors du tournage de la saison 3 de son \u00e9mission \u00ab\u00a0Luana Cuisine\u00a0\u00bb. Les photos de la cheffe doivent \u00eatre prises dans sa cuisine afin d\u2019illustrer le concept de son \u00e9mission.<\/p>\n<p>Avec plusieurs livres de cuisine et une \u00e9mission depuis maintenant 3 ans, cette sp\u00e9cialiste et grande amatrice de cuisine italienne est aujourd\u2019hui une personnalit\u00e9 reconnue dans le monde de la restauration. Dans son \u00e9mission Luana nous donne des recettes faciles du quotidien, son objectif\u00a0: le bon, le bien, le facile.<\/p>\n<p style=\"text-align: left;\"><span style=\"font-weight: 400;\">Pour notre photographe la mission sur la papier est simple, r\u00e9aliser des photos \u00e0 l\u2019image de l\u2019animatrice et de son \u00e9mission, spontan\u00e9es, simples et chaleureuses.<br \/>\n<\/span><\/p>\n<p>[\/vc_column_text][\/vc_column][\/vc_row][vc_row css=\u00a0\u00bb.vc_custom_1554366491472{margin-top: 20px !important;margin-bottom: 10px !important;}\u00a0\u00bb][vc_column width=\u00a0\u00bb1\/2&Prime;][vc_single_image image=\u00a0\u00bb4372&Prime; img_size=\u00a0\u00bbfull\u00a0\u00bb onclick=\u00a0\u00bblink_image\u00a0\u00bb][\/vc_column][vc_column width=\u00a0\u00bb1\/2&Prime;][vc_single_image image=\u00a0\u00bb4377&Prime; img_size=\u00a0\u00bbfull\u00a0\u00bb onclick=\u00a0\u00bblink_image\u00a0\u00bb][\/vc_column][\/vc_row][vc_row][vc_column][vc_column_text]<\/p>\n<h3>Un photographe d\u2019exp\u00e9rience pour un r\u00e9sultat simple et esth\u00e9tique<\/h3>\n<p>M\u00eame si la mission parait simple au premier abord, le choix du photographe est toujours une \u00e9tape essentielle pour Abaca Corporate. L\u2019agence de photographie corporate d\u00e9cide pour ce projet de travailler avec J\u00e9r\u00f4me Domin\u00e9, photographe avec lequel l\u2019agence collabore depuis de nombreuses ann\u00e9es.<\/p>\n<p>Portraitiste de talent, il sait mettre \u00e0 l\u2019aise les personnes qu\u2019il photographie et ajouter une touche artistique dans la composition de ses portraits. \u00c0 l\u2019aise en studio et avec une lumi\u00e8re artificielle comme en fonds et d\u00e9cors naturels, J\u00e9r\u00f4me est un photographe d\u2019exp\u00e9rience appr\u00e9ci\u00e9 de nombreux clients. Il est donc le photographe id\u00e9al pour r\u00e9aliser ces portraits de Luana dans le d\u00e9cor de sa cuisine o\u00f9 l\u2019\u00e9mission est tourn\u00e9e.<\/p>\n<p>J\u00e9r\u00f4me Domin\u00e9 est \u00e9galement un photographe habitu\u00e9 des plateaux de tournage, un atout essentiel pour cette prise de vues r\u00e9alis\u00e9e pendant le tournage de l\u2019\u00e9mission. Son savoir-faire lui a ainsi permis de r\u00e9aliser une s\u00e9rie de visuel sans g\u00eaner le tournage tout en s\u2019assurant le meilleur angle possible. C\u2019est en fin d\u2019\u00e9mission qu\u2019il a pu se retrouver seul avec Luana pour r\u00e9aliser une s\u00e9rie de portraits.<\/p>\n<p style=\"text-align: left;\"><span style=\"font-weight: 400;\">\u00a0<\/span><\/p>\n<p>[\/vc_column_text][\/vc_column][\/vc_row][vc_row css=\u00a0\u00bb.vc_custom_1554366491472{margin-top: 20px !important;margin-bottom: 10px !important;}\u00a0\u00bb][vc_column width=\u00a0\u00bb1\/3&Prime;][vc_single_image image=\u00a0\u00bb4381&Prime; img_size=\u00a0\u00bbfull\u00a0\u00bb onclick=\u00a0\u00bblink_image\u00a0\u00bb][\/vc_column][vc_column width=\u00a0\u00bb1\/3&Prime;][vc_single_image image=\u00a0\u00bb4385&Prime; img_size=\u00a0\u00bbfull\u00a0\u00bb][\/vc_column][vc_column width=\u00a0\u00bb1\/3&Prime;][vc_single_image image=\u00a0\u00bb4383&Prime; img_size=\u00a0\u00bbfull\u00a0\u00bb][\/vc_column][\/vc_row][vc_row][vc_column][vc_column_text]Mission r\u00e9ussie pour Abaca Corporate. Le savoir-faire et la cr\u00e9ativit\u00e9 du photographe ont permis un r\u00e9sultat \u00e0 l\u2019image de Luana Belmondo et de son \u00e9mission; des clich\u00e9s o\u00f9 la simplicit\u00e9, l\u2019authenticit\u00e9 de la cheffe transparaissent, le tout saupoudr\u00e9e de sa bonne humeur. L\u2019agence de photographie corporate a ainsi pu fournir \u00e0 la chaine <em>My cuisine<\/em> des visuels en ad\u00e9quation avec leurs besoins promotionnels.[\/vc_column_text][\/vc_column][\/vc_row]<\/p>\n<\/div>","protected":false},"excerpt":{"rendered":"<p>[vc_row][vc_column][vc_column_text] R\u00e9aliser des portraits de Luana Belmondo \u00e0 l&rsquo;image de son \u00e9mission culinaire, Luana Cuisine, mission accept\u00e9e pour le photographe d&rsquo;Abaca Corporate. Retour en images sur ce reportage photo en compagnie d&rsquo;une cheffe qui pr\u00f4ne une cuisine simple, ensoleill\u00e9e et [&hellip;]<\/p>\n","protected":false},"author":4,"featured_media":4374,"comment_status":"closed","ping_status":"closed","sticky":false,"template":"","format":"standard","meta":{"footnotes":""},"categories":[1,137,140],"tags":[],"class_list":["post-4370","post","type-post","status-publish","format-standard","has-post-thumbnail","hentry","category-non-classifiee","category-portrait","category-reportage"],"_links":{"self":[{"href":"https:\/\/abacapress.com\/corporate\/wp-json\/wp\/v2\/posts\/4370","targetHints":{"allow":["GET"]}}],"collection":[{"href":"https:\/\/abacapress.com\/corporate\/wp-json\/wp\/v2\/posts"}],"about":[{"href":"https:\/\/abacapress.com\/corporate\/wp-json\/wp\/v2\/types\/post"}],"author":[{"embeddable":true,"href":"https:\/\/abacapress.com\/corporate\/wp-json\/wp\/v2\/users\/4"}],"replies":[{"embeddable":true,"href":"https:\/\/abacapress.com\/corporate\/wp-json\/wp\/v2\/comments?post=4370"}],"version-history":[{"count":0,"href":"https:\/\/abacapress.com\/corporate\/wp-json\/wp\/v2\/posts\/4370\/revisions"}],"wp:featuredmedia":[{"embeddable":true,"href":"https:\/\/abacapress.com\/corporate\/wp-json\/wp\/v2\/media\/4374"}],"wp:attachment":[{"href":"https:\/\/abacapress.com\/corporate\/wp-json\/wp\/v2\/media?parent=4370"}],"wp:term":[{"taxonomy":"category","embeddable":true,"href":"https:\/\/abacapress.com\/corporate\/wp-json\/wp\/v2\/categories?post=4370"},{"taxonomy":"post_tag","embeddable":true,"href":"https:\/\/abacapress.com\/corporate\/wp-json\/wp\/v2\/tags?post=4370"}],"curies":[{"name":"wp","href":"https:\/\/api.w.org\/{rel}","templated":true}]}}