{"id":4392,"date":"2020-01-22T08:30:42","date_gmt":"2020-01-22T07:30:42","guid":{"rendered":"https:\/\/abacapress.com\/corporate\/?p=4392"},"modified":"2020-01-22T09:31:22","modified_gmt":"2020-01-22T08:31:22","slug":"saviez-vous-quabaca-ne-fait-pas-que-de-la-photo","status":"publish","type":"post","link":"https:\/\/abacapress.com\/corporate\/2020\/01\/22\/saviez-vous-quabaca-ne-fait-pas-que-de-la-photo\/","title":{"rendered":"Saviez-vous qu\u2019Abaca ne fait pas que de la photo ?"},"content":{"rendered":"<div class=\"wpb-content-wrapper\"><p>[vc_row][vc_column][vc_column_text]<em>L\u2019ann\u00e9e 2020 commence fort pour Abaca Corporate qui vous propose un nouveau service de vid\u00e9os in\u00e9dit.<\/em><\/p>\n<p><em>Vous r\u00eavez de vid\u00e9os qualitatives, modernes, produites \u00e0 moindre co\u00fbt, et r\u00e9alis\u00e9es dans des d\u00e9lais courts\u00a0? Abaca Corporate l\u2019a fait pour vous\u00a0!<\/em><\/p>\n<p><em>Vous faites appel \u00e0 nous pour produire vos visuels\u00a0? Nous vous proposons de les exploiter \u00e0 100% en produisant des vid\u00e9os courtes \u00e0 partir de ces photos.<\/em><\/p>\n<h3>Abaca Corporate vous propose un nouveau service de vid\u00e9o \u00e0 moindre co\u00fbt\u00a0!<\/h3>\n<p>La vid\u00e9o est un m\u00e9dia incontournable d\u2019une strat\u00e9gie de web marketing efficace. Produire des vid\u00e9os d\u2019entreprise de qualit\u00e9 co\u00fbt\u00e9 cher, et les d\u00e9lais de livraison sont longs. Ainsi il est bien souvent difficile pour les entreprises de diffuser de mani\u00e8re r\u00e9guli\u00e8re de nouvelles vid\u00e9os. \u00a0L\u2019agence de photographie corporate a la solution et vous propose de r\u00e9aliser des vid\u00e9os courtes \u00e0 partir de m\u00e9dias que nous avons produit pour vous ou que vous poss\u00e9dez d\u00e9j\u00e0.<\/p>\n<p>Promouvoir votre entreprise, un \u00e9v\u00e8nement ou de nouveaux services que vous proposez \u00e0 vos clients, ces vid\u00e9os s\u2019adaptent \u00e0 tous vos besoins.<\/p>\n<p>&nbsp;<\/p>\n<blockquote><p><span style=\"color: #ff0000;\">Utilisez une vid\u00e9o sur vos r\u00e9seaux sociaux et le taux d\u2019engagement de votre audience sera multipli\u00e9 par 10<\/span><\/p><\/blockquote>\n<p>&nbsp;<\/p>\n<p>Afin d\u2019assurer une utilisation optimale et adapt\u00e9e \u00e0 vos attentes ces vid\u00e9os se d\u00e9clinent sous 3 formats diff\u00e9rents\u00a0: le format de base pour un usage sur votre site web, un format carr\u00e9 adapt\u00e9 aux publications sur les r\u00e9seaux sociaux et un format hauteur optimal pour les stories instagram. Le r\u00e9sultat, une vid\u00e9o courte et dynamique qui d\u00e9livre un message cibl\u00e9 et vous permet de toucher de nombreux utilisateurs et ainsi d\u2019avoir une visibilit\u00e9 renforc\u00e9e sur le web.<\/p>\n<p style=\"text-align: left;\"><span style=\"font-weight: 400;\">\u00a0<\/span><\/p>\n<p>[\/vc_column_text][vc_column_text]<\/p>\n<blockquote>\n<h2><span style=\"color: #ff0000;\">En 2019 les vid\u00e9os ont repr\u00e9sent\u00e9 80% de la totalit\u00e9 du trafic Internet<\/span><\/h2>\n<\/blockquote>\n<p>[\/vc_column_text][\/vc_column][\/vc_row][vc_row][vc_column][vc_empty_space][vc_column_text]<\/p>\n<h3>Une vid\u00e9o professionnelle livr\u00e9e en moins de 48h!<\/h3>\n<p style=\"text-align: left;\">Ces vid\u00e9os sont l\u2019outil id\u00e9al pour vos communications. Donnez-nous vos m\u00e9dias et les \u00e9quipes d\u2019Abaca Corporate s\u2019occupent du reste. Nous montons vos photos et vid\u00e9os, ajoutons un texte percutant et une musique moderne et adapt\u00e9e pour un r\u00e9sultat efficace et conforme \u00e0 vos attentes. Vous recevez une vid\u00e9o professionnelle pr\u00eate \u00e0 \u00eatre utilis\u00e9e sur votre site web et tous les r\u00e9seaux sociaux en moins de 48h\u00a0!<\/p>\n<p style=\"text-align: left;\">Notre objectif\u00a0? Vous aidez \u00e0 valoriser et renforcer l\u2019image de marque de votre entreprise \u00e0 moindre co\u00fbt. Vous avez ainsi la possibilit\u00e9 de boostez vos communications sur le web gr\u00e2ce \u00e0 nos vid\u00e9os.<\/p>\n<p>&nbsp;<\/p>\n<blockquote><p><span style=\"color: #ff0000;\">Boostez votre taux de clic de 200% avec une vid\u00e9o dans vos emailings<\/span><\/p>\n<p>&nbsp;<\/p><\/blockquote>\n<p>[\/vc_column_text][vc_separator color=\u00a0\u00bbjuicy_pink\u00a0\u00bb el_width=\u00a0\u00bb30&Prime;][vc_column_text]<\/p>\n<h3>Faites appel aux services d\u2019Abaca corporate et dotez-vous d\u2019un support marketing d\u2019une qualit\u00e9 irr\u00e9prochable.<\/h3>\n<h3><span style=\"color: #ff0000;\">Demandez votre <\/span><a href=\"https:\/\/abacapress.com\/corporate\/demande-de-devis\/\"><span style=\"color: #ff0000;\">devis<\/span><\/a><\/h3>\n<h3><a href=\"https:\/\/abacapress.com\/corporate\/demande-de-devis\/\"><span style=\"color: #ff0000;\">Vid\u00e9o \u00e0 partir de 310\u20ac HT<\/span><\/a><\/h3>\n<p>[\/vc_column_text][\/vc_column][\/vc_row]<\/p>\n<\/div>","protected":false},"excerpt":{"rendered":"<p>[vc_row][vc_column][vc_column_text]L\u2019ann\u00e9e 2020 commence fort pour Abaca Corporate qui vous propose un nouveau service de vid\u00e9os in\u00e9dit. Vous r\u00eavez de vid\u00e9os qualitatives, modernes, produites \u00e0 moindre co\u00fbt, et r\u00e9alis\u00e9es dans des d\u00e9lais courts\u00a0? Abaca Corporate l\u2019a fait pour vous\u00a0! Vous faites [&hellip;]<\/p>\n","protected":false},"author":4,"featured_media":4403,"comment_status":"closed","ping_status":"closed","sticky":false,"template":"","format":"video","meta":{"footnotes":""},"categories":[138,1],"tags":[],"class_list":["post-4392","post","type-post","status-publish","format-video","has-post-thumbnail","hentry","category-evenementiel","category-non-classifiee","post_format-post-format-video"],"_links":{"self":[{"href":"https:\/\/abacapress.com\/corporate\/wp-json\/wp\/v2\/posts\/4392","targetHints":{"allow":["GET"]}}],"collection":[{"href":"https:\/\/abacapress.com\/corporate\/wp-json\/wp\/v2\/posts"}],"about":[{"href":"https:\/\/abacapress.com\/corporate\/wp-json\/wp\/v2\/types\/post"}],"author":[{"embeddable":true,"href":"https:\/\/abacapress.com\/corporate\/wp-json\/wp\/v2\/users\/4"}],"replies":[{"embeddable":true,"href":"https:\/\/abacapress.com\/corporate\/wp-json\/wp\/v2\/comments?post=4392"}],"version-history":[{"count":0,"href":"https:\/\/abacapress.com\/corporate\/wp-json\/wp\/v2\/posts\/4392\/revisions"}],"wp:featuredmedia":[{"embeddable":true,"href":"https:\/\/abacapress.com\/corporate\/wp-json\/wp\/v2\/media\/4403"}],"wp:attachment":[{"href":"https:\/\/abacapress.com\/corporate\/wp-json\/wp\/v2\/media?parent=4392"}],"wp:term":[{"taxonomy":"category","embeddable":true,"href":"https:\/\/abacapress.com\/corporate\/wp-json\/wp\/v2\/categories?post=4392"},{"taxonomy":"post_tag","embeddable":true,"href":"https:\/\/abacapress.com\/corporate\/wp-json\/wp\/v2\/tags?post=4392"}],"curies":[{"name":"wp","href":"https:\/\/api.w.org\/{rel}","templated":true}]}}