{"id":4412,"date":"2020-03-23T16:30:00","date_gmt":"2020-03-23T15:30:00","guid":{"rendered":"https:\/\/abacapress.com\/corporate\/?p=4412"},"modified":"2020-03-18T14:38:41","modified_gmt":"2020-03-18T13:38:41","slug":"abaca-corporate-et-m6-collaborent-pour-la-marque-mercure","status":"publish","type":"post","link":"https:\/\/abacapress.com\/corporate\/2020\/03\/23\/abaca-corporate-et-m6-collaborent-pour-la-marque-mercure\/","title":{"rendered":"Abaca Corporate accompagne BFM TV dans la couverture des municipales \u00e0 Paris"},"content":{"rendered":"<div class=\"wpb-content-wrapper\"><p>[vc_row][vc_column][vc_column_text]Abaca Corporate collabore depuis plusieurs ann\u00e9es avec la chaine d\u2019information BFM TV. C\u2019est donc tout naturellement que la chaine d\u2019actualit\u00e9s en continu s\u2019est tourn\u00e9e vers l&rsquo;agence de photo corporate pour l\u2019accompagner dans sa couverture des municipales \u00e0 Paris.<\/p>\n<p>S\u2019il est un lieu qui a suscit\u00e9 la convoitise des politiques parisiens ces derni\u00e8res semaines c\u2019est bien la mairie de Paris. La course \u00e0 l\u2019H\u00f4tel de ville a connu des rebondissements, Benjamin Griveaux ayant retir\u00e9 sa candidature, ce sont ensuite 3 femmes qui ont brigu\u00e9 le poste. Anne Hidalgo gardera-elle la mairie de Paris\u00a0? Malgr\u00e9 l&rsquo;avance de cette derni\u00e8re au premier tour, Rachida Dati et Agn\u00e8s Buzyn la talonnent et participeront au second tour.<\/p>\n<p>&nbsp;<\/p>\n<h3 style=\"text-align: center;\">Le choix d\u2019un photographe exp\u00e9riment\u00e9<\/h3>\n<p>Eliot Blondet photographe de l\u2019agence Abaca fut un choix \u00e9vident pour accompagner BFM TV dans la couverture photographique de leurs \u00e9missions sp\u00e9ciales municipales. Le photographe jeune par l\u2019\u00e2ge mais avec une solide exp\u00e9rience fait partie du pool de photographes accr\u00e9dit\u00e9s \u00e0 l\u2019Elys\u00e9e. Il est donc habitu\u00e9 \u00e0 c\u00f4toyer le monde politique et en connait parfaitement les codes.<\/p>\n<p>Eliot est \u00e9galement un habitu\u00e9 des tournages, il maitrise l\u2019exercice et sait allier discr\u00e9tion et r\u00e9activit\u00e9 afin de ne rien louper des \u00e9changes du plateau t\u00e9l\u00e9 qu\u2019il photographie.[\/vc_column_text][\/vc_column][\/vc_row][vc_row css=\u00a0\u00bb.vc_custom_1554366491472{margin-top: 20px !important;margin-bottom: 10px !important;}\u00a0\u00bb][vc_column width=\u00a0\u00bb1\/2&Prime;][vc_single_image image=\u00a0\u00bb4458&Prime; img_size=\u00a0\u00bbfull\u00a0\u00bb onclick=\u00a0\u00bblink_image\u00a0\u00bb][\/vc_column][vc_column width=\u00a0\u00bb1\/2&Prime;][vc_single_image image=\u00a0\u00bb4456&Prime; img_size=\u00a0\u00bbfull\u00a0\u00bb onclick=\u00a0\u00bblink_image\u00a0\u00bb][\/vc_column][\/vc_row][vc_row][vc_column][vc_empty_space][vc_column_text]<\/p>\n<h3><\/h3>\n<h3>BFM TV met en place un dispositif sur mesure<\/h3>\n<p>Dans son \u00e9mission diffus\u00e9e chaque soir \u00e0 19h, la journaliste Ruth Elkrief re\u00e7oit les diff\u00e9rents candidats \u00e0 la mairie de Mairie. Pour ces interviews, pas de plateau tv classique mais un lieu symbolique de Paris choisi par chaque candidat. Notre photographe Eliot Blondet a ainsi suivi les tournages consacr\u00e9s aux 3 femmes en lice pour la Mairie de Paris\u00a0: Anne Hidalgo, Agn\u00e8s Buzyn et Rachida Dati.<\/p>\n<p>Son r\u00f4le pendant ses \u00e9missions consacr\u00e9es aux municipales\u00a0: ne rien louper des \u00e9changes et retranscrire en photo les moments forts v\u00e9cus avant, pendant et apr\u00e8s l\u2019\u00e9mission. Concentration, moments d\u2019\u00e9motion ou de partage entre les femmes interview\u00e9es et Ruth Elkrief, notre photographe a du retranscrire l\u2019ambiance de ces \u00e9missions avec discr\u00e9tion et efficacit\u00e9.<\/p>\n<p>Abaca Corporate a su \u00eatre au rendez-vous et ne rien louper de ces \u00e9changes d\u2019importance en amont du premier tour des municipales.[\/vc_column_text][\/vc_column][vc_column][\/vc_column][\/vc_row][vc_row css=\u00a0\u00bb.vc_custom_1554366491472{margin-top: 20px !important;margin-bottom: 10px !important;}\u00a0\u00bb][vc_column width=\u00a0\u00bb1\/2&Prime;][vc_single_image image=\u00a0\u00bb4501&Prime; img_size=\u00a0\u00bbfull\u00a0\u00bb onclick=\u00a0\u00bblink_image\u00a0\u00bb][\/vc_column][vc_column width=\u00a0\u00bb1\/2&Prime;][vc_single_image image=\u00a0\u00bb4503&Prime; img_size=\u00a0\u00bbfull\u00a0\u00bb onclick=\u00a0\u00bblink_image\u00a0\u00bb][\/vc_column][\/vc_row][vc_row][vc_column][vc_column_text]Une mission r\u00e9ussie pour Abaca Corporate. Une fois de plus le photographe de l\u2019agence, Eliot Blondet, a su allier technique et sensibilit\u00e9 artistique pour produire des photos de qualit\u00e9. Il a su pendant les tournages se faire oublier des candidates pour capter au plus pr\u00e8s leurs \u00e9motions, mais aussi faire des portraits de qualit\u00e9 avec un temps imparti tr\u00e8s court. Le r\u00e9sultat de son travail est un outil de communication essentiel pour la chaine d\u2019information, BFM TV.[\/vc_column_text][vc_empty_space][vc_single_image image=\u00a0\u00bb4460&Prime; img_size=\u00a0\u00bbfull\u00a0\u00bb][\/vc_column][\/vc_row]<\/p>\n<\/div>","protected":false},"excerpt":{"rendered":"<p>[vc_row][vc_column][vc_column_text]Abaca Corporate collabore depuis plusieurs ann\u00e9es avec la chaine d\u2019information BFM TV. C\u2019est donc tout naturellement que la chaine d\u2019actualit\u00e9s en continu s\u2019est tourn\u00e9e vers l&rsquo;agence de photo corporate pour l\u2019accompagner dans sa couverture des municipales \u00e0 Paris. S\u2019il est [&hellip;]<\/p>\n","protected":false},"author":4,"featured_media":4454,"comment_status":"closed","ping_status":"closed","sticky":false,"template":"","format":"standard","meta":{"footnotes":""},"categories":[140],"tags":[],"class_list":["post-4412","post","type-post","status-publish","format-standard","has-post-thumbnail","hentry","category-reportage"],"_links":{"self":[{"href":"https:\/\/abacapress.com\/corporate\/wp-json\/wp\/v2\/posts\/4412","targetHints":{"allow":["GET"]}}],"collection":[{"href":"https:\/\/abacapress.com\/corporate\/wp-json\/wp\/v2\/posts"}],"about":[{"href":"https:\/\/abacapress.com\/corporate\/wp-json\/wp\/v2\/types\/post"}],"author":[{"embeddable":true,"href":"https:\/\/abacapress.com\/corporate\/wp-json\/wp\/v2\/users\/4"}],"replies":[{"embeddable":true,"href":"https:\/\/abacapress.com\/corporate\/wp-json\/wp\/v2\/comments?post=4412"}],"version-history":[{"count":0,"href":"https:\/\/abacapress.com\/corporate\/wp-json\/wp\/v2\/posts\/4412\/revisions"}],"wp:featuredmedia":[{"embeddable":true,"href":"https:\/\/abacapress.com\/corporate\/wp-json\/wp\/v2\/media\/4454"}],"wp:attachment":[{"href":"https:\/\/abacapress.com\/corporate\/wp-json\/wp\/v2\/media?parent=4412"}],"wp:term":[{"taxonomy":"category","embeddable":true,"href":"https:\/\/abacapress.com\/corporate\/wp-json\/wp\/v2\/categories?post=4412"},{"taxonomy":"post_tag","embeddable":true,"href":"https:\/\/abacapress.com\/corporate\/wp-json\/wp\/v2\/tags?post=4412"}],"curies":[{"name":"wp","href":"https:\/\/api.w.org\/{rel}","templated":true}]}}