{"id":4473,"date":"2020-06-15T16:30:11","date_gmt":"2020-06-15T14:30:11","guid":{"rendered":"https:\/\/abacapress.com\/corporate\/?p=4473"},"modified":"2020-09-22T14:47:28","modified_gmt":"2020-09-22T12:47:28","slug":"rmc-story-choisit-abaca-pour-couvrir-les-tournages-de-leur-nouvelle-emission-les-cancres","status":"publish","type":"post","link":"https:\/\/abacapress.com\/corporate\/2020\/06\/15\/rmc-story-choisit-abaca-pour-couvrir-les-tournages-de-leur-nouvelle-emission-les-cancres\/","title":{"rendered":"RMC Story choisit Abaca pour couvrir les tournages de leur nouvelle \u00e9mission \u00ab Les cancres \u00bb"},"content":{"rendered":"<div class=\"wpb-content-wrapper\"><p>[vc_row][vc_column][vc_column_text]<\/p>\n<p class=\"x_ydp2deb5333MsoNoSpacing\">La cha\u00eene RMC Story lan\u00e7ait en avril dernier sa nouvelle \u00e9mission \u00ab\u00a0Les cancres\u00a0\u00bb, \u00e9mission durant laquelle des personnalit\u00e9s telles Gad Elmaleh, Black M ou encore Alexis Michalik partagent leur exp\u00e9rience avec des jeunes en difficult\u00e9 scolaire. Et c\u2019est l\u2019expertise d\u2019Abaca Corporate qui a \u00e9t\u00e9 choisie pour r\u00e9aliser la prestation photo sur cette \u00e9mission.<\/p>\n<div><\/div>\n<div>Pour accompagner le lancement de sa nouvelle \u00e9mission \u00ab\u00a0Les Cancres\u00a0\u00bb, RMC Story a fait confiance \u00e0 l\u2019agence de photographie Abaca Corporate afin d\u2019immortaliser ce moment.<\/div>\n<p>&nbsp;<\/p>\n<h3 style=\"text-align: center;\"><i>RMC Story lance \u00ab<\/i>\u00a0Les<i> Cancres\u00a0\u00bb, un nouveau format autour de l\u2019\u00e9cole<\/i><\/h3>\n<p>Avec \u00ab Les cancres \u00bb, RMC Story s\u2019int\u00e9resse \u00e0 l\u2019\u00e9cole\u2026 mais aussi \u00e0 ceux qui en sont sortis sans pourtant y avoir \u00e9t\u00e9 brillant. C\u2019est le concept de l\u2019\u00e9mission : apr\u00e8s un large portrait allant de l\u2019enfance jusqu\u2019\u00e0 sa r\u00e9ussite, une personnalit\u00e9 fait face \u00e0 cinq adolescents en \u00e9chec scolaire qui vont lui poser toutes sortes de questions sur son parcours, ses victoires, ses erreurs. Loin de \u00ab glamouriser \u00bb l\u2019\u00e9chec scolaire, \u00ab Les Cancres \u00bb met en avant la r\u00e9ussite, le d\u00e9passement de soi, les bonnes rencontres, la transmission et le partage d\u2019exp\u00e9rience, la volont\u00e9 de s\u2019en sortir dans une p\u00e9riode \u00e9conomique et sociale loin d\u2019\u00eatre encourageante pour les jeunes.<\/p>\n<p>[\/vc_column_text][\/vc_column][\/vc_row][vc_row css=\u00a0\u00bb.vc_custom_1554366491472{margin-top: 20px !important;margin-bottom: 10px !important;}\u00a0\u00bb][vc_column width=\u00a0\u00bb1\/2&Prime;][vc_single_image image=\u00a0\u00bb4492&Prime; img_size=\u00a0\u00bbfull\u00a0\u00bb onclick=\u00a0\u00bblink_image\u00a0\u00bb][\/vc_column][vc_column width=\u00a0\u00bb1\/2&Prime;][vc_single_image image=\u00a0\u00bb4482&Prime; img_size=\u00a0\u00bbfull\u00a0\u00bb onclick=\u00a0\u00bblink_image\u00a0\u00bb][\/vc_column][\/vc_row][vc_row][vc_column][vc_empty_space][vc_column_text]<\/p>\n<h3><\/h3>\n<h3><i>\u00ab\u00a0Les cancres\u00a0\u00bb, Un cas d\u2019\u00e9cole pour l\u2019agence Abaca Corporate <\/i><\/h3>\n<p>Et pour immortaliser ces rencontres que ces jeunes coll\u00e9giens et lyc\u00e9ens vont garder en m\u00e9moire toute leur vie, l\u2019agence Abaca Corporate a \u00e9t\u00e9 choisie. Il a en effet \u00e9t\u00e9 demand\u00e9 une expertise certaine aux photographes pr\u00e9sents lors des tournages : des plans millim\u00e9tr\u00e9s montrant d\u2019un c\u00f4t\u00e9 la passion sur le visage des personnalit\u00e9s invit\u00e9s \u00e0 partager leurs exp\u00e9riences et de l\u2019autre l\u2019\u00e9motion des jeunes \u00e9coutant ces paroles inestimables, le tout en faisant montre de discr\u00e9tion pour ne pas d\u00e9naturer ces moments.<\/p>\n<p>[\/vc_column_text][\/vc_column][\/vc_row][vc_row css=\u00a0\u00bb.vc_custom_1554366491472{margin-top: 20px !important;margin-bottom: 10px !important;}\u00a0\u00bb][vc_column width=\u00a0\u00bb1\/2&Prime;][vc_single_image image=\u00a0\u00bb4486&Prime; img_size=\u00a0\u00bbfull\u00a0\u00bb onclick=\u00a0\u00bblink_image\u00a0\u00bb][\/vc_column][vc_column width=\u00a0\u00bb1\/2&Prime;][vc_single_image image=\u00a0\u00bb4480&Prime; img_size=\u00a0\u00bbfull\u00a0\u00bb onclick=\u00a0\u00bblink_image\u00a0\u00bb][\/vc_column][\/vc_row][vc_row][vc_column][vc_empty_space][vc_column_text]<\/p>\n<h3><\/h3>\n<h3 class=\"x_ydp2deb5333MsoNoSpacing\"><i>\u00ab\u00a0Les cancres\u00a0\u00bb Gad Elmaleh et Black M l\u2019ont fait avec le sourire<\/i><\/h3>\n<p>Les photographes envoy\u00e9s sur les tournages de l\u2019\u00e9mission \u00ab Les Cancres \u00bb a notamment pu prendre des clich\u00e9s de l\u2019humoriste Gad Elmaleh et du chanteur Black M, les deux premiers invit\u00e9s de cette nouvelle \u00e9mission. Avec leurs parcours hors-du-commun, le r\u00e9alisateur de \u00ab Coco \u00bb et l\u2019interpr\u00e8te de \u00ab Sur ma route \u00bb ont pris aux tripes les jeunes qu\u2019ils avaient en face d\u2019eux, des moments tr\u00e8s forts que nos photographes ont r\u00e9ussi \u00e0 immortaliser sans les d\u00e9naturer.<\/p>\n<p>[\/vc_column_text][\/vc_column][\/vc_row][vc_row css=\u00a0\u00bb.vc_custom_1554366491472{margin-top: 20px !important;margin-bottom: 10px !important;}\u00a0\u00bb][vc_column width=\u00a0\u00bb1\/2&Prime;][vc_single_image image=\u00a0\u00bb4496&Prime; img_size=\u00a0\u00bbfull\u00a0\u00bb onclick=\u00a0\u00bblink_image\u00a0\u00bb][\/vc_column][vc_column width=\u00a0\u00bb1\/2&Prime;][vc_single_image image=\u00a0\u00bb4484&Prime; img_size=\u00a0\u00bbfull\u00a0\u00bb onclick=\u00a0\u00bblink_image\u00a0\u00bb][\/vc_column][\/vc_row][vc_row][vc_column][vc_empty_space][vc_column_text]Les photographes d&rsquo;Abaca Corporate ont su allier technique, sensibilit\u00e9, discr\u00e9tion et r\u00e9activit\u00e9 pour ne rien louper de ces tournages.<\/p>\n<p>L&rsquo;agence de photo corporate travaille avec un pool de photographes d&rsquo;exp\u00e9rience qui savent s&rsquo;adapter et produire des photos de qualit\u00e9 quelles que soit les conditions de prises de vues.<\/p>\n<p>Vous aussi faites appel au professionalisme des \u00e9quipes d&rsquo;Abaca Corporate et demandez-nous un devis adapt\u00e9 \u00e0 votre projet photo.[\/vc_column_text][vc_empty_space][vc_single_image image=\u00a0\u00bb4488&Prime; img_size=\u00a0\u00bbfull\u00a0\u00bb][\/vc_column][\/vc_row]<\/p>\n<\/div>","protected":false},"excerpt":{"rendered":"<p>[vc_row][vc_column][vc_column_text] La cha\u00eene RMC Story lan\u00e7ait en avril dernier sa nouvelle \u00e9mission \u00ab\u00a0Les cancres\u00a0\u00bb, \u00e9mission durant laquelle des personnalit\u00e9s telles Gad Elmaleh, Black M ou encore Alexis Michalik partagent leur exp\u00e9rience avec des jeunes en difficult\u00e9 scolaire. Et c\u2019est l\u2019expertise [&hellip;]<\/p>\n","protected":false},"author":4,"featured_media":4490,"comment_status":"closed","ping_status":"closed","sticky":false,"template":"","format":"standard","meta":{"footnotes":""},"categories":[140],"tags":[],"class_list":["post-4473","post","type-post","status-publish","format-standard","has-post-thumbnail","hentry","category-reportage"],"_links":{"self":[{"href":"https:\/\/abacapress.com\/corporate\/wp-json\/wp\/v2\/posts\/4473","targetHints":{"allow":["GET"]}}],"collection":[{"href":"https:\/\/abacapress.com\/corporate\/wp-json\/wp\/v2\/posts"}],"about":[{"href":"https:\/\/abacapress.com\/corporate\/wp-json\/wp\/v2\/types\/post"}],"author":[{"embeddable":true,"href":"https:\/\/abacapress.com\/corporate\/wp-json\/wp\/v2\/users\/4"}],"replies":[{"embeddable":true,"href":"https:\/\/abacapress.com\/corporate\/wp-json\/wp\/v2\/comments?post=4473"}],"version-history":[{"count":0,"href":"https:\/\/abacapress.com\/corporate\/wp-json\/wp\/v2\/posts\/4473\/revisions"}],"wp:featuredmedia":[{"embeddable":true,"href":"https:\/\/abacapress.com\/corporate\/wp-json\/wp\/v2\/media\/4490"}],"wp:attachment":[{"href":"https:\/\/abacapress.com\/corporate\/wp-json\/wp\/v2\/media?parent=4473"}],"wp:term":[{"taxonomy":"category","embeddable":true,"href":"https:\/\/abacapress.com\/corporate\/wp-json\/wp\/v2\/categories?post=4473"},{"taxonomy":"post_tag","embeddable":true,"href":"https:\/\/abacapress.com\/corporate\/wp-json\/wp\/v2\/tags?post=4473"}],"curies":[{"name":"wp","href":"https:\/\/api.w.org\/{rel}","templated":true}]}}