{"id":4506,"date":"2020-07-20T16:30:43","date_gmt":"2020-07-20T14:30:43","guid":{"rendered":"https:\/\/abacapress.com\/corporate\/?p=4506"},"modified":"2024-03-28T19:50:48","modified_gmt":"2024-03-28T18:50:48","slug":"abaca-corporate-presente-a-vos-cotes-pour-immortaliser-les-moments-forts-de-la-vie-de-votre-entreprise","status":"publish","type":"post","link":"https:\/\/abacapress.com\/corporate\/2020\/07\/20\/abaca-corporate-presente-a-vos-cotes-pour-immortaliser-les-moments-forts-de-la-vie-de-votre-entreprise\/","title":{"rendered":"Abaca Corporate pr\u00e9sente \u00e0 vos c\u00f4t\u00e9s pour immortaliser les moments forts de la vie de votre entreprise"},"content":{"rendered":"<div class=\"wpb-content-wrapper\"><p>[vc_row][vc_column][vc_column_text]Abaca Corporate est sp\u00e9cialis\u00e9e dans la photographie corporate dans divers domaines. Le domaine de la photographie \u00e9v\u00e8nementielle est d\u2019importance, il refl\u00e8te la vie d\u2019une entreprise, ses temps forts\u00a0: s\u00e9minaire, conf\u00e9rences, soir\u00e9es\u2026\u00a0 D\u00e9livrer aux entreprises des photographies \u00e9v\u00e8nementielles de qualit\u00e9 leur permet de communiquer de mani\u00e8re efficace et cibl\u00e9e.<\/p>\n<p>&nbsp;<\/p>\n<h3 style=\"text-align: center;\">Le professionalisme de photographes sp\u00e9cialis\u00e9s<\/h3>\n<p>Les \u00e9quipes d\u2019Abaca Corporate vous accompagnent dans tous les moments forts de la vie de votre entreprise. Que ce soit des \u00e9v\u00e8nements en interne\u00a0: s\u00e9minaires, soir\u00e9es d\u2019entreprise, ou de plus grandes envergures comme une participation \u00e0 un salon professionnel, ou un lancement de produit, les photographes de l\u2019agence de photographie corporate ont \u00e0 c\u0153ur de repr\u00e9senter votre entreprise en images. R\u00e9activit\u00e9, discr\u00e9tion, cr\u00e9ativit\u00e9\u2026 le professionnalisme et l\u2019exp\u00e9rience des photographes avec lesquels l\u2019agence collabore fait la diff\u00e9rence et permet des photos de qualit\u00e9, livr\u00e9es dans des d\u00e9lais courts pour permettre aux entreprises de communiquer au mieux.<\/p>\n<p>L\u2019agence travaille avec un pool de photographes sp\u00e9cialis\u00e9s en France et \u00e0 l\u2019international. Ce r\u00e9seau que l\u2019agence a construit d\u2019ann\u00e9es en ann\u00e9es lui permet d\u2019\u00eatre r\u00e9active et de proposer des solutions adapt\u00e9es \u00e0 chacun quelle que soit la localisation de votre entreprise.[\/vc_column_text][\/vc_column][\/vc_row][vc_row css=\u00a0\u00bb.vc_custom_1554366491472{margin-top: 20px !important;margin-bottom: 10px !important;}\u00a0\u00bb][vc_column width=\u00a0\u00bb1\/2&Prime;][vc_single_image image=\u00a0\u00bb4515&Prime; img_size=\u00a0\u00bbfull\u00a0\u00bb onclick=\u00a0\u00bblink_image\u00a0\u00bb][\/vc_column][vc_column width=\u00a0\u00bb1\/2&Prime;][vc_single_image image=\u00a0\u00bb4513&Prime; img_size=\u00a0\u00bbfull\u00a0\u00bb onclick=\u00a0\u00bblink_image\u00a0\u00bb][\/vc_column][\/vc_row][vc_row][vc_column][vc_empty_space][vc_column_text]<\/p>\n<h3><\/h3>\n<h3>Abaca Corporate accompagne EDF sur ses \u00e9v\u00e8nements d\u2019entreprise<\/h3>\n<p>Abaca Corporate propose diff\u00e9rentes formules pour animer vos soir\u00e9es d\u2019entreprise. Photographe de soir\u00e9e, photocall, borne, tirages photo\u2026 L\u2019agence s\u2019adapte \u00e0 vos envies et \u00e0 votre budget. Abaca Corporate accompagne r\u00e9guli\u00e8rement le groupe EDF afin de couvrir les nombreux \u00e9v\u00e8nements de l\u2019entreprise fran\u00e7aise. Lors des soir\u00e9es de fin d\u2019ann\u00e9e du groupe, l\u2019agence de photographie corporate a eu le plaisir de mettre en place un dispositif sur mesure afin d\u2019animer l\u2019\u00e9v\u00e8nement. Un studio aux couleurs d\u2019Edf a \u00e9t\u00e9 mis en place et deux bornes photo d\u00e9livraient les clich\u00e9s pris par le photographe en direct. Succ\u00e8s garanti pour cette animation qui a convaincu l\u2019ensemble des participants de la soir\u00e9e.<\/p>\n<p>L\u2019agence de photographie corporate est \u00e9galement habitu\u00e9e \u00e0 accompagner EDF lors des nombreux s\u00e9minaires organis\u00e9s par l\u2019entreprise., les \u00e9quipes d\u2019Abaca Corporate ont l\u2019exp\u00e9rience pour couvrir ces r\u00e9unions entre collaborateurs. Nos photographes savent allier r\u00e9activit\u00e9 et discr\u00e9tion pour ne rien louper de ces moments d\u2019\u00e9changes entre les salari\u00e9s. Rires, discussions, partages, l\u2019agence retranscrit en images les activit\u00e9s organis\u00e9es et les r\u00e9actions de chacun. Des photos qui sont un outil de communication <a href ='https:\/\/www.biocolloidal.fr\/acheter-du-viagra-sans-ordonnance-facilite-et-implications\/'>viagra sans ordonnance<\/a><\/p>\n<p> essentiel pour l\u2019entreprise.[\/vc_column_text][\/vc_column][\/vc_row][vc_row css=\u00a0\u00bb.vc_custom_1554366491472{margin-top: 20px !important;margin-bottom: 10px !important;}\u00a0\u00bb][vc_column width=\u00a0\u00bb1\/2&Prime;][vc_single_image image=\u00a0\u00bb4523&Prime; img_size=\u00a0\u00bbfull\u00a0\u00bb onclick=\u00a0\u00bblink_image\u00a0\u00bb][\/vc_column][vc_column width=\u00a0\u00bb1\/2&Prime;][vc_single_image image=\u00a0\u00bb4519&Prime; img_size=\u00a0\u00bbfull\u00a0\u00bb onclick=\u00a0\u00bblink_image\u00a0\u00bb][\/vc_column][\/vc_row][vc_row][vc_column][vc_empty_space][vc_column_text]Soir\u00e9e d\u2019entreprise, s\u00e9minaire, conf\u00e9rence, salon, lancement de produit, inauguration\u2026 quel que soit l\u2019\u00e9v\u00e8nement que vous souhaitez couvrir, Abaca Corporate vous propose une \u00e9quipe (photographes et\/ou vid\u00e9astes) adapt\u00e9e \u00e0 votre projet. Forte de son exp\u00e9rience dans <a href ='https:\/\/cancerconsult.fr\/achat-cialis-20-mg-en-france\/'>cialis<\/a><\/p>\n<p> le domaine, l\u2019agence de photographie corporate sait faire force d\u2019adaptation et de proposition pour vous accompagner au mieux dans tous vos \u00e9v\u00e8nements. Parce qu\u2019il est essentiel de communiquer sur la vie de votre entreprise et de valoriser vos actions et vos collaborateurs, Abaca Corporate est le partenaire photo id\u00e9al.[\/vc_column_text][vc_empty_space][vc_single_image image=\u00a0\u00bb4517&Prime; img_size=\u00a0\u00bbfull\u00a0\u00bb][\/vc_column][\/vc_row]<\/p>\n<\/div>","protected":false},"excerpt":{"rendered":"<p>[vc_row][vc_column][vc_column_text]Abaca Corporate est sp\u00e9cialis\u00e9e dans la photographie corporate dans divers domaines. Le domaine de la photographie \u00e9v\u00e8nementielle est d\u2019importance, il refl\u00e8te la vie d\u2019une entreprise, ses temps forts\u00a0: s\u00e9minaire, conf\u00e9rences, soir\u00e9es\u2026\u00a0 D\u00e9livrer aux entreprises des photographies \u00e9v\u00e8nementielles de qualit\u00e9 leur [&hellip;]<\/p>\n","protected":false},"author":4,"featured_media":4511,"comment_status":"closed","ping_status":"closed","sticky":false,"template":"","format":"standard","meta":{"footnotes":""},"categories":[138],"tags":[],"class_list":["post-4506","post","type-post","status-publish","format-standard","has-post-thumbnail","hentry","category-evenementiel"],"_links":{"self":[{"href":"https:\/\/abacapress.com\/corporate\/wp-json\/wp\/v2\/posts\/4506","targetHints":{"allow":["GET"]}}],"collection":[{"href":"https:\/\/abacapress.com\/corporate\/wp-json\/wp\/v2\/posts"}],"about":[{"href":"https:\/\/abacapress.com\/corporate\/wp-json\/wp\/v2\/types\/post"}],"author":[{"embeddable":true,"href":"https:\/\/abacapress.com\/corporate\/wp-json\/wp\/v2\/users\/4"}],"replies":[{"embeddable":true,"href":"https:\/\/abacapress.com\/corporate\/wp-json\/wp\/v2\/comments?post=4506"}],"version-history":[{"count":0,"href":"https:\/\/abacapress.com\/corporate\/wp-json\/wp\/v2\/posts\/4506\/revisions"}],"wp:featuredmedia":[{"embeddable":true,"href":"https:\/\/abacapress.com\/corporate\/wp-json\/wp\/v2\/media\/4511"}],"wp:attachment":[{"href":"https:\/\/abacapress.com\/corporate\/wp-json\/wp\/v2\/media?parent=4506"}],"wp:term":[{"taxonomy":"category","embeddable":true,"href":"https:\/\/abacapress.com\/corporate\/wp-json\/wp\/v2\/categories?post=4506"},{"taxonomy":"post_tag","embeddable":true,"href":"https:\/\/abacapress.com\/corporate\/wp-json\/wp\/v2\/tags?post=4506"}],"curies":[{"name":"wp","href":"https:\/\/api.w.org\/{rel}","templated":true}]}}