{"id":4715,"date":"2021-04-13T10:35:14","date_gmt":"2021-04-13T08:35:14","guid":{"rendered":"https:\/\/abacapress.com\/corporate\/?p=4715"},"modified":"2021-04-13T10:35:14","modified_gmt":"2021-04-13T08:35:14","slug":"interview-croisee-abaca-corporate-x-studio-le-carre","status":"publish","type":"post","link":"https:\/\/abacapress.com\/corporate\/2021\/04\/13\/interview-croisee-abaca-corporate-x-studio-le-carre\/","title":{"rendered":"Interview crois\u00e9e Abaca Corporate x Studio Le Carr\u00e9"},"content":{"rendered":"<div class=\"wpb-content-wrapper\"><p>[vc_row][vc_column][vc_column_text]Rencontre virtuelle (covid oblige) entre Marc Selle, directeur du service corporate de l\u2019agence de photographie Abaca et Etienne Ruggeri directeur de l\u2019agence Studio Le Carr\u00e9.<\/p>\n<p>&nbsp;<\/p>\n<h3 style=\"text-align: center;\"><em>Depuis combien de temps vous connaissez-vous\u00a0?<\/em><\/h3>\n<h3 style=\"text-align: center;\"><em>\u00a0<\/em><\/h3>\n<p><strong>Marc<\/strong>\u00a0: Nous nous sommes rencontr\u00e9s en 2014, l\u2019agence Abaca travaillait d\u00e9j\u00e0 avec le groupe <a href=\"https:\/\/all.accor.com\/france\/index.fr.shtml?utm_term=mar&amp;gclid=Cj0KCQjw38-DBhDpARIsADJ3kjlX8MBn83QPcQuP2qqJx7NnA8_4aJ0tq3L00tnLJaT4_rdMTrCkFEMaAoFKEALw_wcB&amp;utm_campaign=ppc-ach-mar-goo-fr-fr-exa-sear-aw-ce&amp;utm_medium=cpc&amp;utm_source=google&amp;utm_content=fr-fr-ALL-ALL\">Accorhotels<\/a> et recherchait de nouveaux photographes pour travailler sur le brief photographique de la marque <a href=\"https:\/\/novotel.accor.com\/fr\/france\/index.shtml\">Novotel.<\/a> C\u2019\u00e9tait un brief qui \u00e9tait assez compliqu\u00e9 \u00e0 aborder photographiquement. Il fallait une solide maitrise technique et savoir faire des photos d\u2019archi et des photos lifestyle.<\/p>\n<p><strong>Etienne<\/strong>\u00a0: A l\u2018\u00e9poque je faisais tr\u00e8s peu de photos d\u2019h\u00f4tellerie mais c\u2019est un domaine qui m\u2019int\u00e9ressait beaucoup. C\u2019\u00e9tait un brief qui me correspondait parfaitement. J\u2019adore les contraintes de ce genre de brief, et travailler le comportement de la lumi\u00e8re m\u2019int\u00e9resse beaucoup. Le brief correspondait \u00e0 100% \u00e0 ce que l\u2019on aimait faire au Studio Le Carr\u00e9.[\/vc_column_text][\/vc_column][\/vc_row][vc_row css=\u00a0\u00bb.vc_custom_1554366491472{margin-top: 20px !important;margin-bottom: 10px !important;}\u00a0\u00bb][vc_column width=\u00a0\u00bb1\/2&Prime;][vc_single_image image=\u00a0\u00bb4729&Prime; img_size=\u00a0\u00bbfull\u00a0\u00bb onclick=\u00a0\u00bblink_image\u00a0\u00bb][\/vc_column][vc_column width=\u00a0\u00bb1\/2&Prime;][vc_single_image image=\u00a0\u00bb4727&Prime; img_size=\u00a0\u00bbfull\u00a0\u00bb onclick=\u00a0\u00bblink_image\u00a0\u00bb][\/vc_column][\/vc_row][vc_row][vc_column][vc_empty_space][vc_column_text]<\/p>\n<h3><\/h3>\n<h3 style=\"text-align: center;\"><em>Qu\u2019est-ce qui vous rapproche ?<\/em><\/h3>\n<p><strong>Marc<\/strong>\u00a0: Une vision commune de notre m\u00e9tier\u00a0! La question du relationnel est importante, ce petit plus qui fait que \u00e7a fonctionne et que l\u2019on se comprend tout de suite. C\u2019est pour nous un gage de rapidit\u00e9 et de service vis-\u00e0-vis du client. C\u2019est essentiel de travailler avec des photographes de confiance car ils sont le relais d\u2019Abaca Corporate sur le shooting. Etienne a su facilement se mettre \u00e0 notre place et comprendre nos enjeux et nos probl\u00e9matiques. Entre agences on a su se comprendre.<\/p>\n<p><strong>Etienne<\/strong>\u00a0: Oui je suis photographe mais je suis aussi directeur d\u2019un studio photo donc j\u2019ai su comprendre votre probl\u00e9matique de devoir travailler selon des cahiers des charges stricts et de l\u2019attitude \u00e0 avoir face au client.<\/p>\n<p><strong>Marc<\/strong>\u00a0: C\u2019est un aspect essentiel dans notre relation, avoir cette confiance. \u00a0On a trouv\u00e9 avec votre agence de multiples comp\u00e9tences autant relationnelles que techniques. R\u00e9ussir \u00e0 trouver un photographe qui est capable de faire de la photo d&rsquo;architecture, des portraits, et du culinaire ce n\u2019est pas \u00e9vident. La complexit\u00e9 du travail demand\u00e9 parfois n\u00e9cessite d\u2019\u00eatre comp\u00e9tent sur plusieurs plans.\u00a0 Et vous avez \u00e9galement une vraie force d\u2019adaptation.<\/p>\n<p><strong>Etienne<\/strong>\u00a0: Au Studio Le Carr\u00e9 on travaille beaucoup en \u00e9v\u00e8nementiel entreprise et cela nous a donn\u00e9 l\u2019habitude d\u2019\u00eatre r\u00e9actifs et de toujours savoir rebondir face aux impr\u00e9vus. Un reportage photo m\u00eame si on le pr\u00e9pare bien tout ne se passe pas toujours comme pr\u00e9vu.[\/vc_column_text][\/vc_column][\/vc_row][vc_row css=\u00a0\u00bb.vc_custom_1554366491472{margin-top: 20px !important;margin-bottom: 10px !important;}\u00a0\u00bb][vc_column width=\u00a0\u00bb1\/2&Prime;][vc_single_image image=\u00a0\u00bb4723&Prime; img_size=\u00a0\u00bbfull\u00a0\u00bb onclick=\u00a0\u00bblink_image\u00a0\u00bb][\/vc_column][vc_column width=\u00a0\u00bb1\/2&Prime;][vc_single_image image=\u00a0\u00bb4721&Prime; img_size=\u00a0\u00bbfull\u00a0\u00bb onclick=\u00a0\u00bblink_image\u00a0\u00bb][\/vc_column][\/vc_row][vc_row][vc_column][vc_empty_space][vc_column_text]<\/p>\n<h3><\/h3>\n<h3 style=\"text-align: center;\"><em>Quel regard portez-vous sur l\u2019\u00e9volution du m\u00e9tier ces 10 derni\u00e8res ann\u00e9es\u00a0?<\/em><i><\/i><\/h3>\n<p><strong>Etienne<\/strong>\u00a0: l\u2019appareil photo s\u2019est transform\u00e9 en t\u00e9l\u00e9phone pour beaucoup, aujourd\u2019hui tout le monde est photographe, l\u2019accessibilit\u00e9 \u00e0 la qualit\u00e9 est beaucoup plus facile qu\u2019avant. En tant que professionnel on doit proposer une qualit\u00e9 toujours plus grande et prendre le pas sur les personnes qui ne sont photographes, et cela avec un tarif\u00a0 attractif. Le d\u00e9fi est l\u00e0.<\/p>\n<p><strong>Marc<\/strong>\u00a0: effectivement je voulais ajouter aussi le nombre d\u2019acteurs toujours croissant dans notre m\u00e9tier qui nous pousse \u00e0 nous upgrader constamment sur de la technique, la qualit\u00e9, le service. De nouveaux acteurs sont \u00e9galement apparus, avec des offres low cost et un service \u00ab\u00a0d\u2019ub\u00e9risation\u00a0\u00bb de la photo. \u00c0 nous, face \u00e0 ces agences, de nous positionner de mani\u00e8re diff\u00e9rente sur le secteur de la photo, garder une qualit\u00e9 et un service qui ne peut \u00eatre \u00e9gal\u00e9. Cela nous pousse \u00e0 renforcer notre positionnement, c\u2019est-\u00e0-dire la qualit\u00e9, le luxe \u00e0 un prix abordable. Mettre en avant nos photographes et notre savoir-faire, se pr\u00e9senter comme des artisans de l&rsquo;image.[\/vc_column_text][\/vc_column][\/vc_row][vc_row css=\u00a0\u00bb.vc_custom_1554366491472{margin-top: 20px !important;margin-bottom: 10px !important;}\u00a0\u00bb][vc_column width=\u00a0\u00bb1\/2&Prime;][vc_single_image image=\u00a0\u00bb4737&Prime; img_size=\u00a0\u00bbfull\u00a0\u00bb onclick=\u00a0\u00bblink_image\u00a0\u00bb][\/vc_column][vc_column width=\u00a0\u00bb1\/2&Prime;][vc_single_image image=\u00a0\u00bb4739&Prime; img_size=\u00a0\u00bbfull\u00a0\u00bb onclick=\u00a0\u00bblink_image\u00a0\u00bb][\/vc_column][\/vc_row][vc_row][vc_column][vc_empty_space][vc_column_text]<\/p>\n<h3><\/h3>\n<h3 style=\"text-align: center;\"><em>En quoi la photo d\u2019entreprise est un challenge ?<\/em><i><\/i><\/h3>\n<p><strong>Etienne<\/strong>\u00a0: Photographier des personnes qui ont besoin de photos mais qui n\u2019ont pas forc\u00e9ment envie d\u2019\u00eatre pris en photo\u00a0! \u00a0Lorsque tu fais des portraits en entreprise, tu fais parfois face \u00e0 des personnes qui n\u2019ont pas l\u2019habitude et qui n\u2019aiment pas \u00eatre photographi\u00e9s. Notre boulot, c\u2019est de mettre \u00e0 l&rsquo;aise ces personnes et qu\u2019elles finissent la s\u00e9ance photo avec le sourire. Un autre d\u00e9fi de la photo en entreprise c\u2019est l\u2019environnement dans lequel on doit faire les photos. On travaille dans des lieux qui ne sont pas faits pour un shooting photo. On peut se retrouver dans des usines au milieu des gens qui travaillent. Il faut faire le reportage photo en \u00e9tant discret sans les g\u00eaner. Ou bien, on peut \u00eatre amen\u00e9 \u00e0 faire des portraits dans des bureaux avec un fond qui n\u2019est pas adapt\u00e9, il y a le petit bazar de chacun sur les bureaux et il faut transformer cela en fond photo esth\u00e9tique.<\/p>\n<p>En fait, faire de la photo en entreprise est un challenge \u00e0 part enti\u00e8re\u00a0! Tu es d\u00e9corateur, psychologue, tu dois savoir tout faire\u00a0! Et bien souvent le sourire fait beaucoup.[\/vc_column_text][\/vc_column][\/vc_row][vc_row css=\u00a0\u00bb.vc_custom_1554366491472{margin-top: 20px !important;margin-bottom: 10px !important;}\u00a0\u00bb][vc_column width=\u00a0\u00bb1\/2&Prime;][vc_single_image image=\u00a0\u00bb4725&Prime; img_size=\u00a0\u00bbfull\u00a0\u00bb onclick=\u00a0\u00bblink_image\u00a0\u00bb][\/vc_column][vc_column width=\u00a0\u00bb1\/2&Prime;][vc_single_image image=\u00a0\u00bb4719&Prime; img_size=\u00a0\u00bbfull\u00a0\u00bb onclick=\u00a0\u00bbcustom_link\u00a0\u00bb img_link_target=\u00a0\u00bb_blank\u00a0\u00bb link=\u00a0\u00bbhttps:\/\/all.accor.com\/hotel\/2949\/index.fr.shtml?utm_term=nom&amp;gclid=Cj0KCQjw38-DBhDpARIsADJ3kjnGfNgIwCTmeVu6pq1NptzFIJlsp8gfHN8fLUO3I541QCh0DF43AOMaAt4zEALw_wcB&amp;utm_campaign=ppc-mer-nom-goo-fr-fr-ly-exa-sear-bp&amp;utm_medium=cpc&amp;utm_content=fr-fr-FR-V2405&amp;utm_source=google\u00a0\u00bb][\/vc_column][\/vc_row][vc_row][vc_column][vc_empty_space][vc_column_text]<\/p>\n<h3><\/h3>\n<h3 style=\"text-align: center;\"><em>Racontez-nous un souvenir d\u2019un shooting commun<\/em><\/h3>\n<p><strong>Marc<\/strong>\u00a0: Les shootings ensemble sont nombreux\u00a0! C&rsquo;est difficile de n&rsquo;\u00e9voquer qu&rsquo;un souvenir ! Peut-\u00eatre que les plus marquants car un peu exceptionnels, ce sont les shootings que nous avons fait ensemble aux \u00c9mirats. Nous vous avions sollicit\u00e9 pour photographier 3 h\u00f4tels \u00e0 Fuja\u00efrah, <a href=\"https:\/\/www.adagio-city.com\/fr\/hotel-8639-aparthotel-adagio-fujairah\/index.shtml?q=Aparthotel%20Adagio%20Fujairah&amp;hotelDirectId=8639&amp;apartment%5B%5D=2%2C0%2C0%2C60742eb860245\">Adagio<\/a>, <a href=\"https:\/\/all.accor.com\/hotel\/6821\/index.fr.shtml?dateIn=&amp;nights=&amp;compositions=1&amp;stayplus=false#origin=novotel\">Ibis<\/a> et <a href=\"https:\/\/all.accor.com\/hotel\/6822\/index.fr.shtml?dateIn=&amp;nights=&amp;compositions=1&amp;stayplus=false#origin=novotel\">Novotel<\/a>.<\/p>\n<p><strong>Etienne<\/strong>\u00a0: Oui depuis 2014 on a l\u2019habitude d\u2019aller \u00e0 Duba\u00ef pour faire des prestations photo. Les \u00e9quipes d\u2019Abaca Corporate \u00e9taient au courant de notre pr\u00e9sence r\u00e9guli\u00e8re \u00e0 Duba\u00ef et nous ont propos\u00e9 les shootings des Novotel, ibis et Adagio Fuja\u00efrah.<\/p>\n<p>L\u00e0-bas les h\u00f4tels sont immenses, ils ont une dimension qu\u2019on ne voit pas en France. Nous avons fait 7 jours de mission. Ces shootings ont vraiment \u00e9t\u00e9 marquants. Les \u00e9quipes des h\u00f4tels \u00e9taient super, ils nous ont beaucoup aid\u00e9 et ont \u00e9t\u00e9 tr\u00e8s investis dans l\u2019organisation du shooting. Gr\u00e2ce \u00e0 eux les conditions de travail ont vraiment \u00e9t\u00e9 agr\u00e9able. La chaleur par contre a vraiment \u00e9t\u00e9 compliqu\u00e9e. Faire les photos de piscine en plein soleil par 40 degr\u00e9s par exemple, c\u2019\u00e9tait vraiment difficile. Tout le monde s\u2019imagine que le m\u00e9tier de photographe est cool car tu photographies des mannequins au bord d\u2019une piscine sauf que la r\u00e9alit\u00e9 c\u2019est qu\u2019il fait 40 degr\u00e9s et que tu travailles habill\u00e9, en plein soleil, et c\u2019est le mannequin qui sirote un cocktail pour le shooting, pas toi\u00a0![\/vc_column_text][\/vc_column][\/vc_row][vc_row css=\u00a0\u00bb.vc_custom_1554366491472{margin-top: 20px !important;margin-bottom: 10px !important;}\u00a0\u00bb][vc_column width=\u00a0\u00bb1\/2&Prime;][vc_single_image image=\u00a0\u00bb4735&Prime; img_size=\u00a0\u00bbfull\u00a0\u00bb onclick=\u00a0\u00bbcustom_link\u00a0\u00bb img_link_target=\u00a0\u00bb_blank\u00a0\u00bb link=\u00a0\u00bbhttps:\/\/all.accor.com\/hotel\/6821\/index.fr.shtml?dateIn=&amp;nights=&amp;compositions=1&amp;stayplus=false#origin=novotel\u00a0\u00bb][\/vc_column][vc_column width=\u00a0\u00bb1\/2&Prime;][vc_single_image image=\u00a0\u00bb4733&Prime; img_size=\u00a0\u00bbfull\u00a0\u00bb onclick=\u00a0\u00bbcustom_link\u00a0\u00bb img_link_target=\u00a0\u00bb_blank\u00a0\u00bb link=\u00a0\u00bbhttps:\/\/all.accor.com\/hotel\/6822\/index.fr.shtml?dateIn=&amp;nights=&amp;compositions=1&amp;stayplus=false#origin=novotel\u00a0\u00bb][\/vc_column][\/vc_row][vc_row][vc_column][vc_empty_space][vc_column_text]<\/p>\n<h3><\/h3>\n<h3 style=\"text-align: center;\"><em>Depuis un an nous vivons sous la coupe de l\u2019\u00e9pid\u00e9mie du Covid 19. \u00c7a a chang\u00e9 quoi\u00a0?<\/em><\/h3>\n<p style=\"text-align: left;\"><strong><em>\u00a0<\/em>Etienne<\/strong>\u00a0: Cette p\u00e9riode m\u2019a apport\u00e9 du temps car on est <a href=\"https:\/\/studiolecarre.com\/\">un studio photo<\/a> ouvert 7j\/7 et j\u2019ai pu cette derni\u00e8re ann\u00e9e consacrer mon temps \u00e0 d\u00e9velopper des id\u00e9es. J\u2019ai sans cesse envie de produire et de cr\u00e9er, le confinement m\u2019a donn\u00e9 du temps pour faire le tour de toutes les id\u00e9es que j\u2019avais de c\u00f4t\u00e9 afin de continuer \u00e0 construire le futur de Studio Le Carr\u00e9. Mais malgr\u00e9 tout c\u2019est une p\u00e9riode qui fait peur\u2026 Quand on est chef d\u2019entreprise et que l\u2019on voit son chiffre d\u2019affaires diminuer car tout s\u2019arr\u00eate c\u2019est inqui\u00e9tant.<\/p>\n<p>On a perdu beaucoup de prestations en \u00e9v\u00e8nementiel entreprise. On esp\u00e8re que dans les prochains mois on va \u00eatre sollicit\u00e9 pour des \u00e9v\u00e8nements plus petits. Les entreprises vont avoir besoin d\u2019organiser des choses pour ressouder les \u00e9quipes et constituer du lien m\u00eame si elles ont moins de moyens financiers.<\/p>\n<p>&nbsp;<\/p>\n<p><strong>Marc<\/strong>\u00a0: Je pense que cela va \u00eatre encore compliqu\u00e9 pendant une ann\u00e9e, jusqu\u2019\u00e0 l\u2019adoption des nouveaux budgets. Je suis d\u2019accord sur le fait que les gens vont avoir besoin de ressouder les relations au sein des entreprises. A cause de cette crise sanitaire, il y a \u00e9galement un ph\u00e9nom\u00e8ne in\u00e9dit de personnes qui ont \u00e9t\u00e9 embauch\u00e9es mais qui n\u2019ont jamais travaill\u00e9 en pr\u00e9sentiel. Ce sont \u00e9galement de nouvelles personnes qu\u2019il faudra photographier quand ils int\u00e9greront physiquement leur entreprise.<\/p>\n<p>Chez Abaca durant cette derni\u00e8re ann\u00e9e il a fallu se r\u00e9inventer et approfondir certains aspects de notre fonctionnement. Nous en avons profit\u00e9 pour r\u00e9fl\u00e9chir \u00e0 notre communication digitale, nous avons accentu\u00e9 notre pr\u00e9sence sur les r\u00e9seaux sociaux. Dans cette p\u00e9riode de t\u00e9l\u00e9travail il faut faire attention \u00e0 garder le contact avec nos clients malgr\u00e9 la distance.[\/vc_column_text][\/vc_column][\/vc_row][vc_row css=\u00a0\u00bb.vc_custom_1554366491472{margin-top: 20px !important;margin-bottom: 10px !important;}\u00a0\u00bb][vc_column width=\u00a0\u00bb1\/2&Prime;][vc_single_image image=\u00a0\u00bb4743&Prime; img_size=\u00a0\u00bbfull\u00a0\u00bb onclick=\u00a0\u00bblink_image\u00a0\u00bb][\/vc_column][vc_column width=\u00a0\u00bb1\/2&Prime;][vc_single_image image=\u00a0\u00bb4741&Prime; img_size=\u00a0\u00bbfull\u00a0\u00bb onclick=\u00a0\u00bblink_image\u00a0\u00bb][\/vc_column][\/vc_row][vc_row][vc_column][vc_empty_space][vc_column_text]<\/p>\n<h3 style=\"text-align: center;\"><em>Si vous deviez d\u00e9finir votre m\u00e9tier en 3 mots\u00a0?<\/em><\/h3>\n<p><strong>Marc<\/strong> : Service, service, et qualit\u00e9 !<\/p>\n<p><strong>Etienne<\/strong> : Originalit\u00e9 qualit\u00e9 et sourire<\/p>\n<p>[\/vc_column_text][\/vc_column][\/vc_row][vc_row][vc_column][vc_empty_space][vc_column_text]<\/p>\n<h3 style=\"text-align: center;\"><em>Quels sont vos prochains projets\u00a0 ?<\/em><\/h3>\n<p><strong>Marc<\/strong> : Nous cherchons \u00e0 d\u00e9velopper la <a href=\"https:\/\/abacapress.com\/corporate\/portfolio-item\/photographie-culinaire\/\">photographie culinaire<\/a>. C&rsquo;est un domaine de la photographie assez technique qui demande une vraie maitrise. Nous avons organis\u00e9 de beaux projets avec la marque <a href=\"https:\/\/abacapress.com\/corporate\/2020\/05\/04\/abaca-corporate-et-m6-collaborent-pour-la-marque-mercure-2\/\">Mercure et M6 Digital.<\/a> Nous avons photographi\u00e9 des chefs cuisiniers et valoris\u00e9 leur savoir-faire. C&rsquo;est un aspect de la photographie en entreprise qui nous tient \u00e0 coeur, raconter et valoriser par l&rsquo;image un savoir-faire.<\/p>\n<p><strong>Etienne<\/strong> : Au Studio Le Carr\u00e9, nous avons entam\u00e9 un travail en collaboration avec des marques de la grande distribution qui souhaitent valoriser les producteurs locaux . Dans ce contexte actuel, on a besoin de r\u00e9tablir de la proximit\u00e9 car nous sommes tous en manque de contact humain. Notre travail photographique y contribue. La photo capte l&rsquo;attention, elle suscite l&rsquo;\u00e9motion. Elle permet de raconter des histoires.[\/vc_column_text][\/vc_column][\/vc_row][vc_row css=\u00a0\u00bb.vc_custom_1554366491472{margin-top: 20px !important;margin-bottom: 10px !important;}\u00a0\u00bb][vc_column width=\u00a0\u00bb1\/2&Prime;][vc_single_image image=\u00a0\u00bb4750&Prime; img_size=\u00a0\u00bbfull\u00a0\u00bb onclick=\u00a0\u00bbcustom_link\u00a0\u00bb img_link_target=\u00a0\u00bb_blank\u00a0\u00bb link=\u00a0\u00bbhttps:\/\/all.accor.com\/hotel\/1535\/index.fr.shtml?dateIn=&amp;nights=&amp;compositions=1&amp;stayplus=false#origin=mercure\u00a0\u00bb][\/vc_column][vc_column width=\u00a0\u00bb1\/2&Prime;][vc_single_image image=\u00a0\u00bb4748&Prime; img_size=\u00a0\u00bbfull\u00a0\u00bb onclick=\u00a0\u00bblink_image\u00a0\u00bb][\/vc_column][\/vc_row][vc_row][vc_column][vc_empty_space][vc_separator color=\u00a0\u00bbjuicy_pink\u00a0\u00bb border_width=\u00a0\u00bb3&Prime; el_width=\u00a0\u00bb10&Prime;][vc_empty_space][vc_column_text]L&rsquo;ensemble des \u00e9quipes d&rsquo;Abaca Corporate restent mobilis\u00e9es et pr\u00eates \u00e0 organiser vos shootings photo dans le respect des r\u00e8gles sanitaires.<\/p>\n<p>Vous aussi faites appel au professionalisme d\u2019Abaca Corporate et demandez-nous un devis adapt\u00e9 \u00e0 votre projet photo.<\/p>\n<p>https:\/\/abacapress.com\/[\/vc_column_text][\/vc_column][\/vc_row]<\/p>\n<\/div>","protected":false},"excerpt":{"rendered":"<p>[vc_row][vc_column][vc_column_text]Rencontre virtuelle (covid oblige) entre Marc Selle, directeur du service corporate de l\u2019agence de photographie Abaca et Etienne Ruggeri directeur de l\u2019agence Studio Le Carr\u00e9. &nbsp; Depuis combien de temps vous connaissez-vous\u00a0? \u00a0 Marc\u00a0: Nous nous sommes rencontr\u00e9s en 2014, [&hellip;]<\/p>\n","protected":false},"author":4,"featured_media":4717,"comment_status":"closed","ping_status":"closed","sticky":false,"template":"","format":"standard","meta":{"footnotes":""},"categories":[139],"tags":[],"class_list":["post-4715","post","type-post","status-publish","format-standard","has-post-thumbnail","hentry","category-hotellerie-et-decoration"],"_links":{"self":[{"href":"https:\/\/abacapress.com\/corporate\/wp-json\/wp\/v2\/posts\/4715","targetHints":{"allow":["GET"]}}],"collection":[{"href":"https:\/\/abacapress.com\/corporate\/wp-json\/wp\/v2\/posts"}],"about":[{"href":"https:\/\/abacapress.com\/corporate\/wp-json\/wp\/v2\/types\/post"}],"author":[{"embeddable":true,"href":"https:\/\/abacapress.com\/corporate\/wp-json\/wp\/v2\/users\/4"}],"replies":[{"embeddable":true,"href":"https:\/\/abacapress.com\/corporate\/wp-json\/wp\/v2\/comments?post=4715"}],"version-history":[{"count":0,"href":"https:\/\/abacapress.com\/corporate\/wp-json\/wp\/v2\/posts\/4715\/revisions"}],"wp:featuredmedia":[{"embeddable":true,"href":"https:\/\/abacapress.com\/corporate\/wp-json\/wp\/v2\/media\/4717"}],"wp:attachment":[{"href":"https:\/\/abacapress.com\/corporate\/wp-json\/wp\/v2\/media?parent=4715"}],"wp:term":[{"taxonomy":"category","embeddable":true,"href":"https:\/\/abacapress.com\/corporate\/wp-json\/wp\/v2\/categories?post=4715"},{"taxonomy":"post_tag","embeddable":true,"href":"https:\/\/abacapress.com\/corporate\/wp-json\/wp\/v2\/tags?post=4715"}],"curies":[{"name":"wp","href":"https:\/\/api.w.org\/{rel}","templated":true}]}}