{"id":4761,"date":"2021-05-18T16:49:34","date_gmt":"2021-05-18T14:49:34","guid":{"rendered":"https:\/\/abacapress.com\/corporate\/?p=4761"},"modified":"2021-05-18T16:50:45","modified_gmt":"2021-05-18T14:50:45","slug":"rencontre-avec-cyril-chauvin-photographe-corporate","status":"publish","type":"post","link":"https:\/\/abacapress.com\/corporate\/2021\/05\/18\/rencontre-avec-cyril-chauvin-photographe-corporate\/","title":{"rendered":"Rencontre avec Cyril Chauvin, photographe corporate"},"content":{"rendered":"<div class=\"wpb-content-wrapper\"><p>[vc_row][vc_column][vc_column_text]Cette semaine, on est all\u00e9 \u00e0 la rencontre de Cyril Chauvin, photographe et vid\u00e9aste professionnel bas\u00e9 dans le Sud de la France et avec lequel Abaca Corporate collabore depuis plusieurs ann\u00e9es. Photographe en entreprise et portraitiste de talent, il a accept\u00e9 de r\u00e9pondre \u00e0 nos questions. Entre anecdotes racont\u00e9es avec humour et confessions, d\u00e9couvrez un photographe touche \u00e0 tout qui fourmille d\u2019id\u00e9es et de cr\u00e9ativit\u00e9.<\/p>\n<p>&nbsp;<\/p>\n<p>&nbsp;<\/p>\n<h3><em><strong>Pr\u00e9sente-toi<\/strong><\/em><\/h3>\n<p>&nbsp;<\/p>\n<p>Je m\u2019appelle Cyril Chauvin, je suis photographe bas\u00e9 dans le sud de la France depuis 2003. J\u2019avais avant une maison d\u2019\u00e9dition de livres d\u2019art, lorsque j&rsquo;ai arr\u00eat\u00e9 mon activit\u00e9 je ne savais pas quoi faire. Mon p\u00e8re m\u2019avait appris son m\u00e9tier de photographe d\u2019architecture et de d\u00e9coration int\u00e9rieure, il photographiait des h\u00f4tels. Je suis donc devenu photographe et j\u2019ai commenc\u00e9 par des photos d\u2019h\u00f4tels puisque c\u2019est ce que je savais faire. J\u2019ai ensuite travaill\u00e9 comme photographe de mode, mais je ne me suis pas senti \u00e0 l\u2019aise dans ce milieu. Je me suis donc finalement orient\u00e9 vers la photographie d\u2019entreprise, les portraits. Je fais \u00e9galement de la vid\u00e9o\u00a0; au d\u00e9part je voulais faire de la musique, la vid\u00e9o m\u2019a donc permis de renouer avec le son.[\/vc_column_text][vc_empty_space][\/vc_column][\/vc_row][vc_row css=\u00a0\u00bb.vc_custom_1554366491472{margin-top: 20px !important;margin-bottom: 10px !important;}\u00a0\u00bb][vc_column width=\u00a0\u00bb1\/2&Prime;][vc_single_image image=\u00a0\u00bb4774&Prime; img_size=\u00a0\u00bbfull\u00a0\u00bb onclick=\u00a0\u00bblink_image\u00a0\u00bb][\/vc_column][vc_column width=\u00a0\u00bb1\/2&Prime;][vc_single_image image=\u00a0\u00bb4776&Prime; img_size=\u00a0\u00bbfull\u00a0\u00bb onclick=\u00a0\u00bblink_image\u00a0\u00bb][\/vc_column][\/vc_row][vc_row][vc_column][vc_empty_space][vc_column_text]<\/p>\n<h3><em><strong>Argentique ou num\u00e9rique\u00a0?<\/strong><\/em><\/h3>\n<p>&nbsp;<\/p>\n<p>Num\u00e9rique par la force des choses, c\u2019est impossible de travailler aujourd\u2019hui autrement faute de temps.<\/p>\n<p>Quand je travaillais en argentique j\u2019aimais ce temps d\u2019attente, quand on allait au labo et qu\u2019on attendait nos planches contact.<\/p>\n<p>Aujourd\u2019hui nous vivons dans une soci\u00e9t\u00e9 o\u00f9 tout doit aller vite.<\/p>\n<p>&nbsp;<\/p>\n<h3><em><strong>Lumi\u00e8re naturelle ou artificielle\u00a0?<\/strong><\/em><\/h3>\n<p>&nbsp;<\/p>\n<p>Lumi\u00e8re naturelle tant que je peux. La lumi\u00e8re artificielle vient pour souligner la naturelle. Dans mon travail, c\u2019est rare que la lumi\u00e8re artificielle prenne le pas sur la lumi\u00e8re naturelle.[\/vc_column_text][\/vc_column][\/vc_row][vc_row][vc_column][vc_empty_space][vc_column_text]<\/p>\n<h3><\/h3>\n<h3><em><strong>Couleur ou Noir &amp; Blanc\u00a0?<\/strong><\/em><\/h3>\n<p>&nbsp;<\/p>\n<p>J\u2019aime les 2. On me demande rarement du Noir et Blanc mais j\u2019en fait dans mon travail personnel. Mon go\u00fbt va vers le Noir et Blanc, mais mon art va vers la couleur. Je travaille plus facilement en couleur.[\/vc_column_text][vc_empty_space][\/vc_column][\/vc_row][vc_row css=\u00a0\u00bb.vc_custom_1554366491472{margin-top: 20px !important;margin-bottom: 10px !important;}\u00a0\u00bb][vc_column width=\u00a0\u00bb1\/2&Prime;][vc_single_image image=\u00a0\u00bb4770&Prime; img_size=\u00a0\u00bbfull\u00a0\u00bb onclick=\u00a0\u00bblink_image\u00a0\u00bb][\/vc_column][vc_column width=\u00a0\u00bb1\/2&Prime;][vc_single_image image=\u00a0\u00bb4772&Prime; img_size=\u00a0\u00bbfull\u00a0\u00bb onclick=\u00a0\u00bblink_image\u00a0\u00bb][\/vc_column][\/vc_row][vc_row][vc_column][vc_empty_space][vc_column_text]<\/p>\n<h3><em><strong>On trouve quoi dans ton sac photo\u00a0?<\/strong><\/em><\/h3>\n<p>&nbsp;<\/p>\n<p>2 boitiers\u00a0: un Canon et un Sony, des objectifs\u00a0: un 10-18mm asph\u00e9rique et un 24-105mm f\/4, un flash, et un drone.<\/p>\n<p>Je ne suis pas tr\u00e8s fan du mat\u00e9riel, je limite au maximum. Je trouve que la photographie n\u2019a pas besoin de mat\u00e9riel.<\/p>\n<p>&nbsp;<\/p>\n<h3><em><strong>Raconte-nous un shooting qui t\u2019a marqu\u00e9\u00a0?<\/strong><\/em><\/h3>\n<p>&nbsp;<\/p>\n<p>J\u2019ai un souvenir en particulier lorsque j\u2019\u00e9tais photographe de mode. J\u2019avais vu les photos d\u2019un mannequin que je trouvais incroyablement belle et je me disais int\u00e9rieurement, qu\u2019est-ce que j\u2019aimerais avoir le niveau pour faire des photos avec elle. La semaine suivante, le client avec lequel je m\u2019appr\u00eate \u00e0 travailler m\u2019annonce que le shooting que nous allons faire est avec cette mannequin. Je me retrouve donc le jour du shooting tr\u00e8s impressionn\u00e9, \u00e0 tel point que j\u2019ai charg\u00e9 les deux premi\u00e8res pellicules \u00e0 l\u2019envers\u00a0!! Heureusement je me suis rapidement rendu compte de mon erreur et j\u2019ai pu refaire les photos et ensuite enchainer\u00a0![\/vc_column_text][\/vc_column][\/vc_row][vc_row][vc_column][vc_empty_space][vc_column_text]<\/p>\n<h3><em><strong>Quels sont les 3 photographes qui t\u2019inspirent\u00a0?<\/strong><\/em><\/h3>\n<p>&nbsp;<\/p>\n<p>Ce sont 3 photographes qui ont un rapport \u00e0 l\u2019esth\u00e9tique assez fort.<\/p>\n<p>Peter Lindbergh, c\u2019est le photographe qui m\u2019impressionne le plus en terme de talent pur. Il a un niveau de talent qui d\u00e9passe compl\u00e8tement sa personnalit\u00e9, j\u2019ai eu la chance de le rencontrer et c\u2019est quelqu\u2019un de tr\u00e8s simple. Il ose garder des photos que j\u2019aurai jet\u00e9. Il m\u2019avait dit, il ne faut pas faire son editing photo selon les r\u00e8gles mais selon l\u2019\u00e9motion. Je suis quelqu\u2019un de tr\u00e8s conformiste donc cela m\u2019impressionne ce genre de libert\u00e9. Par exemple, ne pas respecter la r\u00e8gle des 3 tiers c\u2019est un truc bizarre pour moi.<\/p>\n<p>Annie Leibovitz pour son rapport \u00e0 l\u2019esth\u00e9tique extr\u00eame. Je trouve son travail incroyablement beau, elle a un univers tr\u00e8s onirique, elle sait rendre les gens beaux. La recherche du beau me fascine<\/p>\n<p>Sebastiao Salgado il cr\u00e9e de la beaut\u00e9 avec des choses qui ne sont pas belles, j\u2019avais vu une exposition \u00e0 la Maison europ\u00e9enne de la photographie \u00e0 Paris, o\u00f9 les gens pleuraient devant ses photos tellement le contraste entre le beau et ce qui \u00e9tait montr\u00e9 \u00e9tait fort.[\/vc_column_text][\/vc_column][\/vc_row][vc_row][vc_column][vc_empty_space][vc_column_text]<\/p>\n<h3><em><strong>Quel serait le shooting photo de tes r\u00eaves\u00a0?<\/strong><\/em><\/h3>\n<p>&nbsp;<\/p>\n<p>Un shooting qui me plaise\u00a0! Aucune photo que j\u2019ai fait dans ma vie n\u2019a trouv\u00e9 gr\u00e2ce \u00e0 mes yeux\u00a0! \u00a0Je cherche \u00e0 me plaire, mais \u00e7a ne me pla\u00eet jamais. Je suis un \u00e9ternel insatisfait, c\u2019est un vrai handicap.<\/p>\n<p>Parfois, je trouve une petite satisfaction mais au d\u00e9tour de quelque chose que je n\u2019avais pas pr\u00e9vu, par exemple lors d\u2019un travail de commande pour un client.[\/vc_column_text][\/vc_column][\/vc_row][vc_row][vc_column][vc_empty_space][vc_column_text]<\/p>\n<h3><em><strong>Quelle est ta photo pr\u00e9f\u00e9r\u00e9e et pourquoi\u00a0?<\/strong><\/em><\/h3>\n<p>[\/vc_column_text][\/vc_column][\/vc_row][vc_row][vc_column width=\u00a0\u00bb1\/2&Prime;][vc_empty_space][vc_column_text]Un portrait en studio d\u2019un cr\u00e9ateur, Gabriel Massol, meilleur ouvrier de France. J\u2019ai fait une s\u00e9rie de portraits de lui en Noir et Blanc. Quand je l\u2019ai vu, il m\u2019a donn\u00e9 envie de le photographier d\u2019une certaine fa\u00e7on, je trouvais qu\u2019il d\u00e9gageait une virilit\u00e9 assez forte, alors qu\u2019il n\u2019est pas comme \u00e7a au naturel. Je trouvais que \u00e7a lui allait bien alors que ce n\u2019est pas ce qu\u2019il est. J\u2019avais peur que \u00e7a ne lui plaise pas, mais il m\u2019a ensuite envoy\u00e9 un message pour me dire qu\u2019il aimait beaucoup cette s\u00e9rie de portraits et que cela avait particip\u00e9 \u00e0 le r\u00e9concilier avec lui-m\u00eame. Cela m\u2019avait beaucoup touch\u00e9, donc j\u2019aime cette s\u00e9rie de portraits pour cela.[\/vc_column_text][\/vc_column][vc_column width=\u00a0\u00bb1\/2&Prime;][vc_empty_space][vc_empty_space][vc_single_image image=\u00a0\u00bb4792&Prime; img_size=\u00a0\u00bbmedium\u00a0\u00bb alignment=\u00a0\u00bbcenter\u00a0\u00bb][\/vc_column][\/vc_row][vc_row][vc_column][vc_empty_space][vc_column_text]<\/p>\n<h3><em><strong>Quels sont tes prochains projets\u00a0?<\/strong><\/em><\/h3>\n<p>&nbsp;<\/p>\n<p>Je n\u2019ai pas de projets en particulier \u00e0 part celui de voyager le plus vite possible quand cela va \u00eatre possible. Cela me manque terriblement, j\u2019aime beaucoup voyager, d\u00e9couvrir de nouveaux pays.<\/p>\n<p>Et sinon, en ce moment, j\u2019essaie de devenir un photographe d\u2019iphone. Avec un t\u00e9l\u00e9phone, on peut saisir des sc\u00e8nes qu\u2019on ne pourrait pas saisir avec un appareil photo, c\u2019est moins intrusif, la sc\u00e8ne se d\u00e9roule comme elle doit se d\u00e9rouler. J\u2019ai donc le projet de progresser avec mon iphone.<\/p>\n<p>&nbsp;<\/p>\n<h3><strong><em>Le mot de la fin<\/em> <\/strong><\/h3>\n<p>&nbsp;<\/p>\n<p>Cette derni\u00e8re ann\u00e9e m\u2019a permis de me rendre compte que j\u2019ai la chance d\u2019exercer un travail qui est exceptionnel. Au d\u00e9part, je suis devenu photographe un peu par d\u00e9faut mais aujourd\u2019hui mon m\u00e9tier me passionne. Tous les jours je me dis\u00a0: mais quelle chance j\u2019ai\u00a0![\/vc_column_text][vc_empty_space][\/vc_column][\/vc_row][vc_row css=\u00a0\u00bb.vc_custom_1554366491472{margin-top: 20px !important;margin-bottom: 10px !important;}\u00a0\u00bb][vc_column width=\u00a0\u00bb1\/2&Prime;][vc_single_image image=\u00a0\u00bb4778&Prime; img_size=\u00a0\u00bbfull\u00a0\u00bb onclick=\u00a0\u00bblink_image\u00a0\u00bb][\/vc_column][vc_column width=\u00a0\u00bb1\/2&Prime;][vc_single_image image=\u00a0\u00bb4780&Prime; img_size=\u00a0\u00bbfull\u00a0\u00bb onclick=\u00a0\u00bblink_image\u00a0\u00bb][\/vc_column][\/vc_row][vc_row css=\u00a0\u00bb.vc_custom_1554366491472{margin-top: 20px !important;margin-bottom: 10px !important;}\u00a0\u00bb][vc_column width=\u00a0\u00bb1\/2&Prime;][vc_single_image image=\u00a0\u00bb4766&Prime; img_size=\u00a0\u00bbfull\u00a0\u00bb onclick=\u00a0\u00bblink_image\u00a0\u00bb][\/vc_column][vc_column width=\u00a0\u00bb1\/2&Prime;][vc_single_image image=\u00a0\u00bb4784&Prime; img_size=\u00a0\u00bbfull\u00a0\u00bb onclick=\u00a0\u00bblink_image\u00a0\u00bb][\/vc_column][\/vc_row][vc_row css=\u00a0\u00bb.vc_custom_1554366491472{margin-top: 20px !important;margin-bottom: 10px !important;}\u00a0\u00bb][vc_column width=\u00a0\u00bb1\/2&Prime;][vc_single_image image=\u00a0\u00bb4764&Prime; img_size=\u00a0\u00bbfull\u00a0\u00bb onclick=\u00a0\u00bbcustom_link\u00a0\u00bb img_link_target=\u00a0\u00bb_blank\u00a0\u00bb link=\u00a0\u00bbhttps:\/\/all.accor.com\/hotel\/1535\/index.fr.shtml?dateIn=&amp;nights=&amp;compositions=1&amp;stayplus=false#origin=mercure\u00a0\u00bb][\/vc_column][vc_column width=\u00a0\u00bb1\/2&Prime;][vc_single_image image=\u00a0\u00bb4786&Prime; img_size=\u00a0\u00bbfull\u00a0\u00bb onclick=\u00a0\u00bblink_image\u00a0\u00bb][\/vc_column][\/vc_row][vc_row][vc_column][vc_empty_space][vc_separator color=\u00a0\u00bbjuicy_pink\u00a0\u00bb border_width=\u00a0\u00bb3&Prime; el_width=\u00a0\u00bb10&Prime;][vc_empty_space][vc_column_text]L&rsquo;ensemble des \u00e9quipes d&rsquo;Abaca Corporate restent mobilis\u00e9es et pr\u00eates \u00e0 organiser vos shootings photo dans le respect des r\u00e8gles sanitaires.<\/p>\n<p>Vous aussi faites appel au professionalisme d\u2019Abaca Corporate et demandez-nous un devis adapt\u00e9 \u00e0 votre projet photo.<\/p>\n<p>https:\/\/abacapress.com\/[\/vc_column_text][\/vc_column][\/vc_row]<\/p>\n<\/div>","protected":false},"excerpt":{"rendered":"<p>[vc_row][vc_column][vc_column_text]Cette semaine, on est all\u00e9 \u00e0 la rencontre de Cyril Chauvin, photographe et vid\u00e9aste professionnel bas\u00e9 dans le Sud de la France et avec lequel Abaca Corporate collabore depuis plusieurs ann\u00e9es. Photographe en entreprise et portraitiste de talent, il a [&hellip;]<\/p>\n","protected":false},"author":4,"featured_media":4797,"comment_status":"closed","ping_status":"closed","sticky":false,"template":"","format":"standard","meta":{"footnotes":""},"categories":[139],"tags":[],"class_list":["post-4761","post","type-post","status-publish","format-standard","has-post-thumbnail","hentry","category-hotellerie-et-decoration"],"_links":{"self":[{"href":"https:\/\/abacapress.com\/corporate\/wp-json\/wp\/v2\/posts\/4761","targetHints":{"allow":["GET"]}}],"collection":[{"href":"https:\/\/abacapress.com\/corporate\/wp-json\/wp\/v2\/posts"}],"about":[{"href":"https:\/\/abacapress.com\/corporate\/wp-json\/wp\/v2\/types\/post"}],"author":[{"embeddable":true,"href":"https:\/\/abacapress.com\/corporate\/wp-json\/wp\/v2\/users\/4"}],"replies":[{"embeddable":true,"href":"https:\/\/abacapress.com\/corporate\/wp-json\/wp\/v2\/comments?post=4761"}],"version-history":[{"count":0,"href":"https:\/\/abacapress.com\/corporate\/wp-json\/wp\/v2\/posts\/4761\/revisions"}],"wp:featuredmedia":[{"embeddable":true,"href":"https:\/\/abacapress.com\/corporate\/wp-json\/wp\/v2\/media\/4797"}],"wp:attachment":[{"href":"https:\/\/abacapress.com\/corporate\/wp-json\/wp\/v2\/media?parent=4761"}],"wp:term":[{"taxonomy":"category","embeddable":true,"href":"https:\/\/abacapress.com\/corporate\/wp-json\/wp\/v2\/categories?post=4761"},{"taxonomy":"post_tag","embeddable":true,"href":"https:\/\/abacapress.com\/corporate\/wp-json\/wp\/v2\/tags?post=4761"}],"curies":[{"name":"wp","href":"https:\/\/api.w.org\/{rel}","templated":true}]}}