{"id":4814,"date":"2021-06-15T11:35:57","date_gmt":"2021-06-15T09:35:57","guid":{"rendered":"https:\/\/abacapress.com\/corporate\/?p=4814"},"modified":"2024-03-30T20:22:24","modified_gmt":"2024-03-30T19:22:24","slug":"rencontre-avec-victor-marvillet-photographe-base-a-shanghai","status":"publish","type":"post","link":"https:\/\/abacapress.com\/corporate\/2021\/06\/15\/rencontre-avec-victor-marvillet-photographe-base-a-shanghai\/","title":{"rendered":"Rencontre avec Victor Marvillet, photographe bas\u00e9 \u00e0 Shanghai"},"content":{"rendered":"<div class=\"wpb-content-wrapper\"><p>[vc_row][vc_column][vc_column_text]<em>Victor Marvillet est un photographe professionnel qui vit entre Shanghai et Paris. Abaca Corporate collabore depuis maintenant plusieurs ann\u00e9es avec ce photographe de talent, qui alterne les projets photographiques documentaires et commerciaux, et nous avons voulu en savoir plus sur lui. Il revient avec nous sur son parcours, sa vision de la photographie et sa mani\u00e8re d\u2019exercer ce m\u00e9tier. D\u00e9couvrez ce photographe globe-trotteur qui aime mettre l\u2019humain au centre de son art.<\/em><\/p>\n<p>&nbsp;<\/p>\n<p>&nbsp;<\/p>\n<h3><em><strong>Pr\u00e9sente-toi<\/strong><\/em><\/h3>\n<p>Je m\u2019appelle Victor Marvillet, je suis photographe professionnel, originaire de Grenoble.<br \/>\nJ&rsquo;ai commenc\u00e9 la photo \u00e0 l&rsquo;adolescence, mais c&rsquo;est\u00a0en 2011 que je me suis d\u00e9di\u00e9 \u00e0 une carri\u00e8re de photographe. Apr\u00e8s quelques ann\u00e9es en agence de design sp\u00e9cialis\u00e9e dans le d\u00e9veloppement des marques \u00e0 Paris et Londres, j\u2019ai quitt\u00e9 ce monde et commenc\u00e9 \u00e0 assister des photographes commerciaux de renom. Je me suis ensuite lanc\u00e9 comme freelance en 2014 \u00e0 Shanghai.<\/p>\n<p>Au travers de projets commerciaux, \u00e9ditoriaux,\u00a0et documentaires, j&rsquo;ai d\u00e9velopp\u00e9 de la technique, un sens esth\u00e9tique et narratif.<br \/>\nMes projets personnels sont tr\u00e8s li\u00e9s au documentaire. J&rsquo;essaie toutefois d&rsquo;explorer des narrations plus\u00a0conceptuelles et \u00e9motionnelles. Mon dernier projet shoot\u00e9 en Australie est actuellement expos\u00e9 \u00e0 Shanghai.[\/vc_column_text][\/vc_column][\/vc_row][vc_row][vc_column][vc_empty_space][vc_column_text]<\/p>\n<h3><em><strong>Argentique ou num\u00e9rique\u00a0?<\/strong><\/em><\/h3>\n<p>&nbsp;<\/p>\n<p>99% num\u00e9rique et 1% argentique\u00a0!<br \/>\nL&rsquo;esth\u00e9tique\u00a0argentique est int\u00e9ressante et reste (presque) reproductible en post-production d&rsquo;image digitale. L&rsquo;argentique est surtout int\u00e9ressante pour travailler avec d&rsquo;autres formats 6\/6-6\/7 etc. Cependant le num\u00e9rique est 1000 fois plus pratique.<\/p>\n<p>&nbsp;<\/p>\n<h3><em><strong>Lumi\u00e8re naturelle ou artificielle\u00a0?<\/strong><\/em><\/h3>\n<p>&nbsp;<\/p>\n<p>Lumi\u00e8re naturelle.\u00a0Si je travaille en lumi\u00e8re artificielle elle doit avoir l&rsquo;air naturelle.<br \/>\nC&rsquo;est extr\u00eamement\u00a0subtil et parfois un vrai casse-t\u00eate\u00a0de m\u00e9langer les deux de mani\u00e8re ad\u00e9quate. Avec de l&rsquo;exp\u00e9rience on arrive \u00e0 trouver des solutions rapidement selon l&rsquo;endroit, et la lumi\u00e8re ambiante. Le challenge <a href ='https:\/\/www.e-vroum.fr\/acheter-cialis-en-ligne-sans-ordonnance-decouvrez-nos-reductions-exceptionnelles.html'>cialis sans ordonnance<\/a><\/p>\n<p> d&rsquo;un shooting photo c&rsquo;est d&rsquo;arriver \u00e0\u00a0s&rsquo;adapter\u00a0rapidement \u00e0 des situations tr\u00e8s\u00a0diverses tout en gardant le m\u00eame\u00a0feeling sur toutes les images.[\/vc_column_text][\/vc_column][\/vc_row][vc_row][vc_column][vc_empty_space][vc_column_text]<\/p>\n<h3><\/h3>\n<h3><em><strong>Couleur ou Noir &amp; Blanc\u00a0?<\/strong><\/em><\/h3>\n<p>&nbsp;<\/p>\n<p>Couleur\u00a0!<br \/>\nEnlever la couleur c&rsquo;est perdre une dimension de l&rsquo;image.<br \/>\nLe Noir et Blanc peut permettre d&rsquo;avoir des images m\u00eame moyennes devenir plus efficaces. Pour moi c&rsquo;est un peu tricher, \u00e0 moins d&rsquo;avoir un r\u00e9el parti pris en Noir et Blanc, il ne faut pas que ce soit une solution de facilit\u00e9.<\/p>\n<p>[\/vc_column_text][vc_empty_space][\/vc_column][\/vc_row][vc_row][vc_column][vc_empty_space][vc_column_text]<\/p>\n<h3><em><strong>On trouve quoi dans ton sac photo\u00a0?<\/strong><\/em><\/h3>\n<p>&nbsp;<\/p>\n<p>En ce moment :<\/p>\n<p>Sony a7r4<\/p>\n<p>24mm TS Canon<\/p>\n<p>Zooms 16-35 \/ 24-70 \/ 70-200<\/p>\n<p>Profoto b10<\/p>\n<p>&nbsp;<\/p>\n<h3><em><strong>Raconte-nous un shooting qui t\u2019a marqu\u00e9\u00a0?<\/strong><\/em><\/h3>\n<p>&nbsp;<\/p>\n<p>Australie 2020, un projet\u00a0photographique entre documentaire et fiction sur l&rsquo;apr\u00e8s\u00a0Bushfire.<br \/>\nJ&rsquo;ai voyag\u00e9 pendant un mois dans les zones touch\u00e9es par les incendies.\u00a0Rencontrer les gens qui les ont v\u00e9cus et pour beaucoup d&rsquo;entre eux ont perdu leur maison. J&rsquo;en ai tir\u00e9 un projet en forme de fable mystique. Il est en ce moment expos\u00e9 \u00e0 Shanghai \u00e0 la Galerie Icicle Space.[\/vc_column_text][\/vc_column][\/vc_row][vc_row][vc_column][vc_empty_space][vc_column_text]<\/p>\n<h3><em><strong>Quels sont les 3 photographes qui t\u2019inspirent\u00a0?<\/strong><\/em><\/h3>\n<p>&nbsp;<\/p>\n<p><a href=\"https:\/\/www.christopherandersonphoto.com\/\">Christopher Anderson<\/a>. Il passe du documentaire au commercial avec le m\u00eame style et la m\u00eame aisance.<\/p>\n<p><a href=\"http:\/\/www.documentsdartistes.org\/artistes\/dagata\/repro.html\">Antoine d&rsquo;Agata<\/a> parce qu\u2019il d\u00e9passe le m\u00e9dia photographique pour en faire une nouvelle forme d&rsquo;art.<\/p>\n<p><a href=\"https:\/\/pieterhugo.com\/\">Pieter Hugo<\/a>. Il incarne dans son style l&rsquo;Afrique du Sud, brutale et mystique.[\/vc_column_text][\/vc_column][\/vc_row][vc_row][vc_column][vc_empty_space][vc_column_text]<\/p>\n<h3><em><strong>Quel serait le shooting photo de tes r\u00eaves\u00a0?<\/strong><\/em><\/h3>\n<p>En commercial, j\u2019aimerais shooter une campagne Calvin Klein, la toute derni\u00e8re est bien faite je trouve.<br \/>\nCe genre de projet lifestyle, quasi \u00e9ditorial, simple et \u00e9pur\u00e9 pour une tr\u00e8s grande marque me plairait beaucoup.[\/vc_column_text][\/vc_column][\/vc_row][vc_row][vc_column][vc_empty_space][vc_column_text]<\/p>\n<h3><em><strong>Quelle est ta photo pr\u00e9f\u00e9r\u00e9e et pourquoi\u00a0?<\/strong><\/em><\/h3>\n<p>C\u2019est difficile de r\u00e9pondre \u00e0 cette question car je pourrais avoir une r\u00e9ponse diff\u00e9rente chaque semaine. Je suis beaucoup de photographes, et toutes les semaines je vois des choses fantastiques.<br \/>\nJe vais quand m\u00eame citer quelques images qui m&rsquo;ont\u00a0marqu\u00e9 :<br \/>\n&#8211; Hyena men (Pieter Hugo)<br \/>\n&#8211; LA Hustler\u00a0 (Philip-Lorca diCorcia)<br \/>\n&#8211; Approximate Joy (Christopher Anderson)[\/vc_column_text][\/vc_column][\/vc_row][vc_row][vc_column][vc_empty_space][vc_column_text]<\/p>\n<h3><em><strong>Quels sont tes prochains projets\u00a0?<\/strong><\/em><\/h3>\n<p>&nbsp;<\/p>\n<p>Je pr\u00e9pare un projet\u00a0documentaire dans le sud des Etats-Unis.<br \/>\nJ\u2019ai \u00e9galement quelques projets\u00a0\u00e9ditoriaux\u00a0en Chine.[\/vc_column_text][vc_empty_space][\/vc_column][\/vc_row][vc_row css=\u00a0\u00bb.vc_custom_1554366491472{margin-top: 20px !important;margin-bottom: 10px !important;}\u00a0\u00bb][vc_column width=\u00a0\u00bb1\/2&Prime;][vc_single_image image=\u00a0\u00bb4818&Prime; img_size=\u00a0\u00bbfull\u00a0\u00bb onclick=\u00a0\u00bblink_image\u00a0\u00bb][\/vc_column][vc_column width=\u00a0\u00bb1\/2&Prime;][vc_single_image image=\u00a0\u00bb4816&Prime; img_size=\u00a0\u00bbfull\u00a0\u00bb onclick=\u00a0\u00bblink_image\u00a0\u00bb][\/vc_column][\/vc_row][vc_row css=\u00a0\u00bb.vc_custom_1554366491472{margin-top: 20px !important;margin-bottom: 10px !important;}\u00a0\u00bb][vc_column width=\u00a0\u00bb1\/2&Prime;][vc_single_image image=\u00a0\u00bb4820&Prime; img_size=\u00a0\u00bbfull\u00a0\u00bb onclick=\u00a0\u00bblink_image\u00a0\u00bb][\/vc_column][vc_column width=\u00a0\u00bb1\/2&Prime;][vc_single_image image=\u00a0\u00bb4822&Prime; img_size=\u00a0\u00bbfull\u00a0\u00bb onclick=\u00a0\u00bblink_image\u00a0\u00bb][\/vc_column][\/vc_row][vc_row css=\u00a0\u00bb.vc_custom_1554366491472{margin-top: 20px !important;margin-bottom: 10px !important;}\u00a0\u00bb][vc_column width=\u00a0\u00bb1\/2&Prime;][vc_single_image image=\u00a0\u00bb4830&Prime; img_size=\u00a0\u00bbfull\u00a0\u00bb onclick=\u00a0\u00bblink_image\u00a0\u00bb][\/vc_column][vc_column width=\u00a0\u00bb1\/2&Prime;][vc_single_image image=\u00a0\u00bb4828&Prime; img_size=\u00a0\u00bbfull\u00a0\u00bb onclick=\u00a0\u00bblink_image\u00a0\u00bb][\/vc_column][\/vc_row][vc_row css=\u00a0\u00bb.vc_custom_1554366491472{margin-top: 20px !important;margin-bottom: 10px !important;}\u00a0\u00bb][vc_column width=\u00a0\u00bb1\/2&Prime;][vc_single_image image=\u00a0\u00bb4832&Prime; img_size=\u00a0\u00bbfull\u00a0\u00bb onclick=\u00a0\u00bbcustom_link\u00a0\u00bb img_link_target=\u00a0\u00bb_blank\u00a0\u00bb link=\u00a0\u00bbhttps:\/\/all.accor.com\/hotel\/1535\/index.fr.shtml?dateIn=&amp;nights=&amp;compositions=1&amp;stayplus=false#origin=mercure\u00a0\u00bb][\/vc_column][vc_column width=\u00a0\u00bb1\/2&Prime;][vc_single_image image=\u00a0\u00bb4826&Prime; img_size=\u00a0\u00bbfull\u00a0\u00bb onclick=\u00a0\u00bblink_image\u00a0\u00bb][\/vc_column][\/vc_row][vc_row][vc_column][vc_empty_space][vc_separator color=\u00a0\u00bbjuicy_pink\u00a0\u00bb border_width=\u00a0\u00bb3&Prime; el_width=\u00a0\u00bb10&Prime;][vc_empty_space][vc_column_text]L&rsquo;ensemble des \u00e9quipes d&rsquo;Abaca Corporate restent mobilis\u00e9es et pr\u00eates \u00e0 organiser vos shootings photo dans le respect des r\u00e8gles sanitaires.<\/p>\n<p>Vous aussi faites appel au professionalisme d\u2019Abaca Corporate et demandez-nous un devis adapt\u00e9 \u00e0 votre projet photo.<\/p>\n<p><a href=\"https:\/\/abacapress.com\/\">https:\/\/abacapress.com\/<\/a>[\/vc_column_text][\/vc_column][\/vc_row]<\/p>\n<\/div>","protected":false},"excerpt":{"rendered":"<p>[vc_row][vc_column][vc_column_text]Victor Marvillet est un photographe professionnel qui vit entre Shanghai et Paris. Abaca Corporate collabore depuis maintenant plusieurs ann\u00e9es avec ce photographe de talent, qui alterne les projets photographiques documentaires et commerciaux, et nous avons voulu en savoir plus sur [&hellip;]<\/p>\n","protected":false},"author":4,"featured_media":4860,"comment_status":"closed","ping_status":"closed","sticky":false,"template":"","format":"standard","meta":{"footnotes":""},"categories":[139],"tags":[],"class_list":["post-4814","post","type-post","status-publish","format-standard","has-post-thumbnail","hentry","category-hotellerie-et-decoration"],"_links":{"self":[{"href":"https:\/\/abacapress.com\/corporate\/wp-json\/wp\/v2\/posts\/4814","targetHints":{"allow":["GET"]}}],"collection":[{"href":"https:\/\/abacapress.com\/corporate\/wp-json\/wp\/v2\/posts"}],"about":[{"href":"https:\/\/abacapress.com\/corporate\/wp-json\/wp\/v2\/types\/post"}],"author":[{"embeddable":true,"href":"https:\/\/abacapress.com\/corporate\/wp-json\/wp\/v2\/users\/4"}],"replies":[{"embeddable":true,"href":"https:\/\/abacapress.com\/corporate\/wp-json\/wp\/v2\/comments?post=4814"}],"version-history":[{"count":0,"href":"https:\/\/abacapress.com\/corporate\/wp-json\/wp\/v2\/posts\/4814\/revisions"}],"wp:featuredmedia":[{"embeddable":true,"href":"https:\/\/abacapress.com\/corporate\/wp-json\/wp\/v2\/media\/4860"}],"wp:attachment":[{"href":"https:\/\/abacapress.com\/corporate\/wp-json\/wp\/v2\/media?parent=4814"}],"wp:term":[{"taxonomy":"category","embeddable":true,"href":"https:\/\/abacapress.com\/corporate\/wp-json\/wp\/v2\/categories?post=4814"},{"taxonomy":"post_tag","embeddable":true,"href":"https:\/\/abacapress.com\/corporate\/wp-json\/wp\/v2\/tags?post=4814"}],"curies":[{"name":"wp","href":"https:\/\/api.w.org\/{rel}","templated":true}]}}