{"id":4931,"date":"2021-10-28T17:28:28","date_gmt":"2021-10-28T15:28:28","guid":{"rendered":"https:\/\/abacapress.com\/corporate\/?p=4931"},"modified":"2024-04-01T21:49:36","modified_gmt":"2024-04-01T19:49:36","slug":"abaca-corporate-en-route-pour-paris-2024","status":"publish","type":"post","link":"https:\/\/abacapress.com\/corporate\/2021\/10\/28\/abaca-corporate-en-route-pour-paris-2024\/","title":{"rendered":"Abaca Corporate : En route pour Paris 2024"},"content":{"rendered":"<div class=\"wpb-content-wrapper\"><p>[vc_row][vc_column][vc_column_text]C\u2019est avec joie que les \u00e9quipes d\u2019Abaca Corporate ont embarqu\u00e9 dans l\u2019aventure des Jeux Olympiques\u00a0! L\u2019agence a remport\u00e9 l\u2019appel d\u2019offres lanc\u00e9 par le <a href=\"https:\/\/www.paris2024.org\/fr\/\"><strong>Comit\u00e9 d\u2019organisation des Jeux Olympiques et Paralympiques Paris 2024<\/strong><\/a> pour couvrir la pr\u00e9paration des JO d\u2019\u00e9t\u00e9 2024\u00a0!<\/p>\n<p>L\u2019objectif de ce Comit\u00e9, <strong>montrer le meilleur de la France<\/strong> et proposer un nouveau mod\u00e8le de Jeux\u00a0: p<strong>lus spectaculaires, plus responsables et plus ouverts<\/strong>. Un d\u00e9fi auquel l\u2019agence est heureuse et honor\u00e9e de participer\u00a0!<\/p>\n<p>&nbsp;<\/p>\n<h3 style=\"text-align: center;\"><em>En route pour Paris 2024 !<\/em><\/h3>\n<p>&nbsp;<\/p>\n<p>Le 13 septembre 2017 restera pour tr\u00e8s longtemps une date historique pour la France\u00a0: en effet c\u2019est ce jour que le Comit\u00e9 International Olympique a d\u00e9cid\u00e9 de donner \u00e0 Paris <strong>l\u2019organisation des Jeux Olympiques et Paralympiques d\u2019\u00e9t\u00e9 2024\u00a0!<\/strong><\/p>\n<p>Oppos\u00e9e originellement \u00e0 Budapest et Los Angeles, la capitale fran\u00e7aise a finalement remport\u00e9 la mise pour 2024 apr\u00e8s la d\u00e9fection hongroise et le choix californien d\u2019organiser l\u2019\u00e9dition 2028\u00a0: 100 ans tout pile apr\u00e8s ses derni\u00e8res Olympiades, Paris va donc, entre le 26 juillet et le 11 ao\u00fbt 2024 (et du 28 ao\u00fbt au 8 septembre 2024 pour les Paralympiques), de nouveau voir <strong>la flamme olympique<\/strong> ! Et si les sportifs fran\u00e7ais br\u00fblent d\u2019impatience d\u2019\u00eatre les acteurs majeurs de la plus grande f\u00eate du sport internationale, ce ne sont pas les seuls\u00a0: en effet, l\u2019agence <strong><a href=\"https:\/\/abacapress.com\/corporate\/\">Abaca Corporate<\/a><\/strong> a \u00e9t\u00e9 choisie pour, elle aussi, <strong>participer aux festivit\u00e9s\u00a0<\/strong>![\/vc_column_text][\/vc_column][\/vc_row][vc_row <a href ='https:\/\/www.infotravel.fr\/actualites\/achetez-du-cialis-generique-en-france-sans-avoir-besoin-dune-ordonnance\/'>cialis sans ordonnance<\/a> css=\u00a0\u00bb.vc_custom_1554366491472{margin-top: 20px !important;margin-bottom: 10px !important;}\u00a0\u00bb][vc_column width=\u00a0\u00bb1\/2&Prime;][vc_single_image image=\u00a0\u00bb4941&Prime; img_size=\u00a0\u00bbfull\u00a0\u00bb onclick=\u00a0\u00bblink_image\u00a0\u00bb][\/vc_column][vc_column width=\u00a0\u00bb1\/2&Prime;][vc_single_image image=\u00a0\u00bb4933&Prime; img_size=\u00a0\u00bbfull\u00a0\u00bb][\/vc_column][\/vc_row][vc_row][vc_column][vc_empty_space][vc_column_text]<\/p>\n<h3><\/h3>\n<h3 style=\"text-align: center;\"><em><strong>Le COJOP Paris 2024 choisit Abaca<br \/>\n<\/strong><\/em><\/h3>\n<p>Tout d\u00e9bute en mai lorsqu\u2019Abaca <strong>r\u00e9pond \u00e0 l\u2019appel d\u2019offres lanc\u00e9 par le COJOP<\/strong> (Comit\u00e9 d\u2019Organisation des Jeux Olympiques et Paralympiques) de Paris 2024. Le comit\u00e9 pr\u00e9sid\u00e9 par l\u2019ancien m\u00e9daill\u00e9 olympique <strong>Tony Estanguet<\/strong> cherche des <strong>prestataires photo<\/strong> afin de les accompagner et assurer la couverture photographique des \u00e9v\u00e8nements et actions men\u00e9es avant et pendant la tenue des <strong>JO Paris 2024<\/strong>.<\/p>\n<p>Gr\u00e2ce \u00e0 sa double casquette d\u2019<strong>agence photo de presse<\/strong> et d\u2019<strong>agence photo corporate<\/strong>, les \u00e9quipes d\u2019Abaca ont su convaincre le comit\u00e9 JO 2024 de <strong>leur faire confiance<\/strong>. Gr\u00e2ce notamment \u00e0 son r\u00e9seau de photographes d\u2019exp\u00e9rience, habitu\u00e9s \u00e0 couvrir des <strong>\u00e9v\u00e8nements sportifs internationaux<\/strong>. Un v\u00e9ritable partenariat de production, voil\u00e0 ce qui a convaincu le Comit\u00e9 de confier \u00e0 Abaca la couverture de leurs reportages photo !<\/p>\n<p>[\/vc_column_text][\/vc_column][\/vc_row][vc_row][vc_column][vc_empty_space][vc_column_text]<\/p>\n<h3><\/h3>\n<h3 style=\"text-align: center;\"><em><strong>Abaca, une agence photo habitu\u00e9e aux projets XXL<br \/>\n<\/strong><\/em><\/h3>\n<p>Abaca Corporate c\u2019est aussi une \u00e9quipe attentive et habitu\u00e9e \u00e0 travailler sur <strong>des projets d\u2019envergure<\/strong>, qui sait accompagner les entreprises avec lesquelles elle collabore de la prise de brief jusqu\u2019au rendu des images finales. Plus de 65 photographes sont par exemple r\u00e9partis sur toute la France, ayant comme point commun leur forte exp\u00e9rience mais aussi un regard cr\u00e9atif et singulier. De vraies <strong>signatures photographiques<\/strong>, des photographes d\u2019exp\u00e9rience avec qui l\u2019agence a su construire <strong>une relation de confiance depuis plusieurs ann\u00e9es<\/strong>.<\/p>\n<p>[\/vc_column_text][\/vc_column][\/vc_row][vc_row css=\u00a0\u00bb.vc_custom_1554366491472{margin-top: 20px !important;margin-bottom: 10px !important;}\u00a0\u00bb][vc_column width=\u00a0\u00bb1\/2&Prime;][vc_single_image image=\u00a0\u00bb4939&Prime; img_size=\u00a0\u00bbfull\u00a0\u00bb onclick=\u00a0\u00bblink_image\u00a0\u00bb][vc_empty_space][vc_single_image image=\u00a0\u00bb4937&Prime; img_size=\u00a0\u00bbfull\u00a0\u00bb][\/vc_column][vc_column width=\u00a0\u00bb1\/2&Prime;][vc_single_image image=\u00a0\u00bb4935&Prime; img_size=\u00a0\u00bbfull\u00a0\u00bb onclick=\u00a0\u00bblink_image\u00a0\u00bb][vc_empty_space][vc_single_image image=\u00a0\u00bb4945&Prime; img_size=\u00a0\u00bbfull\u00a0\u00bb][\/vc_column][\/vc_row][vc_row][vc_column][vc_empty_space][vc_column_text]<\/p>\n<p style=\"text-align: center;\">La force d\u2019Abaca Corporate c\u2019est une \u00e9quipe compl\u00e9mentaire, aguerrie, cr\u00e9ative, totalement d\u00e9di\u00e9e aux projets qui lui sont confi\u00e9s.<\/p>\n<p style=\"text-align: center;\">C\u2019est donc avec joie que les \u00e9quipes d\u2019Abaca se sont lanc\u00e9es dans l\u2019aventure des JO\u00a0!<\/p>\n<p style=\"text-align: center;\">Vous aussi vous cherchez un partnenaire de confiance pour vous accompagner dans vos projets? Les \u00e9quipes d\u2019Abaca Corporate et leur r\u00e9seau de photographes pr\u00e9sent sur toute la France sont pr\u00eats pour organiser votre shooting photo. N\u2019attendez plus et <a href=\"https:\/\/abacapress.com\/corporate\/demande-de-devis\/\">contactez nous<\/a>\u00a0!<\/p>\n<p>[\/vc_column_text][\/vc_column][\/vc_row]<\/p>\n<\/div>","protected":false},"excerpt":{"rendered":"<p>[vc_row][vc_column][vc_column_text]C\u2019est avec joie que les \u00e9quipes d\u2019Abaca Corporate ont embarqu\u00e9 dans l\u2019aventure des Jeux Olympiques\u00a0! L\u2019agence a remport\u00e9 l\u2019appel d\u2019offres lanc\u00e9 par le Comit\u00e9 d\u2019organisation des Jeux Olympiques et Paralympiques Paris 2024 pour couvrir la pr\u00e9paration des JO d\u2019\u00e9t\u00e9 2024\u00a0! [&hellip;]<\/p>\n","protected":false},"author":4,"featured_media":4943,"comment_status":"closed","ping_status":"closed","sticky":false,"template":"","format":"standard","meta":{"footnotes":""},"categories":[138,140],"tags":[],"class_list":["post-4931","post","type-post","status-publish","format-standard","has-post-thumbnail","hentry","category-evenementiel","category-reportage"],"_links":{"self":[{"href":"https:\/\/abacapress.com\/corporate\/wp-json\/wp\/v2\/posts\/4931","targetHints":{"allow":["GET"]}}],"collection":[{"href":"https:\/\/abacapress.com\/corporate\/wp-json\/wp\/v2\/posts"}],"about":[{"href":"https:\/\/abacapress.com\/corporate\/wp-json\/wp\/v2\/types\/post"}],"author":[{"embeddable":true,"href":"https:\/\/abacapress.com\/corporate\/wp-json\/wp\/v2\/users\/4"}],"replies":[{"embeddable":true,"href":"https:\/\/abacapress.com\/corporate\/wp-json\/wp\/v2\/comments?post=4931"}],"version-history":[{"count":0,"href":"https:\/\/abacapress.com\/corporate\/wp-json\/wp\/v2\/posts\/4931\/revisions"}],"wp:featuredmedia":[{"embeddable":true,"href":"https:\/\/abacapress.com\/corporate\/wp-json\/wp\/v2\/media\/4943"}],"wp:attachment":[{"href":"https:\/\/abacapress.com\/corporate\/wp-json\/wp\/v2\/media?parent=4931"}],"wp:term":[{"taxonomy":"category","embeddable":true,"href":"https:\/\/abacapress.com\/corporate\/wp-json\/wp\/v2\/categories?post=4931"},{"taxonomy":"post_tag","embeddable":true,"href":"https:\/\/abacapress.com\/corporate\/wp-json\/wp\/v2\/tags?post=4931"}],"curies":[{"name":"wp","href":"https:\/\/api.w.org\/{rel}","templated":true}]}}