{"id":5444,"date":"2022-05-17T08:55:12","date_gmt":"2022-05-17T06:55:12","guid":{"rendered":"https:\/\/abacapress.com\/corporate\/?p=5444"},"modified":"2022-05-17T09:00:41","modified_gmt":"2022-05-17T07:00:41","slug":"rencontre-avec-etienne-jeanneret-photographe","status":"publish","type":"post","link":"https:\/\/abacapress.com\/corporate\/2022\/05\/17\/rencontre-avec-etienne-jeanneret-photographe\/","title":{"rendered":"Rencontre avec Etienne Jeanneret &#8211; photographe"},"content":{"rendered":"<div class=\"wpb-content-wrapper\"><p>[vc_row][vc_column][vc_column_text]Cette semaine, nous avons eu le privil\u00e8ge de discuter avec Etienne Jeanneret, photographe et vid\u00e9aste professionnel avec lequel Abaca Corporate collabore depuis plusieurs ann\u00e9es.<br \/>\nEn v\u00e9ritable couteau suisse, il collabore avec tous types de structure et sur des projets divers et vari\u00e9s avec un objectif en t\u00eate : produire les meilleures images possibles.<\/p>\n<p>Ce photographe \u00e0 la curiosit\u00e9 insatiable, a accept\u00e9 de r\u00e9pondre \u00e0 nos questions et de nous parler \u00e0 coeur ouvert de son m\u00e9tier, de ses rencontres et de ses meilleurs souvenirs.<\/p>\n<p>&nbsp;<\/p>\n<p>&nbsp;<\/p>\n<h3><em><strong>Pr\u00e9sente-toi<\/strong><\/em><\/h3>\n<p>&nbsp;<\/p>\n<p class=\"p1\">Photographe professionnel depuis 2007, j\u2019ai d\u00e9but\u00e9 en faisant tous les petits boulots du m\u00e9tier : assistant, r\u00e9gisseur, assistant num\u00e9rique, retoucheur, au sein d\u2019une soci\u00e9t\u00e9 cr\u00e9\u00e9e avec 2 amis. C\u2019est \u00e0 cette \u00e9poque que j\u2019ai commenc\u00e9 \u00e0 travailler avec Abaca. Petit \u00e0 petit, j\u2019ai acquis une exp\u00e9rience dans beaucoup de domaines : reportage institutionnel, sport, photographie de plateau, portraits&#8230; Mes clients sont tr\u00e8s vari\u00e9s : des agences corporate dont Abaca, des agences de com telles que In Medias Res, Dentsu, Havas, mais aussi la F\u00e9d\u00e9 Fran\u00e7aise de Sport Universitaire, les groupes audiovisuels TF1 et M6, ainsi que des entreprises internationales comme Hutchinson, Arquus, Plastic Omnium, Ardian, Piscines de France, \u2026 En effet, tout m&rsquo;int\u00e9resse d\u00e8s lors qu&rsquo;il s&rsquo;agit de jouer avec un bo\u00eetier photo et quelques objectifs. Je m\u2019attache \u00e0 toujours produire les meilleures images possibles, et je n&rsquo;oublie jamais que j&rsquo;ai choisi ce m\u00e9tier pour rencontrer des personnalit\u00e9s de tous horizons, d\u00e9couvrir divers milieux et apprendre de nouvelles choses chaque jour. Je suis ravi d\u2019avoir p\u00e9n\u00e9tr\u00e9 gr\u00e2ce \u00e0 mon m\u00e9tier des lieux divers et int\u00e9ressants : usine de poubelles, usine de blind\u00e9s, laboratoires de recherche, plateaux de tournage de t\u00e9l\u00e9film, d\u2019\u00e9missions cultes comme le Burger Quizz, de t\u00e9l\u00e9r\u00e9alit\u00e9, coulisses du Ch\u00e2teau de Versailles, palaces, etc. C\u00f4t\u00e9 technique, je travaille avec des bo\u00eetiers Canon R5, et je suis \u00e9galement t\u00e9l\u00e9pilote de drone.<\/p>\n<p>[\/vc_column_text][vc_empty_space][\/vc_column][vc_column][\/vc_column][\/vc_row][vc_row][vc_column][vc_empty_space][vc_column_text]<\/p>\n<h3><em><strong>Argentique ou num\u00e9rique\u00a0?<\/strong><\/em><\/h3>\n<p>&nbsp;<\/p>\n<p class=\"p1\">J\u2019ai d\u00e9but\u00e9 en argentique et obtenu mon BTS de photographie tr\u00e8s peu de temps avant sa r\u00e9forme.<br \/>\nJe suis th\u00e9oriquement capable de r\u00e9aliser des tirages argentiques Noir &amp; Blanc et couleur, de d\u00e9velopper des films, etc.<\/p>\n<p>En pratique, je travaille en num\u00e9rique depuis que je suis pro, m\u00eame si je garde pr\u00e9cieusement mon premier reflex argentique et quelques pellicules p\u00e9rim\u00e9es.<\/p>\n<p>&nbsp;<\/p>\n<h3><em><strong>Lumi\u00e8re naturelle ou artificielle\u00a0?<\/strong><\/em><\/h3>\n<p>&nbsp;<\/p>\n<p class=\"p1\">Je pr\u00e9f\u00e8re g\u00e9n\u00e9ralement utiliser la lumi\u00e8re naturelle quand c\u2019est possible mais j\u2019aime aussi mixer l\u2019artificiel \u00e0 la lumi\u00e8re ambiante. C\u2019est \u00e9galement tr\u00e8s sympa de cr\u00e9er une lumi\u00e8re de A \u00e0 Z en studio, m\u00eame si ce n\u2019est pas ce que je r\u00e9alise le plus souvent.<\/p>\n<p>[\/vc_column_text][\/vc_column][\/vc_row][vc_row][vc_column][vc_empty_space][vc_column_text]<\/p>\n<h3><\/h3>\n<h3><em><strong>Couleur ou Noir &amp; Blanc\u00a0?<\/strong><\/em><\/h3>\n<p>&nbsp;<\/p>\n<p class=\"p1\">Plut\u00f4t couleur, m\u00eame si je suis venu \u00e0 la photo par le Noir &amp; Blanc.<\/p>\n<p>[\/vc_column_text][vc_empty_space][\/vc_column][\/vc_row][vc_row][vc_column][vc_empty_space][vc_column_text]<\/p>\n<h3><em><strong>On trouve quoi dans ton sac photo\u00a0?<\/strong><\/em><\/h3>\n<p>&nbsp;<\/p>\n<p class=\"p1\">Classiquement : 2 boitiers R5, une gamme d\u2019optiques du 15 au 400mm, un flash cobra, des piles, des batteries, des filtres polarisants, des kits de nettoyage, des cartes, des housses de protection imperm\u00e9able, et un ordi.<\/p>\n<p>&nbsp;<\/p>\n<h3><em><strong>Raconte-nous un shooting qui t\u2019a marqu\u00e9\u00a0?<\/strong><\/em><\/h3>\n<p>&nbsp;<\/p>\n<p class=\"p1\">J\u2019ai ador\u00e9 couvrir les premi\u00e8res \u00e9missions Burger Quiz saison 2. D\u2019un point de vue photo, c\u2019\u00e9tait assez simple, m\u00eame si la photo de plateau demande de l\u2019exp\u00e9rience, notamment pour ne pas d\u00e9ranger le tournage. Je c\u00f4toie des personnalit\u00e9s r\u00e9guli\u00e8rement dans mon m\u00e9tier, et \u00e7a ne me fait g\u00e9n\u00e9ralement ni chaud ni froid.<\/p>\n<p>Mais je regardais Burger Quiz saison 1 quand j\u2019\u00e9tais ado, je fais partie de la g\u00e9n\u00e9ration qui a appris la r\u00e9plique d\u2019Edouard Baer dans Asterix par coeur. Alors me retrouver sur le plateau, \u00e0 photographier ces personnalit\u00e9s, c\u2019\u00e9tait sp\u00e9cial. Sur une s\u00e9quence, j\u2019ai capt\u00e9 Alain Chabat en train de jouer de la guitare, \u00e0 fond, les cheveux secou\u00e9s, et la photo est vraiment cool.<\/p>\n<p class=\"p1\">Elle a m\u00eame \u00e9t\u00e9 utilis\u00e9e sur la bo\u00eete du jeu Burger Quiz. Alors j\u2019ai fat 2 beaux tirages, j\u2019en ai offert un \u00e0 Alain, et je lui ai demand\u00e9 de me d\u00e9dicacer l\u2019autre. C\u2019\u00e9tait la premi\u00e8re et sans doute la derni\u00e8re fois de ma vie que je demandais un autographe \u00e0 quelqu\u2019un.<\/p>\n<p>[\/vc_column_text][vc_empty_space][vc_single_image image=\u00a0\u00bb5446&Prime; alignment=\u00a0\u00bbcenter\u00a0\u00bb][\/vc_column][\/vc_row][vc_row][vc_column][vc_empty_space][vc_column_text]<\/p>\n<h3><em><strong>Quels sont les 3 photographes qui t\u2019inspirent\u00a0?<\/strong><\/em><\/h3>\n<p>&nbsp;<\/p>\n<p class=\"p1\">En ce moment, Marco Zorzanello fait un travail formidable sur le r\u00e9chauffement climatique et son impact sur les zones touristiques, 2 sujets qui me parlent beaucoup. On a pu voir son travail dans 6 mois qui est une mine.<\/p>\n<p>Mark Neville est \u00e9galement un grand photographe contemporain. J\u2019avais ador\u00e9 son projet The Port Glasgow Book projets en 2005. Il a fait un travail sur l\u2019Ukraine et sorti un livre qui s\u2019appelle Stop Tanks With Books, qu\u2019il faut lire de toute urgence.<\/p>\n<p class=\"p1\">C\u00f4t\u00e9 architecture, j\u2019aime beaucoup le travail du duo fran\u00e7ais Yves Marchand et Romain Meffre sur les vestiges du pass\u00e9, les ruines, notamment \u00e0 D\u00e9troit.<\/p>\n<p>[\/vc_column_text][\/vc_column][\/vc_row][vc_row][vc_column][vc_empty_space][vc_column_text]<\/p>\n<h3><em><strong>Quel serait le shooting photo de tes r\u00eaves\u00a0?<\/strong><\/em><\/h3>\n<p>&nbsp;<\/p>\n<p class=\"p1\">Simplement le prochain qui me permettra de d\u00e9couvrir quelque-chose de nouveau, de p\u00e9n\u00e9trer un lieu extraordinaire, de rencontrer des gens passionnants.<\/p>\n<p>[\/vc_column_text][\/vc_column][\/vc_row][vc_row][vc_column][vc_empty_space][vc_column_text]<\/p>\n<h3><em><strong>Quelle est ta photo pr\u00e9f\u00e9r\u00e9e et pourquoi\u00a0?<\/strong><\/em><\/h3>\n<p>&nbsp;<\/p>\n<p class=\"p1\">Je n\u2019en ai pas vraiment, la production d\u2019images est telle aujourd\u2019hui qu\u2019il est dur de choisir\u2026<\/p>\n<p>[\/vc_column_text][\/vc_column][\/vc_row][vc_row][vc_column][vc_empty_space][vc_column_text]<\/p>\n<h3><em><strong>Quels sont tes prochains projets\u00a0?<\/strong><\/em><\/h3>\n<p>&nbsp;<\/p>\n<p class=\"p1\">Continuer ma s\u00e9rie de paysages abstraits Skyless Landscapes. J\u2019ai \u00e9galement un projet de photos autour des ronds-points qui sont des milliers en France et ont \u00e9t\u00e9 le point de ralliement des Gilets Jaunes. Il y a l\u00e0 un sujet urbanistique et sociologique \u00e0 creuser\u2026. C\u00f4t\u00e9 commandes, je souhaite continuer \u00e0 d\u00e9couvrir des milieux vari\u00e9s, \u00e0 voyager, et faire de belles rencontres.<\/p>\n<p>&nbsp;<\/p>\n<h3><strong><em>Le mot de la fin<\/em> <\/strong><\/h3>\n<p>&nbsp;<\/p>\n<p class=\"p1\">Merci \u00e0 Abaca de leur confiance pour diverses prestations depuis presque 15 ans. Pourvu que \u00e7a dure !<\/p>\n<p>[\/vc_column_text][vc_empty_space][\/vc_column][\/vc_row][vc_row css=\u00a0\u00bb.vc_custom_1554366491472{margin-top: 20px !important;margin-bottom: 10px !important;}\u00a0\u00bb][vc_column width=\u00a0\u00bb1\/2&Prime;][vc_single_image image=\u00a0\u00bb5451&Prime; img_size=\u00a0\u00bbfull\u00a0\u00bb onclick=\u00a0\u00bblink_image\u00a0\u00bb][\/vc_column][vc_column width=\u00a0\u00bb1\/2&Prime;][vc_single_image image=\u00a0\u00bb5453&Prime; img_size=\u00a0\u00bbfull\u00a0\u00bb onclick=\u00a0\u00bblink_image\u00a0\u00bb][\/vc_column][\/vc_row][vc_row][vc_column][vc_empty_space][vc_separator color=\u00a0\u00bbjuicy_pink\u00a0\u00bb border_width=\u00a0\u00bb3&Prime; el_width=\u00a0\u00bb10&Prime;][vc_empty_space][vc_column_text]L&rsquo;ensemble des \u00e9quipes d&rsquo;Abaca Corporate restent mobilis\u00e9es et pr\u00eates \u00e0 organiser vos shootings photo dans le respect des r\u00e8gles sanitaires.<\/p>\n<p>Vous aussi faites appel au professionalisme d\u2019Abaca Corporate et demandez-nous un devis adapt\u00e9 \u00e0 votre projet photo.<\/p>\n<p>https:\/\/abacapress.com\/[\/vc_column_text][\/vc_column][\/vc_row]<\/p>\n<\/div>","protected":false},"excerpt":{"rendered":"<p>[vc_row][vc_column][vc_column_text]Cette semaine, nous avons eu le privil\u00e8ge de discuter avec Etienne Jeanneret, photographe et vid\u00e9aste professionnel avec lequel Abaca Corporate collabore depuis plusieurs ann\u00e9es. En v\u00e9ritable couteau suisse, il collabore avec tous types de structure et sur des projets divers [&hellip;]<\/p>\n","protected":false},"author":4,"featured_media":5446,"comment_status":"closed","ping_status":"closed","sticky":false,"template":"","format":"standard","meta":{"footnotes":""},"categories":[138,137,140],"tags":[],"class_list":["post-5444","post","type-post","status-publish","format-standard","has-post-thumbnail","hentry","category-evenementiel","category-portrait","category-reportage"],"_links":{"self":[{"href":"https:\/\/abacapress.com\/corporate\/wp-json\/wp\/v2\/posts\/5444","targetHints":{"allow":["GET"]}}],"collection":[{"href":"https:\/\/abacapress.com\/corporate\/wp-json\/wp\/v2\/posts"}],"about":[{"href":"https:\/\/abacapress.com\/corporate\/wp-json\/wp\/v2\/types\/post"}],"author":[{"embeddable":true,"href":"https:\/\/abacapress.com\/corporate\/wp-json\/wp\/v2\/users\/4"}],"replies":[{"embeddable":true,"href":"https:\/\/abacapress.com\/corporate\/wp-json\/wp\/v2\/comments?post=5444"}],"version-history":[{"count":0,"href":"https:\/\/abacapress.com\/corporate\/wp-json\/wp\/v2\/posts\/5444\/revisions"}],"wp:featuredmedia":[{"embeddable":true,"href":"https:\/\/abacapress.com\/corporate\/wp-json\/wp\/v2\/media\/5446"}],"wp:attachment":[{"href":"https:\/\/abacapress.com\/corporate\/wp-json\/wp\/v2\/media?parent=5444"}],"wp:term":[{"taxonomy":"category","embeddable":true,"href":"https:\/\/abacapress.com\/corporate\/wp-json\/wp\/v2\/categories?post=5444"},{"taxonomy":"post_tag","embeddable":true,"href":"https:\/\/abacapress.com\/corporate\/wp-json\/wp\/v2\/tags?post=5444"}],"curies":[{"name":"wp","href":"https:\/\/api.w.org\/{rel}","templated":true}]}}