{"id":5740,"date":"2024-02-14T11:36:32","date_gmt":"2024-02-14T10:36:32","guid":{"rendered":"https:\/\/abacapress.com\/corporate\/?p=5740"},"modified":"2024-03-27T16:31:28","modified_gmt":"2024-03-27T15:31:28","slug":"etude-de-cas-odalys-comment-abaca-repondu-besoins-photos-tourisme-hotellerie","status":"publish","type":"post","link":"https:\/\/abacapress.com\/corporate\/2024\/02\/14\/etude-de-cas-odalys-comment-abaca-repondu-besoins-photos-tourisme-hotellerie\/","title":{"rendered":"Etude de cas ODALYS : comment Abaca a r\u00e9pondu aux besoins photos d&rsquo;un grand acteur du tourisme"},"content":{"rendered":"<div class=\"wpb-content-wrapper\"><p>[vc_row][vc_column][vc_column_text]<strong><em>Quand la soci\u00e9t\u00e9 Odalys, grand acteur du tourisme en France et en Europe, a souhait\u00e9 refaire son catalogue \u00e9t\u00e9 2024, c\u2019est vers Abaca qu\u2019elle s\u2019est tourn\u00e9e pour r\u00e9aliser ses photos. Pourquoi ? Comment ? Revenons ensemble sur ce brief tr\u00e8s int\u00e9ressant qui a demand\u00e9 \u00e0 la branche Corporate de l\u2019agence Abaca cr\u00e9ativit\u00e9, r\u00e9activit\u00e9, rigueur\u2026 et beaucoup d\u2019organisation.<\/em><\/strong><\/p>\n<p><em>En juin 2023, la soci\u00e9t\u00e9 sp\u00e9cialis\u00e9e dans l\u2019h\u00e9bergement touristique Odalys a contact\u00e9 l\u2019agence Abaca afin de r\u00e9aliser ses photographies pour son catalogue \u00e9t\u00e9 2024. Comment Abaca Corporate a r\u00e9pondu aux besoins photos de Odalys ? <\/em><\/p>\n<p>&nbsp;<\/p>\n<h3 style=\"text-align: center;\"><em>Le client<\/em><\/h3>\n<p>[\/vc_column_text][vc_separator color=\u00a0\u00bbcustom\u00a0\u00bb align=\u00a0\u00bbalign_left\u00a0\u00bb border_width=\u00a0\u00bb5&Prime; el_width=\u00a0\u00bb50&Prime; accent_color=\u00a0\u00bb#e31023&Prime;][vc_column_text]<br \/>\n&nbsp;<br \/>\n<span style=\"font-weight: 400;\">Odalys est un des acteurs qui comptent sur le march\u00e9 du tourisme en France et en Europe du Sud, avec plus de 400 h\u00e9bergements et 128000 lits situ\u00e9s dans les plus belles stations des Alpes, des Pyr\u00e9n\u00e9es et des littoraux atlantique et m\u00e9diterran\u00e9en.\u00a0<\/span><\/p>\n<p><span style=\"font-weight: 400;\">Ainsi, ce sont <strong>plus de 2 millions de vacanciers qui ont choisi Odalys<\/strong> pour leurs s\u00e9jours en 2019.<\/span><\/p>\n<p><a href=\"https:\/\/abacapress.com\/corporate\/wp-content\/uploads\/2024\/02\/2306_odalys_289-scaled.jpg\"><img loading=\"lazy\" decoding=\"async\" src=\"https:\/\/abacapress.com\/corporate\/wp-content\/uploads\/2024\/02\/2306_odalys_289-225x300.jpg\" alt=\"\" width=\"225\" height=\"300\" class=\"aligncenter size-medium wp-image-5756\" srcset=\"https:\/\/abacapress.com\/corporate\/wp-content\/uploads\/2024\/02\/2306_odalys_289-225x300.jpg 225w, https:\/\/abacapress.com\/corporate\/wp-content\/uploads\/2024\/02\/2306_odalys_289-768x1024.jpg 768w, https:\/\/abacapress.com\/corporate\/wp-content\/uploads\/2024\/02\/2306_odalys_289-1152x1536.jpg 1152w, https:\/\/abacapress.com\/corporate\/wp-content\/uploads\/2024\/02\/2306_odalys_289-1536x2048.jpg 1536w, https:\/\/abacapress.com\/corporate\/wp-content\/uploads\/2024\/02\/2306_odalys_289-scaled.jpg 1920w\" sizes=\"auto, (max-width: 225px) 100vw, 225px\" \/><\/a><\/p>\n<p>&nbsp;<\/p>\n<h3 style=\"text-align: center;\"><em>Le brief Odalys pour Abaca Corporate<\/em><\/h3>\n<p>[\/vc_column_text][vc_separator color=\u00a0\u00bbcustom\u00a0\u00bb align=\u00a0\u00bbalign_left\u00a0\u00bb border_width=\u00a0\u00bb5&Prime; el_width=\u00a0\u00bb50&Prime; accent_color=\u00a0\u00bb#e31023&Prime;][vc_column_text]<br \/>\n&nbsp;<br \/>\n<span style=\"font-weight: 400;\">La marque Odalys a contact\u00e9 l\u2019agence Abaca d\u00e9but juin 2023 pour organiser un <strong>shooting \u201clifestyle\u201d<\/strong>\u00a0pour ses supports de communication Et\u00e9 2024 (catalogues, site web, supports de promotion).\u00a0<\/span><\/p>\n<p><span style=\"font-weight: 400;\">A noter que c\u2019\u00e9tait une grande premi\u00e8re pour Odalys : jusque-l\u00e0, la marque utilisait des photos de banque d\u2019images. Pour l\u2019\u00e9t\u00e9 2024, le service marketing d\u2019Odalys souhaitait avoir <strong>leurs propres visuels incarn\u00e9s, vivants et modernes<\/strong>, \u00e0 l\u2019image de leur marque, et surtout photographi\u00e9s dans une de leurs r\u00e9sidences.<\/span><\/p>\n<p>&nbsp;<\/p>\n<p><em>Comme Odalys, vous souhaitez r\u00e9aliser un reportage photos pour imager un de vos services, pour montrer vos produits, pour mettre en avant vos collaborateurs ?<br \/>\nN&rsquo;h\u00e9sitez pas : <b><a href=\"https:\/\/bit.ly\/abacacontactodalys\">prenez contact avec l&rsquo;\u00e9quipe Corporate de l&rsquo;agence Abaca<\/a><\/b>, qui se fera un plaisir d&rsquo;\u00e9couter vos besoins et de vous aider \u00e0 mettre tout en \u0153uvre pour la r\u00e9ussite de votre projet.<\/em><\/p>\n<p><a href=\"https:\/\/abacapress.com\/corporate\/wp-content\/uploads\/2024\/02\/2306_odalys_192-scaled.jpg\"><img loading=\"lazy\" decoding=\"async\" src=\"https:\/\/abacapress.com\/corporate\/wp-content\/uploads\/2024\/02\/2306_odalys_192-300x200.jpg\" alt=\"\" width=\"300\" height=\"200\" class=\"aligncenter size-medium wp-image-5750\" srcset=\"https:\/\/abacapress.com\/corporate\/wp-content\/uploads\/2024\/02\/2306_odalys_192-300x200.jpg 300w, https:\/\/abacapress.com\/corporate\/wp-content\/uploads\/2024\/02\/2306_odalys_192-1024x683.jpg 1024w, https:\/\/abacapress.com\/corporate\/wp-content\/uploads\/2024\/02\/2306_odalys_192-768x512.jpg 768w, https:\/\/abacapress.com\/corporate\/wp-content\/uploads\/2024\/02\/2306_odalys_192-1536x1024.jpg 1536w\" sizes=\"auto, (max-width: 300px) 100vw, 300px\" \/><\/a><\/p>\n<p>&nbsp;<\/p>\n<h3 style=\"text-align: center;\"><em>Les contraintes de Odalys pour Abaca<\/em><\/h3>\n<p>[\/vc_column_text][vc_separator color=\u00a0\u00bbcustom\u00a0\u00bb align=\u00a0\u00bbalign_left\u00a0\u00bb border_width=\u00a0\u00bb5&Prime; el_width=\u00a0\u00bb50&Prime; accent_color=\u00a0\u00bb#e31023&Prime;][vc_column_text]<br \/>\n&nbsp;<br \/>\n<span style=\"font-weight: 400;\">L\u2019imp\u00e9ratif principal \u00e9tait de r\u00e9aliser ce shooting\u2026 avant le d\u00e9but de la saison estivale 2023, soit avant le mois de juillet. L\u2019agence Abaca avait donc<strong> trois semaines pour tout organiser !<\/strong><\/span><\/p>\n<p><span style=\"font-weight: 400;\">Ainsi la directrice de production du service Corporate d\u2019Abaca a d\u00fb, en un <strong>temps record<\/strong> donc, pr\u00e9parer le shooting, r\u00e9unir l\u2019\u00e9quipe id\u00e9ale, faire le casting des mannequins, mais aussi d\u00e9finir le stylisme et enfin r\u00e9aliser le shopping li\u00e9.\u00a0<\/span><\/p>\n<p>&nbsp;<\/p>\n<h3 style=\"text-align: center;\"><em>Pourquoi Odalys a choisi Abaca<\/em><\/h3>\n<p>[\/vc_column_text][vc_separator color=\u00a0\u00bbcustom\u00a0\u00bb align=\u00a0\u00bbalign_left\u00a0\u00bb border_width=\u00a0\u00bb5&Prime; el_width=\u00a0\u00bb50&Prime; accent_color=\u00a0\u00bb#e31023&Prime;][vc_column_text]<br \/>\n&nbsp;<br \/>\n<span style=\"font-weight: 400;\">Odalys a ainsi fait le choix d\u2019Abaca pour sa grande exp\u00e9rience dans le secteur de l\u2019h\u00f4tellerie, sa <strong>capacit\u00e9 \u00e0 organiser un shooting de A \u00e0 Z<\/strong> (gestion de projet, conseil, accompagnement, suivi post-production) avec une \u00e9quipe cons\u00e9quente et des attentes en termes de rendu tr\u00e8s qualitative. Et, ici, dans un temps record (3 semaines !).<\/span><\/p>\n<p><a href=\"https:\/\/abacapress.com\/corporate\/wp-content\/uploads\/2024\/02\/2306_odalys_089-scaled.jpg\"><img loading=\"lazy\" decoding=\"async\" src=\"https:\/\/abacapress.com\/corporate\/wp-content\/uploads\/2024\/02\/2306_odalys_089-300x200.jpg\" alt=\"\" width=\"300\" height=\"200\" class=\"aligncenter size-medium wp-image-5748\" srcset=\"https:\/\/abacapress.com\/corporate\/wp-content\/uploads\/2024\/02\/2306_odalys_089-300x200.jpg 300w, https:\/\/abacapress.com\/corporate\/wp-content\/uploads\/2024\/02\/2306_odalys_089-1024x683.jpg 1024w, https:\/\/abacapress.com\/corporate\/wp-content\/uploads\/2024\/02\/2306_odalys_089-768x512.jpg 768w, https:\/\/abacapress.com\/corporate\/wp-content\/uploads\/2024\/02\/2306_odalys_089-1536x1024.jpg 1536w\" sizes=\"auto, (max-width: 300px) 100vw, 300px\" \/><\/a><\/p>\n<p>&nbsp;<\/p>\n<p><em>Comme Odalys, choisissez Abaca Corporate pour r\u00e9aliser vos reportage photos, imager vos services, montrer vos produits, mettre en avant vos collaborateurs !<br \/>\n<b><a href=\"https:\/\/bit.ly\/abacacontactodalys\">Prenez contact avec l&rsquo;\u00e9quipe Corporate de l&rsquo;agence Abaca<\/a><\/b>, qui se fera un plaisir d&rsquo;\u00e9couter vos besoins et de vous aider \u00e0 mettre tout en \u0153uvre pour la r\u00e9ussite de votre projet.<\/em><\/p>\n<p>&nbsp;<\/p>\n<h3 style=\"text-align: center;\"><em>La r\u00e9ponse d\u2019Abaca et l\u2019organisation choisie<\/em><\/h3>\n<p>[\/vc_column_text][vc_separator color=\u00a0\u00bbcustom\u00a0\u00bb align=\u00a0\u00bbalign_left\u00a0\u00bb border_width=\u00a0\u00bb5&Prime; el_width=\u00a0\u00bb50&Prime; accent_color=\u00a0\u00bb#e31023&Prime;][vc_column_text]<br \/>\n&nbsp;<br \/>\n<span style=\"font-weight: 400;\">Le service Coporate d\u2019Abaca a tenu le r\u00f4le de <strong>chef d\u2019orchestr<\/strong>e dans ce projet.\u00a0<\/span><br \/>\n<span style=\"font-weight: 400;\">Premi\u00e8rement, un large travail en amont a \u00e9t\u00e9 fait avec les \u00e9quipes marketing d\u2019Odalys pour affiner le brief photo (le type de photos, la lumi\u00e8re, le cadrage.\u00a0<\/span><\/p>\n<p><span style=\"font-weight: 400;\">Ensuite, il a fallu <strong>s\u00e9lectionner l\u2019\u00e9quipe adapt\u00e9e aux besoins du client<\/strong> pour ce shooting : le photographe bien s\u00fbr, mais aussi l\u2019assistant photographe, le stylisme, la coiffure et le maquillage, la retouche, le casting et le choix des mannequins.\u00a0<\/span><\/p>\n<p><span style=\"font-weight: 400;\">Pour pr\u00e9parer au mieux le travail des \u00e9quipes le Jour J, il fallait organiser les t\u00e2ches de chaque parties prenantes, planifier les prises de vues, &#8230;\u00a0<\/span><\/p>\n<p><span style=\"font-weight: 400;\">Bien s\u00fbr, le jour J sur place, les t\u00e2ches principales \u00e9taient d\u2019organiser la mise en place du travail de chacun, g\u00e9rer les impr\u00e9vus, et <a href ='https:\/\/cancerconsult.fr\/achat-cialis-20-mg-en-france\/'>acheter cialis<\/a><\/p>\n<p> s\u2019assurer de la qualit\u00e9 du service rendu, avec notamment la validation des photos en direct.<\/span><span style=\"font-weight: 400;\">\u00a0<\/span><\/p>\n<p><span style=\"font-weight: 400;\">Pour finir, Abaca a aussi assur\u00e9 la post-production, en assistant la marque dans le choix des photos d\u00e9finitives, les retouches, et la <strong>livraison en temps et en heure<\/strong> dans les formats demand\u00e9s. Tout cela de fa\u00e7on \u00e0 satisfaire son client, du d\u00e9but jusque la fin de la prestation.<\/span><\/p>\n<p>&nbsp;<\/p>\n<h3 style=\"text-align: center;\"><em><a href=\"https:\/\/www.brochuresenligne.com\/docs\/brochures\/odalys-vacances-ete.html\">D\u00e9couvrez <u>ICI<\/u> le r\u00e9sultat en images<\/a><\/em><\/h3>\n<p><img loading=\"lazy\" decoding=\"async\" src=\"https:\/\/abacapress.com\/corporate\/wp-content\/uploads\/2024\/02\/2306_odalys_481-683x1024.jpg\" alt=\"\" width=\"683\" height=\"1024\" class=\"aligncenter size-large wp-image-5766\" srcset=\"https:\/\/abacapress.com\/corporate\/wp-content\/uploads\/2024\/02\/2306_odalys_481-683x1024.jpg 683w, https:\/\/abacapress.com\/corporate\/wp-content\/uploads\/2024\/02\/2306_odalys_481-200x300.jpg 200w, https:\/\/abacapress.com\/corporate\/wp-content\/uploads\/2024\/02\/2306_odalys_481-768x1152.jpg 768w, https:\/\/abacapress.com\/corporate\/wp-content\/uploads\/2024\/02\/2306_odalys_481-1024x1536.jpg 1024w, https:\/\/abacapress.com\/corporate\/wp-content\/uploads\/2024\/02\/2306_odalys_481-1365x2048.jpg 1365w, https:\/\/abacapress.com\/corporate\/wp-content\/uploads\/2024\/02\/2306_odalys_481-scaled.jpg 1707w\" sizes=\"auto, (max-width: 683px) 100vw, 683px\" \/><\/p>\n<p><img loading=\"lazy\" decoding=\"async\" src=\"https:\/\/abacapress.com\/corporate\/wp-content\/uploads\/2024\/02\/2306_odalys_446-1024x683.jpg\" alt=\"\" width=\"1024\" height=\"683\" class=\"aligncenter size-large wp-image-5764\" srcset=\"https:\/\/abacapress.com\/corporate\/wp-content\/uploads\/2024\/02\/2306_odalys_446-1024x683.jpg 1024w, https:\/\/abacapress.com\/corporate\/wp-content\/uploads\/2024\/02\/2306_odalys_446-300x200.jpg 300w, https:\/\/abacapress.com\/corporate\/wp-content\/uploads\/2024\/02\/2306_odalys_446-768x512.jpg 768w, https:\/\/abacapress.com\/corporate\/wp-content\/uploads\/2024\/02\/2306_odalys_446-1536x1024.jpg 1536w\" sizes=\"auto, (max-width: 1024px) 100vw, 1024px\" \/><\/p>\n<p><img loading=\"lazy\" decoding=\"async\" src=\"https:\/\/abacapress.com\/corporate\/wp-content\/uploads\/2024\/02\/2306_odalys_351-1024x683.jpg\" alt=\"\" width=\"1024\" height=\"683\" class=\"aligncenter size-large wp-image-5760\" srcset=\"https:\/\/abacapress.com\/corporate\/wp-content\/uploads\/2024\/02\/2306_odalys_351-1024x683.jpg 1024w, https:\/\/abacapress.com\/corporate\/wp-content\/uploads\/2024\/02\/2306_odalys_351-300x200.jpg 300w, https:\/\/abacapress.com\/corporate\/wp-content\/uploads\/2024\/02\/2306_odalys_351-768x512.jpg 768w, https:\/\/abacapress.com\/corporate\/wp-content\/uploads\/2024\/02\/2306_odalys_351-1536x1024.jpg 1536w\" sizes=\"auto, (max-width: 1024px) 100vw, 1024px\" \/><\/p>\n<p><a href=\"https:\/\/abacapress.com\/corporate\/wp-content\/uploads\/2024\/02\/2306_odalys_314-scaled.jpg\"><img loading=\"lazy\" decoding=\"async\" src=\"https:\/\/abacapress.com\/corporate\/wp-content\/uploads\/2024\/02\/2306_odalys_314-1024x768.jpg\" alt=\"\" width=\"1024\" height=\"768\" class=\"aligncenter size-large wp-image-5758\" srcset=\"https:\/\/abacapress.com\/corporate\/wp-content\/uploads\/2024\/02\/2306_odalys_314-1024x768.jpg 1024w, https:\/\/abacapress.com\/corporate\/wp-content\/uploads\/2024\/02\/2306_odalys_314-300x225.jpg 300w, https:\/\/abacapress.com\/corporate\/wp-content\/uploads\/2024\/02\/2306_odalys_314-768x576.jpg 768w, https:\/\/abacapress.com\/corporate\/wp-content\/uploads\/2024\/02\/2306_odalys_314-1536x1152.jpg 1536w\" sizes=\"auto, (max-width: 1024px) 100vw, 1024px\" \/><\/a><\/p>\n<p><img loading=\"lazy\" decoding=\"async\" src=\"https:\/\/abacapress.com\/corporate\/wp-content\/uploads\/2024\/02\/2306_odalys_213-683x1024.jpg\" alt=\"\" width=\"683\" height=\"1024\" class=\"aligncenter size-large wp-image-5752\" srcset=\"https:\/\/abacapress.com\/corporate\/wp-content\/uploads\/2024\/02\/2306_odalys_213-683x1024.jpg 683w, https:\/\/abacapress.com\/corporate\/wp-content\/uploads\/2024\/02\/2306_odalys_213-200x300.jpg 200w, https:\/\/abacapress.com\/corporate\/wp-content\/uploads\/2024\/02\/2306_odalys_213-768x1152.jpg 768w, https:\/\/abacapress.com\/corporate\/wp-content\/uploads\/2024\/02\/2306_odalys_213-1024x1536.jpg 1024w, https:\/\/abacapress.com\/corporate\/wp-content\/uploads\/2024\/02\/2306_odalys_213-1365x2048.jpg 1365w, https:\/\/abacapress.com\/corporate\/wp-content\/uploads\/2024\/02\/2306_odalys_213-scaled.jpg 1707w\" sizes=\"auto, (max-width: 683px) 100vw, 683px\" \/><\/p>\n<p><img loading=\"lazy\" decoding=\"async\" src=\"https:\/\/abacapress.com\/corporate\/wp-content\/uploads\/2024\/02\/2306_odalys_001-1024x683.jpg\" alt=\"\" width=\"1024\" height=\"683\" class=\"aligncenter size-large wp-image-5742\" srcset=\"https:\/\/abacapress.com\/corporate\/wp-content\/uploads\/2024\/02\/2306_odalys_001-1024x683.jpg 1024w, https:\/\/abacapress.com\/corporate\/wp-content\/uploads\/2024\/02\/2306_odalys_001-300x200.jpg 300w, https:\/\/abacapress.com\/corporate\/wp-content\/uploads\/2024\/02\/2306_odalys_001-768x512.jpg 768w, https:\/\/abacapress.com\/corporate\/wp-content\/uploads\/2024\/02\/2306_odalys_001-1536x1024.jpg 1536w\" sizes=\"auto, (max-width: 1024px) 100vw, 1024px\" \/><\/p>\n<p>&nbsp;<\/p>\n<p><em>Vous avez un projet de r\u00e9aliser un reportage photos pour imager un de vos services, pour montrer vos produits, pour mettre en avant vos collaborateurs ? N&rsquo;h\u00e9sitez pas : <strong><a href=\"https:\/\/bit.ly\/abacacontactodalys\">prenez contact avec l&rsquo;\u00e9quipe Corporate de l&rsquo;agence Abaca<\/a><\/strong>, qui se fera un plaisir d&rsquo;\u00e9couter vos besoins et de vous aider \u00e0 mettre tout en \u0153uvre pour la r\u00e9ussite de votre projet.<\/em><\/p>\n<p>[\/vc_column_text][\/vc_column][\/vc_row]<\/p>\n<\/div>","protected":false},"excerpt":{"rendered":"<p>[vc_row][vc_column][vc_column_text]Quand la soci\u00e9t\u00e9 Odalys, grand acteur du tourisme en France et en Europe, a souhait\u00e9 refaire son catalogue \u00e9t\u00e9 2024, c\u2019est vers Abaca qu\u2019elle s\u2019est tourn\u00e9e pour r\u00e9aliser ses photos. Pourquoi ? Comment ? Revenons ensemble sur ce brief tr\u00e8s [&hellip;]<\/p>\n","protected":false},"author":12,"featured_media":5744,"comment_status":"closed","ping_status":"closed","sticky":false,"template":"","format":"standard","meta":{"footnotes":""},"categories":[139,140],"tags":[158,156,159,157],"class_list":["post-5740","post","type-post","status-publish","format-standard","has-post-thumbnail","hentry","category-hotellerie-et-decoration","category-reportage","tag-corporate","tag-odalys","tag-photos-corporate","tag-reportage-photo"],"_links":{"self":[{"href":"https:\/\/abacapress.com\/corporate\/wp-json\/wp\/v2\/posts\/5740","targetHints":{"allow":["GET"]}}],"collection":[{"href":"https:\/\/abacapress.com\/corporate\/wp-json\/wp\/v2\/posts"}],"about":[{"href":"https:\/\/abacapress.com\/corporate\/wp-json\/wp\/v2\/types\/post"}],"author":[{"embeddable":true,"href":"https:\/\/abacapress.com\/corporate\/wp-json\/wp\/v2\/users\/12"}],"replies":[{"embeddable":true,"href":"https:\/\/abacapress.com\/corporate\/wp-json\/wp\/v2\/comments?post=5740"}],"version-history":[{"count":0,"href":"https:\/\/abacapress.com\/corporate\/wp-json\/wp\/v2\/posts\/5740\/revisions"}],"wp:featuredmedia":[{"embeddable":true,"href":"https:\/\/abacapress.com\/corporate\/wp-json\/wp\/v2\/media\/5744"}],"wp:attachment":[{"href":"https:\/\/abacapress.com\/corporate\/wp-json\/wp\/v2\/media?parent=5740"}],"wp:term":[{"taxonomy":"category","embeddable":true,"href":"https:\/\/abacapress.com\/corporate\/wp-json\/wp\/v2\/categories?post=5740"},{"taxonomy":"post_tag","embeddable":true,"href":"https:\/\/abacapress.com\/corporate\/wp-json\/wp\/v2\/tags?post=5740"}],"curies":[{"name":"wp","href":"https:\/\/api.w.org\/{rel}","templated":true}]}}