{"id":5836,"date":"2024-03-13T13:35:00","date_gmt":"2024-03-13T12:35:00","guid":{"rendered":"https:\/\/abacapress.com\/corporate\/?p=5836"},"modified":"2024-05-23T12:52:02","modified_gmt":"2024-05-23T10:52:02","slug":"etude-de-cas-photos-retour-sur-festival-regies-en-scene-couvert-par-abaca","status":"publish","type":"post","link":"https:\/\/abacapress.com\/corporate\/2024\/03\/13\/etude-de-cas-photos-retour-sur-festival-regies-en-scene-couvert-par-abaca\/","title":{"rendered":"Etude de cas Photos : retour sur&#8230; le festival \u00ab\u00a0R\u00e9gies en sc\u00e8ne\u00a0\u00bb couvert par Abaca"},"content":{"rendered":"<div class=\"wpb-content-wrapper\"><p>[vc_row][vc_column][vc_column_text]<strong><em>Le 9 juin dernier, le Mouvement des R\u00e9gies (MDR), porte-voix des 127 R\u00e9gies de Quartier et Territoire de France, a organis\u00e9 \u201cR\u00e9gies en sc\u00e8ne\u201d. Pour offrir \u00e0 son festival des initiatives populaires une couverture photo digne des plus grands \u00e9v\u00e9nements, l\u2019agence Abaca a su proposer \u00e0 l\u2019organisme une organisation m\u00ealant cr\u00e9ativit\u00e9, rigueur, professionnalisme et r\u00e9activit\u00e9.<br \/>\n<\/em><\/strong><\/p>\n<p><a href=\"https:\/\/abacapress.com\/corporate\/wp-content\/uploads\/2024\/03\/ABACA_BRLeMouvementdesRegies20230609_313-scaled.jpg\"><img loading=\"lazy\" decoding=\"async\" src=\"https:\/\/abacapress.com\/corporate\/wp-content\/uploads\/2024\/03\/ABACA_BRLeMouvementdesRegies20230609_313-1024x683.jpg\" alt=\"\" width=\"300\" height=\"200\" class=\"size-large wp-image-5842\" srcset=\"https:\/\/abacapress.com\/corporate\/wp-content\/uploads\/2024\/03\/ABACA_BRLeMouvementdesRegies20230609_313-1024x683.jpg 1024w, https:\/\/abacapress.com\/corporate\/wp-content\/uploads\/2024\/03\/ABACA_BRLeMouvementdesRegies20230609_313-300x200.jpg 300w, https:\/\/abacapress.com\/corporate\/wp-content\/uploads\/2024\/03\/ABACA_BRLeMouvementdesRegies20230609_313-768x512.jpg 768w, https:\/\/abacapress.com\/corporate\/wp-content\/uploads\/2024\/03\/ABACA_BRLeMouvementdesRegies20230609_313-1536x1024.jpg 1536w\" sizes=\"auto, (max-width: 300px) 100vw, 300px\" \/><\/a><\/p>\n<p><em>En juin 2023, le Mouvement des R\u00e9gies a fait appel \u00e0 l\u2019agence ABACA pour couvrir le festival \u201cR\u00e9gies en sc\u00e8ne\u201d, un \u00e9v\u00e9nement organis\u00e9 au Domaine de Saint-Cloud r\u00e9unissant quelque 2500 convives. Comment Abaca Corporate a r\u00e9pondu au brief du MDR ?<\/em><\/p>\n<p>&nbsp;<\/p>\n<h3 style=\"text-align: center;\"><em>Le client<\/em><\/h3>\n<p>[\/vc_column_text][vc_separator color=\u00a0\u00bbcustom\u00a0\u00bb align=\u00a0\u00bbalign_center\u00a0\u00bb border_width=\u00a0\u00bb5&Prime; el_width=\u00a0\u00bb50&Prime; accent_color=\u00a0\u00bb#e31023&Prime;][vc_column_text]<br \/>\n&nbsp;<br \/>\n<span style=\"font-weight: 400;\">Le Mouvement des R\u00e9gies (ainsi nomm\u00e9 depuis 2022 apr\u00e8s plus de 30 ans sous l\u2019appellation CNLRQ &#8211; Comit\u00e9 National de Liaison des R\u00e9gies de Quartier) est le porte-voix des 127 r\u00e9gies de quartier et de territoire. Son r\u00f4le est d\u2019accompagner et <strong>mettre en avant les actions des hommes et femmes qui, chaque jour, \u0153uvrent au niveau local<\/strong> pour le bien-\u00eatre des habitants des quartiers prioritaires et du monde rural.<br \/>\nLe MDR soutient et aide les r\u00e9gies de quartier et de territoire \u00e0 imaginer et mettre en \u0153uvre des r\u00e9ponses pragmatiques, sur mesure et efficaces aux besoins des habitants.<br \/>\n<\/span><\/p>\n<p><a href=\"https:\/\/abacapress.com\/corporate\/wp-content\/uploads\/2024\/03\/ABACA_BRLeMouvementdesRegies20230609_067-scaled.jpg\"><img loading=\"lazy\" decoding=\"async\" src=\"https:\/\/abacapress.com\/corporate\/wp-content\/uploads\/2024\/03\/ABACA_BRLeMouvementdesRegies20230609_067-150x150.jpg\" alt=\"\" width=\"300\" height=\"200\" class=\"size-thumbnail wp-image-5850\" srcset=\"https:\/\/abacapress.com\/corporate\/wp-content\/uploads\/2024\/03\/ABACA_BRLeMouvementdesRegies20230609_067-300x200.jpg 300w, https:\/\/abacapress.com\/corporate\/wp-content\/uploads\/2024\/03\/ABACA_BRLeMouvementdesRegies20230609_067-1024x683.jpg 1024w, https:\/\/abacapress.com\/corporate\/wp-content\/uploads\/2024\/03\/ABACA_BRLeMouvementdesRegies20230609_067-768x512.jpg 768w, https:\/\/abacapress.com\/corporate\/wp-content\/uploads\/2024\/03\/ABACA_BRLeMouvementdesRegies20230609_067-1536x1024.jpg 1536w\" sizes=\"auto, (max-width: 300px) 100vw, 300px\" \/><\/a><\/p>\n<p>&nbsp;<\/p>\n<p><em>Comme le Mouvement des R\u00e9gies, vous souhaitez r\u00e9aliser un reportage photos pour couvrir un \u00e9v\u00e9nement corporate ou une c\u00e9l\u00e9bration en interne, pour montrer vos produits ou mettre en avant vos collaborateurs ?<br \/>\nN\u2019h\u00e9sitez pas : <a href=\"https:\/\/bit.ly\/abacacontactregiesenscene\" rel=\"noopener\" target=\"_blank\">prenez contact avec l\u2019\u00e9quipe Corporate de l\u2019agence Abaca<\/a>, qui vous aidera pour la r\u00e9ussite de votre projet.<\/em><\/p>\n<h3 style=\"text-align: center;\"><em>LE FESTIVAL \u201cR\u00c9GIES EN SC\u00c8NE\u201d EN D\u00c9TAILS<br \/>\n<\/em><\/h3>\n<p>[\/vc_column_text][vc_separator color=\u00a0\u00bbcustom\u00a0\u00bb align=\u00a0\u00bbalign_center\u00a0\u00bb border_width=\u00a0\u00bb5&Prime; el_width=\u00a0\u00bb50&Prime; accent_color=\u00a0\u00bb#e31023&Prime;][vc_column_text]<br \/>\n&nbsp;<br \/>\n<span style=\"font-weight: 400;\">Le Mouvement des R\u00e9gies (MDR) organisait son festival \u201c R\u00e9gies en sc\u00e8ne\u201d le 9 juin dernier. L\u2019occasion aussi pour le MDR de c\u00e9l\u00e9brer les 40 ans des R\u00e9gies de Quartiers (RDQ) qu\u2019il soutient au quotidien.<br \/>\nOrganis\u00e9e sur une journ\u00e9e enti\u00e8re, <strong>le festival attendait la venue de plus de 2500 personnes<\/strong>, pour la plupart membres des r\u00e9gies partenaires, sur le c\u00e9l\u00e9brissime Domaine National de Saint-Cloud.<br \/>\nAu programme de la journ\u00e9e : des ateliers, des projections, des tables rondes, des animations, des \u00e9changes autour du th\u00e8me de la transition \u00e9cologique, mais aussi l&rsquo;exposition \u201cMusique, musique\u201d par deux m\u00e9diatrices du Centre Pompidou dans le MUMO, le Mus\u00e9e itin\u00e9rant du centre Pompidou, ainsi qu\u2019un grand tournoi de football. Enfin, pour cl\u00f4turer cette journ\u00e9e de festivit\u00e9s\u2026 un concert du groupe Massilia Sound System !<br \/>\n<\/span><\/p>\n<p><a href=\"https:\/\/abacapress.com\/corporate\/wp-content\/uploads\/2024\/03\/ABACA_BRLeMouvementdesRegies20230609_235-scaled.jpg\"><img loading=\"lazy\" decoding=\"async\" src=\"https:\/\/abacapress.com\/corporate\/wp-content\/uploads\/2024\/03\/ABACA_BRLeMouvementdesRegies20230609_235-300x200.jpg\" alt=\"\" width=\"300\" height=\"200\" class=\"size-medium wp-image-5864\" srcset=\"https:\/\/abacapress.com\/corporate\/wp-content\/uploads\/2024\/03\/ABACA_BRLeMouvementdesRegies20230609_235-300x200.jpg 300w, https:\/\/abacapress.com\/corporate\/wp-content\/uploads\/2024\/03\/ABACA_BRLeMouvementdesRegies20230609_235-1024x683.jpg 1024w, https:\/\/abacapress.com\/corporate\/wp-content\/uploads\/2024\/03\/ABACA_BRLeMouvementdesRegies20230609_235-768x512.jpg 768w, https:\/\/abacapress.com\/corporate\/wp-content\/uploads\/2024\/03\/ABACA_BRLeMouvementdesRegies20230609_235-1536x1024.jpg 1536w\" sizes=\"auto, (max-width: 300px) 100vw, 300px\" \/><\/a><\/p>\n<p>&nbsp;<\/p>\n<h3 style=\"text-align: center;\"><em>LE BRIEF DU MOUVEMENT DES REGIES POUR ABACA<br \/>\n<\/em><\/h3>\n<p>[\/vc_column_text][vc_separator color=\u00a0\u00bbcustom\u00a0\u00bb align=\u00a0\u00bbalign_center\u00a0\u00bb border_width=\u00a0\u00bb5&Prime; el_width=\u00a0\u00bb50&Prime; accent_color=\u00a0\u00bb#e31023&Prime;][vc_column_text]<br \/>\n&nbsp;<br \/>\n<span style=\"font-weight: 400;\">Outre<strong> la couverture de toutes les activit\u00e9s et festivit\u00e9s<\/strong> se d\u00e9roulant pendant la journ\u00e9e sur un domaine faisant plus de 400 hectares, le service communication du Mouvement des R\u00e9gies souhaitait surtout qu\u2019<strong>un maximum de photos soient mises \u00e0 disposition le plus rapidement possible<\/strong> des adh\u00e9rents de RDQ non pr\u00e9sents, afin qu\u2019ils puissent suivre la manifestation durant toute la journ\u00e9e.  <\/span><\/p>\n<p>&nbsp;<\/p>\n<h3 style=\"text-align: center;\"><em>Pourquoi le Mouvement des R\u00e9gies a choisi Abaca<\/em><\/h3>\n<p>[\/vc_column_text][vc_separator color=\u00a0\u00bbcustom\u00a0\u00bb align=\u00a0\u00bbalign_center\u00a0\u00bb border_width=\u00a0\u00bb5&Prime; el_width=\u00a0\u00bb50&Prime; accent_color=\u00a0\u00bb#e31023&Prime;][vc_column_text]<br \/>\n&nbsp;<br \/>\n<span style=\"font-weight: 400;\"> Le Mouvement des R\u00e9gies a fait le choix d\u2019Abaca pour <strong>sa large exp\u00e9rience dans la couverture d\u2019\u00e9v\u00e9nements B2B de grande ampleur<\/strong>, sa capacit\u00e9 reconnue d\u2019organisation, de production et de livraison dans <strong>des d\u00e9lais raccourcis<\/strong>.<br \/>\n<\/span><\/p>\n<p><a href=\"https:\/\/abacapress.com\/corporate\/wp-content\/uploads\/2024\/03\/ABACA_BRLeMouvementdesRegies20230609_006-scaled.jpg\"><img loading=\"lazy\" decoding=\"async\" src=\"https:\/\/abacapress.com\/corporate\/wp-content\/uploads\/2024\/03\/ABACA_BRLeMouvementdesRegies20230609_006-300x200.jpg\" alt=\"\" width=\"300\" height=\"200\" class=\"size-medium wp-image-5848\" srcset=\"https:\/\/abacapress.com\/corporate\/wp-content\/uploads\/2024\/03\/ABACA_BRLeMouvementdesRegies20230609_006-300x200.jpg 300w, https:\/\/abacapress.com\/corporate\/wp-content\/uploads\/2024\/03\/ABACA_BRLeMouvementdesRegies20230609_006-1024x683.jpg 1024w, https:\/\/abacapress.com\/corporate\/wp-content\/uploads\/2024\/03\/ABACA_BRLeMouvementdesRegies20230609_006-768x512.jpg 768w, https:\/\/abacapress.com\/corporate\/wp-content\/uploads\/2024\/03\/ABACA_BRLeMouvementdesRegies20230609_006-1536x1024.jpg 1536w\" sizes=\"auto, (max-width: 300px) 100vw, 300px\" \/><\/a><\/p>\n<p>&nbsp;<\/p>\n<p><em>Comme le Mouvement des R\u00e9gies, choisissez Abaca Corporate pour r\u00e9aliser vos reportages photos, montrer vos produits et services, mettre en avant vos collaborateurs !<br \/>\n<a href=\"https:\/\/bit.ly\/abacacontactregiesenscene\" rel=\"noopener\" target=\"_blank\">Prenez contact avec l\u2019\u00e9quipe Corporate de l\u2019agence Abaca<\/a>, qui se fera un plaisir d\u2019\u00e9couter vos besoins et de vous aider \u00e0 mettre tout en \u0153uvre pour la r\u00e9ussite de votre projet.<\/em><\/p>\n<p>&nbsp;<\/p>\n<h3 style=\"text-align: center;\"><em>La r\u00e9ponse d\u2019Abaca et l\u2019organisation choisie<\/em><\/h3>\n<p>[\/vc_column_text][vc_separator color=\u00a0\u00bbcustom\u00a0\u00bb align=\u00a0\u00bbalign_center\u00a0\u00bb border_width=\u00a0\u00bb5&Prime; el_width=\u00a0\u00bb50&Prime; accent_color=\u00a0\u00bb#e31023&Prime;][vc_column_text]<br \/>\n&nbsp;<br \/>\n<span style=\"font-weight: 400;\">Pour pouvoir r\u00e9pondre \u00e0 ce brief, la directrice de production de Abaca Corporate a mis \u00e0 disposition du Mouvement des R\u00e9gies <strong>deux photographes<\/strong> (J\u00e9r\u00f4me Domin\u00e9 et \u00e0 Aur\u00e9lien Morissard) ainsi qu\u2019<strong>une personne d\u00e9di\u00e9e \u00e0 l\u2019\u00e9dition en direct<\/strong> (Fanny Arlandis) pour trier les nombreuses photos prises et proposer la meilleure s\u00e9lection possible dans un temps tr\u00e8s court au community manager de l\u2019\u00e9v\u00e9nement, ce tout au long de la journ\u00e9e.<br \/>\n<\/span><\/p>\n<p>&nbsp;<\/p>\n<h3 style=\"text-align: center;\"><em>D\u00e9couvrez le r\u00e9sultat en images<\/em><\/h3>\n<p>[\/vc_column_text][vc_separator color=\u00a0\u00bbcustom\u00a0\u00bb align=\u00a0\u00bbalign_center\u00a0\u00bb border_width=\u00a0\u00bb5&Prime; el_width=\u00a0\u00bb50&Prime; accent_color=\u00a0\u00bb#e31023&Prime;][vc_column_text]<br \/>\n&nbsp;<br \/>\n<span style=\"font-weight: 400;\">Ce sont pr\u00e8s de <strong>4000 photos qui ont \u00e9t\u00e9 prises<\/strong> entre le d\u00e9but des festivit\u00e9s \u00e0 9h30 jusque la cl\u00f4ture \u00e0 19h30. Plus de<strong> 400 images ont \u00e9t\u00e9 choisies et mises \u00e0 la disposition de l\u2019organisateur<\/strong> pour diffusion sur ses r\u00e9seaux sociaux et son site institutionnel. <\/span><\/p>\n<div id=\"attachment_5868\" style=\"width: 310px\" class=\"wp-caption aligncenter\"><a href=\"https:\/\/abacapress.com\/corporate\/wp-content\/uploads\/2024\/03\/ABACA_BRLeMouvementdesRegies20230609_312-scaled.jpg\"><img loading=\"lazy\" decoding=\"async\" aria-describedby=\"caption-attachment-5868\" src=\"https:\/\/abacapress.com\/corporate\/wp-content\/uploads\/2024\/03\/ABACA_BRLeMouvementdesRegies20230609_312-300x200.jpg\" alt=\"\" width=\"300\" height=\"200\" class=\"size-medium wp-image-5868\" srcset=\"https:\/\/abacapress.com\/corporate\/wp-content\/uploads\/2024\/03\/ABACA_BRLeMouvementdesRegies20230609_312-300x200.jpg 300w, https:\/\/abacapress.com\/corporate\/wp-content\/uploads\/2024\/03\/ABACA_BRLeMouvementdesRegies20230609_312-1024x683.jpg 1024w, https:\/\/abacapress.com\/corporate\/wp-content\/uploads\/2024\/03\/ABACA_BRLeMouvementdesRegies20230609_312-768x512.jpg 768w, https:\/\/abacapress.com\/corporate\/wp-content\/uploads\/2024\/03\/ABACA_BRLeMouvementdesRegies20230609_312-1536x1024.jpg 1536w\" sizes=\"auto, (max-width: 300px) 100vw, 300px\" \/><\/a><p id=\"caption-attachment-5868\" class=\"wp-caption-text\">Photo d&rsquo;illustration lors de l&rsquo;\u00e9v\u00e8nement R\u00e9gies en Sc\u00e8ne, au domaine national de Saint-Cloud, le 9 juin 2023.  | BRLeMouvementdesRegies20230609_312<\/p><\/div><div id=\"attachment_5866\" style=\"width: 310px\" class=\"wp-caption aligncenter\"><a href=\"https:\/\/abacapress.com\/corporate\/wp-content\/uploads\/2024\/03\/ABACA_BRLeMouvementdesRegies20230609_294-scaled.jpg\"><img loading=\"lazy\" decoding=\"async\" aria-describedby=\"caption-attachment-5866\" src=\"https:\/\/abacapress.com\/corporate\/wp-content\/uploads\/2024\/03\/ABACA_BRLeMouvementdesRegies20230609_294-300x200.jpg\" alt=\"\" width=\"300\" height=\"200\" class=\"size-medium wp-image-5866\" srcset=\"https:\/\/abacapress.com\/corporate\/wp-content\/uploads\/2024\/03\/ABACA_BRLeMouvementdesRegies20230609_294-300x200.jpg 300w, https:\/\/abacapress.com\/corporate\/wp-content\/uploads\/2024\/03\/ABACA_BRLeMouvementdesRegies20230609_294-1024x683.jpg 1024w, https:\/\/abacapress.com\/corporate\/wp-content\/uploads\/2024\/03\/ABACA_BRLeMouvementdesRegies20230609_294-768x512.jpg 768w, https:\/\/abacapress.com\/corporate\/wp-content\/uploads\/2024\/03\/ABACA_BRLeMouvementdesRegies20230609_294-1536x1024.jpg 1536w\" sizes=\"auto, (max-width: 300px) 100vw, 300px\" \/><\/a><p id=\"caption-attachment-5866\" class=\"wp-caption-text\">Exposition du Mumo lors de l&rsquo;e\u0301ve\u0300nement Re\u0301gies en Sce\u0300ne, au domaine national de Saint-Cloud, le 9 juin 2023.  | BRLeMouvementdesRegies20230609_294<\/p><\/div><div id=\"attachment_5862\" style=\"width: 310px\" class=\"wp-caption aligncenter\"><a href=\"https:\/\/abacapress.com\/corporate\/wp-content\/uploads\/2024\/03\/ABACA_BRLeMouvementdesRegies20230609_228-scaled.jpg\"><img loading=\"lazy\" decoding=\"async\" aria-describedby=\"caption-attachment-5862\" src=\"https:\/\/abacapress.com\/corporate\/wp-content\/uploads\/2024\/03\/ABACA_BRLeMouvementdesRegies20230609_228-300x200.jpg\" alt=\"\" width=\"300\" height=\"200\" class=\"size-medium wp-image-5862\" srcset=\"https:\/\/abacapress.com\/corporate\/wp-content\/uploads\/2024\/03\/ABACA_BRLeMouvementdesRegies20230609_228-300x200.jpg 300w, https:\/\/abacapress.com\/corporate\/wp-content\/uploads\/2024\/03\/ABACA_BRLeMouvementdesRegies20230609_228-1024x683.jpg 1024w, https:\/\/abacapress.com\/corporate\/wp-content\/uploads\/2024\/03\/ABACA_BRLeMouvementdesRegies20230609_228-768x512.jpg 768w, https:\/\/abacapress.com\/corporate\/wp-content\/uploads\/2024\/03\/ABACA_BRLeMouvementdesRegies20230609_228-1536x1024.jpg 1536w\" sizes=\"auto, (max-width: 300px) 100vw, 300px\" \/><\/a><p id=\"caption-attachment-5862\" class=\"wp-caption-text\">Exposition du Mumo lors de l&rsquo;\u00e9v\u00e8nement R\u00e9gies en Sc\u00e8ne, au domaine national de Saint-Cloud, le 9 juin 2023.  | BRLeMouvementdesRegies20230609_228<\/p><\/div><div id=\"attachment_5860\" style=\"width: 310px\" class=\"wp-caption aligncenter\"><a href=\"https:\/\/abacapress.com\/corporate\/wp-content\/uploads\/2024\/03\/ABACA_BRLeMouvementdesRegies20230609_204-scaled.jpg\"><img loading=\"lazy\" decoding=\"async\" aria-describedby=\"caption-attachment-5860\" src=\"https:\/\/abacapress.com\/corporate\/wp-content\/uploads\/2024\/03\/ABACA_BRLeMouvementdesRegies20230609_204-300x200.jpg\" alt=\"\" width=\"300\" height=\"200\" class=\"size-medium wp-image-5860\" srcset=\"https:\/\/abacapress.com\/corporate\/wp-content\/uploads\/2024\/03\/ABACA_BRLeMouvementdesRegies20230609_204-300x200.jpg 300w, https:\/\/abacapress.com\/corporate\/wp-content\/uploads\/2024\/03\/ABACA_BRLeMouvementdesRegies20230609_204-1024x683.jpg 1024w, https:\/\/abacapress.com\/corporate\/wp-content\/uploads\/2024\/03\/ABACA_BRLeMouvementdesRegies20230609_204-768x512.jpg 768w, https:\/\/abacapress.com\/corporate\/wp-content\/uploads\/2024\/03\/ABACA_BRLeMouvementdesRegies20230609_204-1536x1024.jpg 1536w\" sizes=\"auto, (max-width: 300px) 100vw, 300px\" \/><\/a><p id=\"caption-attachment-5860\" class=\"wp-caption-text\">Concert de Massilia Sound System lors de l&rsquo;\u00e9v\u00e8nement R\u00e9gies en Sc\u00e8ne, au domaine national de Saint-Cloud, le 9 juin 2023.  | BRLeMouvementdesRegies20230609_204<\/p><\/div><div id=\"attachment_5858\" style=\"width: 310px\" class=\"wp-caption aligncenter\"><a href=\"https:\/\/abacapress.com\/corporate\/wp-content\/uploads\/2024\/03\/ABACA_BRLeMouvementdesRegies20230609_157-scaled.jpg\"><img loading=\"lazy\" decoding=\"async\" aria-describedby=\"caption-attachment-5858\" src=\"https:\/\/abacapress.com\/corporate\/wp-content\/uploads\/2024\/03\/ABACA_BRLeMouvementdesRegies20230609_157-300x200.jpg\" alt=\"\" width=\"300\" height=\"200\" class=\"size-medium wp-image-5858\" srcset=\"https:\/\/abacapress.com\/corporate\/wp-content\/uploads\/2024\/03\/ABACA_BRLeMouvementdesRegies20230609_157-300x200.jpg 300w, https:\/\/abacapress.com\/corporate\/wp-content\/uploads\/2024\/03\/ABACA_BRLeMouvementdesRegies20230609_157-1024x683.jpg 1024w, https:\/\/abacapress.com\/corporate\/wp-content\/uploads\/2024\/03\/ABACA_BRLeMouvementdesRegies20230609_157-768x512.jpg 768w, https:\/\/abacapress.com\/corporate\/wp-content\/uploads\/2024\/03\/ABACA_BRLeMouvementdesRegies20230609_157-1536x1024.jpg 1536w\" sizes=\"auto, (max-width: 300px) 100vw, 300px\" \/><\/a><p id=\"caption-attachment-5858\" class=\"wp-caption-text\">R\u00e9alit\u00e9 virtuelle au stand Micro-Folie lors de l&rsquo;\u00e9v\u00e8nement R\u00e9gies en Sc\u00e8ne, au domaine national de Saint-Cloud, le 9 juin 2023.  | BRLeMouvementdesRegies20230609_157<\/p><\/div><div id=\"attachment_5856\" style=\"width: 310px\" class=\"wp-caption aligncenter\"><a href=\"https:\/\/abacapress.com\/corporate\/wp-content\/uploads\/2024\/03\/ABACA_BRLeMouvementdesRegies20230609_105-scaled.jpg\"><img loading=\"lazy\" decoding=\"async\" aria-describedby=\"caption-attachment-5856\" src=\"https:\/\/abacapress.com\/corporate\/wp-content\/uploads\/2024\/03\/ABACA_BRLeMouvementdesRegies20230609_105-300x200.jpg\" alt=\"\" width=\"300\" height=\"200\" class=\"size-medium wp-image-5856\" srcset=\"https:\/\/abacapress.com\/corporate\/wp-content\/uploads\/2024\/03\/ABACA_BRLeMouvementdesRegies20230609_105-300x200.jpg 300w, https:\/\/abacapress.com\/corporate\/wp-content\/uploads\/2024\/03\/ABACA_BRLeMouvementdesRegies20230609_105-1024x683.jpg 1024w, https:\/\/abacapress.com\/corporate\/wp-content\/uploads\/2024\/03\/ABACA_BRLeMouvementdesRegies20230609_105-768x512.jpg 768w, https:\/\/abacapress.com\/corporate\/wp-content\/uploads\/2024\/03\/ABACA_BRLeMouvementdesRegies20230609_105-1536x1024.jpg 1536w\" sizes=\"auto, (max-width: 300px) 100vw, 300px\" \/><\/a><p id=\"caption-attachment-5856\" class=\"wp-caption-text\">Velo smoothie lors de l&rsquo;\u00e9v\u00e8nement R\u00e9gies en Sc\u00e8ne, au domaine national de Saint-Cloud, le 9 juin 2023. BEST  | BRLeMouvementdesRegies20230609_105<\/p><\/div><div id=\"attachment_5854\" style=\"width: 310px\" class=\"wp-caption aligncenter\"><a href=\"https:\/\/abacapress.com\/corporate\/wp-content\/uploads\/2024\/03\/ABACA_BRLeMouvementdesRegies20230609_080-scaled.jpg\"><img loading=\"lazy\" decoding=\"async\" aria-describedby=\"caption-attachment-5854\" src=\"https:\/\/abacapress.com\/corporate\/wp-content\/uploads\/2024\/03\/ABACA_BRLeMouvementdesRegies20230609_080-300x200.jpg\" alt=\"\" width=\"300\" height=\"200\" class=\"size-medium wp-image-5854\" srcset=\"https:\/\/abacapress.com\/corporate\/wp-content\/uploads\/2024\/03\/ABACA_BRLeMouvementdesRegies20230609_080-300x200.jpg 300w, https:\/\/abacapress.com\/corporate\/wp-content\/uploads\/2024\/03\/ABACA_BRLeMouvementdesRegies20230609_080-1024x683.jpg 1024w, https:\/\/abacapress.com\/corporate\/wp-content\/uploads\/2024\/03\/ABACA_BRLeMouvementdesRegies20230609_080-768x512.jpg 768w, https:\/\/abacapress.com\/corporate\/wp-content\/uploads\/2024\/03\/ABACA_BRLeMouvementdesRegies20230609_080-1536x1024.jpg 1536w\" sizes=\"auto, (max-width: 300px) 100vw, 300px\" \/><\/a><p id=\"caption-attachment-5854\" class=\"wp-caption-text\">D\u00e9fil\u00e9 carnaval guyanais sur la sc\u00e8ne de R\u00e9gies en Sc\u00e8ne, au domaine national de Saint-Cloud, le 9 juin 2023.  | BRLeMouvementdesRegies20230609_080<\/p><\/div><div id=\"attachment_5852\" style=\"width: 310px\" class=\"wp-caption aligncenter\"><a href=\"https:\/\/abacapress.com\/corporate\/wp-content\/uploads\/2024\/03\/ABACA_BRLeMouvementdesRegies20230609_074-scaled.jpg\"><img loading=\"lazy\" decoding=\"async\" aria-describedby=\"caption-attachment-5852\" src=\"https:\/\/abacapress.com\/corporate\/wp-content\/uploads\/2024\/03\/ABACA_BRLeMouvementdesRegies20230609_074-300x200.jpg\" alt=\"\" width=\"300\" height=\"200\" class=\"size-medium wp-image-5852\" srcset=\"https:\/\/abacapress.com\/corporate\/wp-content\/uploads\/2024\/03\/ABACA_BRLeMouvementdesRegies20230609_074-300x200.jpg 300w, https:\/\/abacapress.com\/corporate\/wp-content\/uploads\/2024\/03\/ABACA_BRLeMouvementdesRegies20230609_074-1024x683.jpg 1024w, https:\/\/abacapress.com\/corporate\/wp-content\/uploads\/2024\/03\/ABACA_BRLeMouvementdesRegies20230609_074-768x512.jpg 768w, https:\/\/abacapress.com\/corporate\/wp-content\/uploads\/2024\/03\/ABACA_BRLeMouvementdesRegies20230609_074-1536x1024.jpg 1536w\" sizes=\"auto, (max-width: 300px) 100vw, 300px\" \/><\/a><p id=\"caption-attachment-5852\" class=\"wp-caption-text\">Rencontre de football lors de l&rsquo;\u00e9v\u00e8nement R\u00e9gies en Sc\u00e8ne, au domaine national de Saint-Cloud, le 9 juin 2023.  | BRLeMouvementdesRegies20230609_074<\/p><\/div><div id=\"attachment_5846\" style=\"width: 1034px\" class=\"wp-caption aligncenter\"><a href=\"https:\/\/abacapress.com\/corporate\/wp-content\/uploads\/2024\/03\/ABACA_BRLeMouvementdesRegies20230610_043-scaled.jpg\"><img loading=\"lazy\" decoding=\"async\" aria-describedby=\"caption-attachment-5846\" src=\"https:\/\/abacapress.com\/corporate\/wp-content\/uploads\/2024\/03\/ABACA_BRLeMouvementdesRegies20230610_043-1024x683.jpg\" alt=\"\" width=\"1024\" height=\"683\" class=\"size-large wp-image-5846\" srcset=\"https:\/\/abacapress.com\/corporate\/wp-content\/uploads\/2024\/03\/ABACA_BRLeMouvementdesRegies20230610_043-1024x683.jpg 1024w, https:\/\/abacapress.com\/corporate\/wp-content\/uploads\/2024\/03\/ABACA_BRLeMouvementdesRegies20230610_043-300x200.jpg 300w, https:\/\/abacapress.com\/corporate\/wp-content\/uploads\/2024\/03\/ABACA_BRLeMouvementdesRegies20230610_043-768x512.jpg 768w, https:\/\/abacapress.com\/corporate\/wp-content\/uploads\/2024\/03\/ABACA_BRLeMouvementdesRegies20230610_043-1536x1024.jpg 1536w\" sizes=\"auto, (max-width: 1024px) 100vw, 1024px\" \/><\/a><p id=\"caption-attachment-5846\" class=\"wp-caption-text\">Des participants posent pour une photo lors de\u0300 l&rsquo;e\u0301ve\u0300nement Re\u0301gies en Sce\u0300ne, au domaine national de Saint-Cloud, le 9 juin 2023.  | BRLeMouvementdesRegies20230610_043<\/p><\/div>\n<p>&nbsp;<\/p>\n<p><em>Vous avez pour projet de r\u00e9aliser un reportage photos pour documenter un de vos \u00e9v\u00e9nements, mettre en avant vos collaborateurs, imager un de vos services ou produits ? N\u2019h\u00e9sitez pas : <a href=\"https:\/\/bit.ly\/abacacontactregiesenscene\" rel=\"noopener\" target=\"_blank\">prenez contact avec l\u2019\u00e9quipe Corporate de l\u2019agence Abaca<\/a>, dont les comp\u00e9tences et l\u2019accompagnement vous aideront dans la r\u00e9ussite de votre projet.<\/em><\/p>\n<p>[\/vc_column_text][\/vc_column][\/vc_row]<\/p>\n<\/div>","protected":false},"excerpt":{"rendered":"<p>[vc_row][vc_column][vc_column_text]Le 9 juin dernier, le Mouvement des R\u00e9gies (MDR), porte-voix des 127 R\u00e9gies de Quartier et Territoire de France, a organis\u00e9 \u201cR\u00e9gies en sc\u00e8ne\u201d. Pour offrir \u00e0 son festival des initiatives populaires une couverture photo digne des plus grands \u00e9v\u00e9nements, [&hellip;]<\/p>\n","protected":false},"author":12,"featured_media":5844,"comment_status":"closed","ping_status":"closed","sticky":false,"template":"","format":"standard","meta":{"footnotes":""},"categories":[138,140],"tags":[158,160,159,161,157],"class_list":["post-5836","post","type-post","status-publish","format-standard","has-post-thumbnail","hentry","category-evenementiel","category-reportage","tag-corporate","tag-mouvement-des-regies","tag-photos-corporate","tag-photos-evenementielles","tag-reportage-photo"],"_links":{"self":[{"href":"https:\/\/abacapress.com\/corporate\/wp-json\/wp\/v2\/posts\/5836","targetHints":{"allow":["GET"]}}],"collection":[{"href":"https:\/\/abacapress.com\/corporate\/wp-json\/wp\/v2\/posts"}],"about":[{"href":"https:\/\/abacapress.com\/corporate\/wp-json\/wp\/v2\/types\/post"}],"author":[{"embeddable":true,"href":"https:\/\/abacapress.com\/corporate\/wp-json\/wp\/v2\/users\/12"}],"replies":[{"embeddable":true,"href":"https:\/\/abacapress.com\/corporate\/wp-json\/wp\/v2\/comments?post=5836"}],"version-history":[{"count":0,"href":"https:\/\/abacapress.com\/corporate\/wp-json\/wp\/v2\/posts\/5836\/revisions"}],"wp:featuredmedia":[{"embeddable":true,"href":"https:\/\/abacapress.com\/corporate\/wp-json\/wp\/v2\/media\/5844"}],"wp:attachment":[{"href":"https:\/\/abacapress.com\/corporate\/wp-json\/wp\/v2\/media?parent=5836"}],"wp:term":[{"taxonomy":"category","embeddable":true,"href":"https:\/\/abacapress.com\/corporate\/wp-json\/wp\/v2\/categories?post=5836"},{"taxonomy":"post_tag","embeddable":true,"href":"https:\/\/abacapress.com\/corporate\/wp-json\/wp\/v2\/tags?post=5836"}],"curies":[{"name":"wp","href":"https:\/\/api.w.org\/{rel}","templated":true}]}}