{"id":5881,"date":"2024-03-25T17:03:24","date_gmt":"2024-03-25T16:03:24","guid":{"rendered":"https:\/\/abacapress.com\/corporate\/?p=5881"},"modified":"2024-04-07T09:35:14","modified_gmt":"2024-04-07T07:35:14","slug":"apres-photo-agence-abaca-capte-aussi-vos-evenements-en-video","status":"publish","type":"post","link":"https:\/\/abacapress.com\/corporate\/2024\/03\/25\/apres-photo-agence-abaca-capte-aussi-vos-evenements-en-video\/","title":{"rendered":"Apr\u00e8s la photo, l\u2019agence Abaca capte aussi vos \u00e9v\u00e9nements en vid\u00e9o"},"content":{"rendered":"<div class=\"wpb-content-wrapper\"><p>[vc_row][vc_column][vc_column_text]<strong><em>Pour toujours mieux r\u00e9pondre \u00e0 vos besoins, l\u2019agence ABACA se dote officiellement d\u2019une nouvelle corde \u00e0 son arc : en plus de sa capacit\u00e9 \u00e0 couvrir vos \u00e9v\u00e9nements en photos, le service Corporate de l\u2019agence Abaca lance son offre vid\u00e9o. Un moyen pour vous d\u2019augmenter l\u2019impact de vos prises de paroles, pour vos supports de communications institutionnels et vos  r\u00e9seaux sociaux.<br \/>\n<\/em><\/strong><\/p>\n<p><a href=\"https:\/\/abacapress.com\/corporate\/wp-content\/uploads\/2022\/04\/Abaca-corporate-prestations-photos-videos-entreprise-5.jpg\"><img loading=\"lazy\" decoding=\"async\" src=\"https:\/\/abacapress.com\/corporate\/wp-content\/uploads\/2022\/04\/Abaca-corporate-prestations-photos-videos-entreprise-5-300x172.jpg\" alt=\"\" width=\"300\" height=\"172\" class=\"aligncenter size-medium wp-image-5378\" srcset=\"https:\/\/abacapress.com\/corporate\/wp-content\/uploads\/2022\/04\/Abaca-corporate-prestations-photos-videos-entreprise-5-300x172.jpg 300w, https:\/\/abacapress.com\/corporate\/wp-content\/uploads\/2022\/04\/Abaca-corporate-prestations-photos-videos-entreprise-5-1024x587.jpg 1024w, https:\/\/abacapress.com\/corporate\/wp-content\/uploads\/2022\/04\/Abaca-corporate-prestations-photos-videos-entreprise-5-768x440.jpg 768w, https:\/\/abacapress.com\/corporate\/wp-content\/uploads\/2022\/04\/Abaca-corporate-prestations-photos-videos-entreprise-5-1536x880.jpg 1536w, https:\/\/abacapress.com\/corporate\/wp-content\/uploads\/2022\/04\/Abaca-corporate-prestations-photos-videos-entreprise-5.jpg 1920w\" sizes=\"auto, (max-width: 300px) 100vw, 300px\" \/><\/a><\/p>\n<p><em><br \/>\nEt si\u2026 l\u2019agence Abaca vous aidait \u00e0 booster l\u2019impact de vos prises de parole ? En plus de son expertise photo av\u00e9r\u00e9e, le service Corporate de l\u2019agence vous pr\u00e9sente aujourd&rsquo;hui son offre vid\u00e9o.<br \/>\n<\/em><\/p>\n<p>&nbsp;<\/p>\n<h3 style=\"text-align: center;\"><em>Abaca \u00e9toffe ses services, \u00e0 votre service<\/em><\/h3>\n<p>[\/vc_column_text][vc_separator color=\u00a0\u00bbcustom\u00a0\u00bb align=\u00a0\u00bbalign_center\u00a0\u00bb border_width=\u00a0\u00bb5&Prime; el_width=\u00a0\u00bb50&Prime; accent_color=\u00a0\u00bb#e31023&Prime;][vc_column_text]<br \/>\n&nbsp;<br \/>\n<span style=\"font-weight: 400;\"><br \/>\nDepuis de longues ann\u00e9es, l\u2019agence Abaca vous aide dans votre communication corporate en r\u00e9alisant vos reportages photographiques, que ce soit des portraits de dirigeants, des couvertures d\u2019\u00e9v\u00e9nements ponctuels ou r\u00e9guliers, la pr\u00e9sentation de vos produits et services. Aujourd\u2019hui, Abaca est heureux de pouvoir vous aider toujours plus, en ajoutant une offre vid\u00e9o qui va vous faire gagner en impact sur chacune de vos prises de parole.<br \/>\n<\/span><\/p>\n<p>&nbsp;<\/p>\n<p><em>Vous souhaitez r\u00e9aliser un reportage photos, une couverture vid\u00e9o pour un \u00e9v\u00e9nement corporate ou une c\u00e9l\u00e9bration en interne, pour montrer vos produits ou mettre en avant vos collaborateurs ?<br \/>\nN\u2019h\u00e9sitez pas : <a href=\"https:\/\/bit.ly\/abacacontactregiesenscene\" rel=\"noopener\" target=\"_blank\">prenez contact avec l\u2019\u00e9quipe Corporate de l\u2019agence Abaca<\/a>, qui vous aidera pour la r\u00e9ussite de votre projet.<\/em><\/p>\n<h3 style=\"text-align: center;\"><em>Une offre vid\u00e9o sur-mesure<br \/>\n<\/em><\/h3>\n<p>[\/vc_column_text][vc_separator color=\u00a0\u00bbcustom\u00a0\u00bb align=\u00a0\u00bbalign_center\u00a0\u00bb border_width=\u00a0\u00bb5&Prime; el_width=\u00a0\u00bb50&Prime; accent_color=\u00a0\u00bb#e31023&Prime;][vc_column_text]<br \/>\n&nbsp;<br \/>\n<span style=\"font-weight: 400;\"><br \/>\nLe poids des mots, le choc des images : on conna\u00eet tous ce slogan, et s\u2019il \u00e9tait d\u00e9j\u00e0 tr\u00e8s fort pendant ses 30 ans d\u2019usage entre 1978 et 2008, il est d\u2019autant plus d&rsquo;actualit\u00e9 aujourd\u2019hui avec l\u2019impact grandissant des r\u00e9seaux sociaux dans nos vies. Pour r\u00e9pondre toujours mieux aux attentes de ses entreprises clientes, l\u2019agence Abaca propose une nouvelle offre vid\u00e9o afin de faire gagner en impact et en efficience les reportages et captations r\u00e9alis\u00e9s.<br \/>\n<\/span><\/p>\n<p>&nbsp;<\/p>\n<h3 style=\"text-align: center;\"><em>Le service Corporate d\u2019Abaca \u00e0 votre \u00e9coute<br \/>\n<\/em><\/h3>\n<p>[\/vc_column_text][vc_separator color=\u00a0\u00bbcustom\u00a0\u00bb align=\u00a0\u00bbalign_center\u00a0\u00bb border_width=\u00a0\u00bb5&Prime; el_width=\u00a0\u00bb50&Prime; accent_color=\u00a0\u00bb#e31023&Prime;][vc_column_text]<br \/>\n&nbsp;<br \/>\n<span style=\"font-weight: 400;\"><br \/>\nVous avez le besoin d\u2019une vid\u00e9o longue de 5 \u00e0 10 minutes racontant l\u2019histoire de votre soci\u00e9t\u00e9, pr\u00e9sentant votre comit\u00e9 directeur, d\u00e9taillant vos offres ? D\u2019un r\u00e9sum\u00e9 vid\u00e9o de votre soir\u00e9e d\u2019entreprise de 1 \u00e0 3 minutes ? D\u2019une s\u00e9rie de capsules courtes (10 \u00e0 45 secondes) pour nourrir vos r\u00e9seaux sociaux ? Le service Corporate se tient \u00e0 votre disposition pour r\u00e9pondre au mieux \u00e0 vos besoins et ainsi vous aider \u00e0 augmenter la r\u00e9tention des utilisateurs, \u00e0 gagner en puissance et donc \u00e0 booster l\u2019efficacit\u00e9 de vos prises de parole.<br \/>\n<\/span><\/p>\n<p>&nbsp;<\/p>\n<h3 style=\"text-align: center;\"><em>Abaca Corporate, c\u2019est quoi ? La r\u00e9ponse en images !<\/em><\/h3>\n<p>[\/vc_column_text][vc_separator color=\u00a0\u00bbcustom\u00a0\u00bb align=\u00a0\u00bbalign_center\u00a0\u00bb border_width=\u00a0\u00bb5&Prime; el_width=\u00a0\u00bb50&Prime; accent_color=\u00a0\u00bb#e31023&Prime;][vc_column_text]<br \/>\n&nbsp;<\/p>\n<p><a href=\"https:\/\/abacapress.com\/corporate\/wp-content\/uploads\/2024\/03\/6741-74_20240325_160509_0000.jpg\"><img loading=\"lazy\" decoding=\"async\" src=\"https:\/\/abacapress.com\/corporate\/wp-content\/uploads\/2024\/03\/6741-74_20240325_160509_0000-1024x683.jpg\" alt=\"\" width=\"1024\" height=\"683\" class=\"size-large wp-image-5882\" srcset=\"https:\/\/abacapress.com\/corporate\/wp-content\/uploads\/2024\/03\/6741-74_20240325_160509_0000-1024x683.jpg 1024w, https:\/\/abacapress.com\/corporate\/wp-content\/uploads\/2024\/03\/6741-74_20240325_160509_0000-300x200.jpg 300w, https:\/\/abacapress.com\/corporate\/wp-content\/uploads\/2024\/03\/6741-74_20240325_160509_0000-768x512.jpg 768w, https:\/\/abacapress.com\/corporate\/wp-content\/uploads\/2024\/03\/6741-74_20240325_160509_0000-1536x1024.jpg 1536w\" sizes=\"auto, (max-width: 1024px) 100vw, 1024px\" \/><\/a> <\/p>\n<p><a href=\"https:\/\/abacapress.com\/corporate\/wp-content\/uploads\/2024\/03\/D8M_3006_20240325_160150_0000.jpg\"><img loading=\"lazy\" decoding=\"async\" src=\"https:\/\/abacapress.com\/corporate\/wp-content\/uploads\/2024\/03\/D8M_3006_20240325_160150_0000-1024x683.jpg\" alt=\"\" width=\"1024\" height=\"683\" class=\"aligncenter size-large wp-image-5900\" srcset=\"https:\/\/abacapress.com\/corporate\/wp-content\/uploads\/2024\/03\/D8M_3006_20240325_160150_0000-1024x683.jpg 1024w, https:\/\/abacapress.com\/corporate\/wp-content\/uploads\/2024\/03\/D8M_3006_20240325_160150_0000-300x200.jpg 300w, https:\/\/abacapress.com\/corporate\/wp-content\/uploads\/2024\/03\/D8M_3006_20240325_160150_0000-768x512.jpg 768w, https:\/\/abacapress.com\/corporate\/wp-content\/uploads\/2024\/03\/D8M_3006_20240325_160150_0000-1536x1024.jpg 1536w\" sizes=\"auto, (max-width: 1024px) 100vw, 1024px\" \/><\/a><\/p>\n<p><a href=\"https:\/\/abacapress.com\/corporate\/wp-content\/uploads\/2024\/03\/Matiere_28_20240325_160320_0000-scaled.jpg\"><img loading=\"lazy\" decoding=\"async\" src=\"https:\/\/abacapress.com\/corporate\/wp-content\/uploads\/2024\/03\/Matiere_28_20240325_160320_0000-819x1024.jpg\" alt=\"\" width=\"819\" height=\"1024\" class=\"aligncenter size-large wp-image-5898\" srcset=\"https:\/\/abacapress.com\/corporate\/wp-content\/uploads\/2024\/03\/Matiere_28_20240325_160320_0000-819x1024.jpg 819w, https:\/\/abacapress.com\/corporate\/wp-content\/uploads\/2024\/03\/Matiere_28_20240325_160320_0000-240x300.jpg 240w, https:\/\/abacapress.com\/corporate\/wp-content\/uploads\/2024\/03\/Matiere_28_20240325_160320_0000-768x960.jpg 768w, https:\/\/abacapress.com\/corporate\/wp-content\/uploads\/2024\/03\/Matiere_28_20240325_160320_0000-1229x1536.jpg 1229w, https:\/\/abacapress.com\/corporate\/wp-content\/uploads\/2024\/03\/Matiere_28_20240325_160320_0000-1638x2048.jpg 1638w\" sizes=\"auto, (max-width: 819px) 100vw, 819px\" \/><\/a><\/p>\n<p><a href=\"https:\/\/abacapress.com\/corporate\/wp-content\/uploads\/2024\/03\/2310_EDF_FACADE_025_20240325_160331_0000-scaled.jpg\"><img loading=\"lazy\" decoding=\"async\" src=\"https:\/\/abacapress.com\/corporate\/wp-content\/uploads\/2024\/03\/2310_EDF_FACADE_025_20240325_160331_0000-1024x683.jpg\" alt=\"\" width=\"1024\" height=\"683\" class=\"aligncenter size-large wp-image-5896\" srcset=\"https:\/\/abacapress.com\/corporate\/wp-content\/uploads\/2024\/03\/2310_EDF_FACADE_025_20240325_160331_0000-1024x683.jpg 1024w, https:\/\/abacapress.com\/corporate\/wp-content\/uploads\/2024\/03\/2310_EDF_FACADE_025_20240325_160331_0000-300x200.jpg 300w, https:\/\/abacapress.com\/corporate\/wp-content\/uploads\/2024\/03\/2310_EDF_FACADE_025_20240325_160331_0000-768x512.jpg 768w, https:\/\/abacapress.com\/corporate\/wp-content\/uploads\/2024\/03\/2310_EDF_FACADE_025_20240325_160331_0000-1536x1024.jpg 1536w\" sizes=\"auto, (max-width: 1024px) 100vw, 1024px\" \/><\/a><\/p>\n<p><a href=\"https:\/\/abacapress.com\/corporate\/wp-content\/uploads\/2024\/03\/Hotel_photography_022_20240325_160340_0000.jpg\"><img loading=\"lazy\" decoding=\"async\" src=\"https:\/\/abacapress.com\/corporate\/wp-content\/uploads\/2024\/03\/Hotel_photography_022_20240325_160340_0000-683x1024.jpg\" alt=\"\" width=\"683\" height=\"1024\" class=\"aligncenter size-large wp-image-5894\" srcset=\"https:\/\/abacapress.com\/corporate\/wp-content\/uploads\/2024\/03\/Hotel_photography_022_20240325_160340_0000-683x1024.jpg 683w, https:\/\/abacapress.com\/corporate\/wp-content\/uploads\/2024\/03\/Hotel_photography_022_20240325_160340_0000-200x300.jpg 200w, https:\/\/abacapress.com\/corporate\/wp-content\/uploads\/2024\/03\/Hotel_photography_022_20240325_160340_0000-768x1152.jpg 768w, https:\/\/abacapress.com\/corporate\/wp-content\/uploads\/2024\/03\/Hotel_photography_022_20240325_160340_0000-1024x1536.jpg 1024w, https:\/\/abacapress.com\/corporate\/wp-content\/uploads\/2024\/03\/Hotel_photography_022_20240325_160340_0000-1365x2048.jpg 1365w, https:\/\/abacapress.com\/corporate\/wp-content\/uploads\/2024\/03\/Hotel_photography_022_20240325_160340_0000.jpg 1600w\" sizes=\"auto, (max-width: 683px) 100vw, 683px\" \/><\/a><\/p>\n<p><a href=\"https:\/\/abacapress.com\/corporate\/wp-content\/uploads\/2024\/03\/ReouverturePiscinePontoise-37_20240325_160359_0000-scaled.jpg\"><img loading=\"lazy\" decoding=\"async\" src=\"https:\/\/abacapress.com\/corporate\/wp-content\/uploads\/2024\/03\/ReouverturePiscinePontoise-37_20240325_160359_0000-1024x682.jpg\" alt=\"\" width=\"1024\" height=\"682\" class=\"aligncenter size-large wp-image-5892\" srcset=\"https:\/\/abacapress.com\/corporate\/wp-content\/uploads\/2024\/03\/ReouverturePiscinePontoise-37_20240325_160359_0000-1024x682.jpg 1024w, https:\/\/abacapress.com\/corporate\/wp-content\/uploads\/2024\/03\/ReouverturePiscinePontoise-37_20240325_160359_0000-300x200.jpg 300w, https:\/\/abacapress.com\/corporate\/wp-content\/uploads\/2024\/03\/ReouverturePiscinePontoise-37_20240325_160359_0000-768x512.jpg 768w, https:\/\/abacapress.com\/corporate\/wp-content\/uploads\/2024\/03\/ReouverturePiscinePontoise-37_20240325_160359_0000-1536x1024.jpg 1536w\" sizes=\"auto, (max-width: 1024px) 100vw, 1024px\" \/><\/a><\/p>\n<p><a href=\"https:\/\/abacapress.com\/corporate\/wp-content\/uploads\/2024\/03\/D8J5895_20240325_160409_0000.jpg\"><img loading=\"lazy\" decoding=\"async\" src=\"https:\/\/abacapress.com\/corporate\/wp-content\/uploads\/2024\/03\/D8J5895_20240325_160409_0000-1024x684.jpg\" alt=\"\" width=\"1024\" height=\"684\" class=\"aligncenter size-large wp-image-5890\" srcset=\"https:\/\/abacapress.com\/corporate\/wp-content\/uploads\/2024\/03\/D8J5895_20240325_160409_0000-1024x684.jpg 1024w, https:\/\/abacapress.com\/corporate\/wp-content\/uploads\/2024\/03\/D8J5895_20240325_160409_0000-300x200.jpg 300w, https:\/\/abacapress.com\/corporate\/wp-content\/uploads\/2024\/03\/D8J5895_20240325_160409_0000-768x513.jpg 768w, https:\/\/abacapress.com\/corporate\/wp-content\/uploads\/2024\/03\/D8J5895_20240325_160409_0000-1536x1025.jpg 1536w\" sizes=\"auto, (max-width: 1024px) 100vw, 1024px\" \/><\/a><\/p>\n<p><a href=\"https:\/\/abacapress.com\/corporate\/wp-content\/uploads\/2024\/03\/2N0A3536_20240325_160416_0000.jpg\"><img loading=\"lazy\" decoding=\"async\" src=\"https:\/\/abacapress.com\/corporate\/wp-content\/uploads\/2024\/03\/2N0A3536_20240325_160416_0000-1024x683.jpg\" alt=\"\" width=\"1024\" height=\"683\" class=\"aligncenter size-large wp-image-5888\" srcset=\"https:\/\/abacapress.com\/corporate\/wp-content\/uploads\/2024\/03\/2N0A3536_20240325_160416_0000-1024x683.jpg 1024w, https:\/\/abacapress.com\/corporate\/wp-content\/uploads\/2024\/03\/2N0A3536_20240325_160416_0000-300x200.jpg 300w, https:\/\/abacapress.com\/corporate\/wp-content\/uploads\/2024\/03\/2N0A3536_20240325_160416_0000-768x512.jpg 768w, https:\/\/abacapress.com\/corporate\/wp-content\/uploads\/2024\/03\/2N0A3536_20240325_160416_0000-1536x1024.jpg 1536w\" sizes=\"auto, (max-width: 1024px) 100vw, 1024px\" \/><\/a><\/p>\n<p><a href=\"https:\/\/abacapress.com\/corporate\/wp-content\/uploads\/2024\/03\/D8M_0662_20240325_160427_0000.jpg\"><img loading=\"lazy\" decoding=\"async\" src=\"https:\/\/abacapress.com\/corporate\/wp-content\/uploads\/2024\/03\/D8M_0662_20240325_160427_0000-1024x683.jpg\" alt=\"\" width=\"1024\" height=\"683\" class=\"aligncenter size-large wp-image-5886\" srcset=\"https:\/\/abacapress.com\/corporate\/wp-content\/uploads\/2024\/03\/D8M_0662_20240325_160427_0000-1024x683.jpg 1024w, https:\/\/abacapress.com\/corporate\/wp-content\/uploads\/2024\/03\/D8M_0662_20240325_160427_0000-300x200.jpg 300w, https:\/\/abacapress.com\/corporate\/wp-content\/uploads\/2024\/03\/D8M_0662_20240325_160427_0000-768x512.jpg 768w, https:\/\/abacapress.com\/corporate\/wp-content\/uploads\/2024\/03\/D8M_0662_20240325_160427_0000-1536x1024.jpg 1536w\" sizes=\"auto, (max-width: 1024px) 100vw, 1024px\" \/><\/a><\/p>\n<p><a href=\"https:\/\/abacapress.com\/corporate\/wp-content\/uploads\/2024\/03\/D8M_7009_20240325_160439_0000.jpg\"><img loading=\"lazy\" decoding=\"async\" src=\"https:\/\/abacapress.com\/corporate\/wp-content\/uploads\/2024\/03\/D8M_7009_20240325_160439_0000-683x1024.jpg\" alt=\"\" width=\"683\" height=\"1024\" class=\"aligncenter size-large wp-image-5884\" srcset=\"https:\/\/abacapress.com\/corporate\/wp-content\/uploads\/2024\/03\/D8M_7009_20240325_160439_0000-683x1024.jpg 683w, https:\/\/abacapress.com\/corporate\/wp-content\/uploads\/2024\/03\/D8M_7009_20240325_160439_0000-200x300.jpg 200w, https:\/\/abacapress.com\/corporate\/wp-content\/uploads\/2024\/03\/D8M_7009_20240325_160439_0000-768x1152.jpg 768w, https:\/\/abacapress.com\/corporate\/wp-content\/uploads\/2024\/03\/D8M_7009_20240325_160439_0000-1024x1536.jpg 1024w, https:\/\/abacapress.com\/corporate\/wp-content\/uploads\/2024\/03\/D8M_7009_20240325_160439_0000-1366x2048.jpg 1366w, https:\/\/abacapress.com\/corporate\/wp-content\/uploads\/2024\/03\/D8M_7009_20240325_160439_0000.jpg 1688w\" sizes=\"auto, (max-width: 683px) 100vw, 683px\" \/><\/a><\/p>\n<p>&nbsp;<\/p>\n<p><em>Vous avez pour projet de r\u00e9aliser une vid\u00e9o ou un reportage photos pour documenter un de vos \u00e9v\u00e9nements, mettre en avant vos collaborateurs, imager un de vos services ou produits ? N\u2019h\u00e9sitez pas : <a href=\"https:\/\/bit.ly\/abacacontactregiesenscene\" rel=\"noopener\" target=\"_blank\">prenez contact avec l\u2019\u00e9quipe Corporate de l\u2019agence Abaca<\/a>, dont les comp\u00e9tences et l\u2019accompagnement vous aideront dans la r\u00e9ussite de votre projet.<\/em><\/p>\n<p>[\/vc_column_text][\/vc_column][\/vc_row]<\/p>\n<\/div>","protected":false},"excerpt":{"rendered":"<p>[vc_row][vc_column][vc_column_text]Pour toujours mieux r\u00e9pondre \u00e0 vos besoins, l\u2019agence ABACA se dote officiellement d\u2019une nouvelle corde \u00e0 son arc : en plus de sa capacit\u00e9 \u00e0 couvrir vos \u00e9v\u00e9nements en photos, le service Corporate de l\u2019agence Abaca lance son offre vid\u00e9o. [&hellip;]<\/p>\n","protected":false},"author":12,"featured_media":5900,"comment_status":"closed","ping_status":"closed","sticky":false,"template":"","format":"standard","meta":{"footnotes":""},"categories":[138,140],"tags":[166,164,161,157,163,165,162],"class_list":["post-5881","post","type-post","status-publish","format-standard","has-post-thumbnail","hentry","category-evenementiel","category-reportage","tag-agence-video","tag-captation-video","tag-photos-evenementielles","tag-reportage-photo","tag-reportage-video","tag-tournage-video","tag-video"],"_links":{"self":[{"href":"https:\/\/abacapress.com\/corporate\/wp-json\/wp\/v2\/posts\/5881","targetHints":{"allow":["GET"]}}],"collection":[{"href":"https:\/\/abacapress.com\/corporate\/wp-json\/wp\/v2\/posts"}],"about":[{"href":"https:\/\/abacapress.com\/corporate\/wp-json\/wp\/v2\/types\/post"}],"author":[{"embeddable":true,"href":"https:\/\/abacapress.com\/corporate\/wp-json\/wp\/v2\/users\/12"}],"replies":[{"embeddable":true,"href":"https:\/\/abacapress.com\/corporate\/wp-json\/wp\/v2\/comments?post=5881"}],"version-history":[{"count":0,"href":"https:\/\/abacapress.com\/corporate\/wp-json\/wp\/v2\/posts\/5881\/revisions"}],"wp:featuredmedia":[{"embeddable":true,"href":"https:\/\/abacapress.com\/corporate\/wp-json\/wp\/v2\/media\/5900"}],"wp:attachment":[{"href":"https:\/\/abacapress.com\/corporate\/wp-json\/wp\/v2\/media?parent=5881"}],"wp:term":[{"taxonomy":"category","embeddable":true,"href":"https:\/\/abacapress.com\/corporate\/wp-json\/wp\/v2\/categories?post=5881"},{"taxonomy":"post_tag","embeddable":true,"href":"https:\/\/abacapress.com\/corporate\/wp-json\/wp\/v2\/tags?post=5881"}],"curies":[{"name":"wp","href":"https:\/\/api.w.org\/{rel}","templated":true}]}}