{"id":5995,"date":"2024-11-12T18:40:14","date_gmt":"2024-11-12T17:40:14","guid":{"rendered":"https:\/\/abacapress.com\/corporate\/?p=5995"},"modified":"2024-11-14T10:35:32","modified_gmt":"2024-11-14T09:35:32","slug":"etude-de-cas-odalys-renouvelle-sa-confiance-a-abaca-pour-son-offre-hiver-2024-2025","status":"publish","type":"post","link":"https:\/\/abacapress.com\/corporate\/2024\/11\/12\/etude-de-cas-odalys-renouvelle-sa-confiance-a-abaca-pour-son-offre-hiver-2024-2025\/","title":{"rendered":"Etude de cas : Odalys renouvelle sa confiance \u00e0 Abaca pour son offre hiver 2024\/2025"},"content":{"rendered":"<div class=\"wpb-content-wrapper\"><p>[vc_row][vc_column][vc_column_text]<strong><em><br \/>\nLa soci\u00e9t\u00e9 Odalys, l\u2019un des plus grands acteurs du tourisme en France et en Europe, a choisi l\u2019agence Abaca pour r\u00e9aliser les photographies de son catalogue Hiver 2024\/2025. Retour sur ce shooting et sa pr\u00e9paration\u2026 et le r\u00e9sultat en images.<br \/>\n<\/em><\/strong><\/p>\n<p><a href=\"https:\/\/abacapress.com\/corporate\/2024\/11\/12\/etude-de-cas-odalys-renouvelle-sa-confiance-a-abaca-pour-son-offre-hiver-2024-2025\/odalys-hiver-2024-5\/\" rel=\"attachment wp-att-6005\"><img loading=\"lazy\" decoding=\"async\" src=\"https:\/\/abacapress.com\/corporate\/wp-content\/uploads\/2024\/11\/2403_odalys_633-200x300.jpg\" alt=\"\" width=\"200\" height=\"300\" class=\"aligncenter size-medium wp-image-6005\" srcset=\"https:\/\/abacapress.com\/corporate\/wp-content\/uploads\/2024\/11\/2403_odalys_633-200x300.jpg 200w, https:\/\/abacapress.com\/corporate\/wp-content\/uploads\/2024\/11\/2403_odalys_633-683x1024.jpg 683w, https:\/\/abacapress.com\/corporate\/wp-content\/uploads\/2024\/11\/2403_odalys_633-768x1152.jpg 768w, https:\/\/abacapress.com\/corporate\/wp-content\/uploads\/2024\/11\/2403_odalys_633-1024x1536.jpg 1024w, https:\/\/abacapress.com\/corporate\/wp-content\/uploads\/2024\/11\/2403_odalys_633-1365x2048.jpg 1365w, https:\/\/abacapress.com\/corporate\/wp-content\/uploads\/2024\/11\/2403_odalys_633-scaled.jpg 1706w\" sizes=\"auto, (max-width: 200px) 100vw, 200px\" \/><\/a><\/p>\n<p><em><br \/>\nApr\u00e8s l\u2019\u00e9t\u00e9 vient\u2026 l\u2019hiver : le service Corporate de l\u2019agence Abaca s\u2019est vu confier la planification et la r\u00e9alisation des photographies du catalogue Hiver 2024\/2025 de Odalys, acteur majeur du tourisme europ\u00e9en. Une demande qui est venue apr\u00e8s une premi\u00e8re prestation r\u00e9ussie pour le catalogue Et\u00e9 2024.<br \/>\n<\/em><\/p>\n<p>&nbsp;<\/p>\n<h3 style=\"text-align: center;\"><em>Le client Odalys et son besoin photo<\/em><\/h3>\n<p>[\/vc_column_text][vc_separator color=\u00a0\u00bbcustom\u00a0\u00bb align=\u00a0\u00bbalign_center\u00a0\u00bb border_width=\u00a0\u00bb5&Prime; el_width=\u00a0\u00bb50&Prime; accent_color=\u00a0\u00bb#e31023&Prime;][vc_column_text]<br \/>\n&nbsp;<br \/>\n<span style=\"font-weight: 400;\">C\u2019est l\u2019un des acteurs qui comptent sur le march\u00e9 du tourisme en France et en Europe du Sud : Odalys ravit tous les ans quelque 2 000 000 de touristes gr\u00e2ce \u00e0 un parc de plus de 400 h\u00e9bergements et pr\u00e8s de 150 000 lits situ\u00e9s dans les plus belles stations des Alpes, des Pyr\u00e9n\u00e9es et les c\u00f4tes Atlantique et M\u00e9diterran\u00e9e.<\/p>\n<p>Chaque ann\u00e9e, Odalys pr\u00e9sente ses offres Et\u00e9 et Hiver dans deux catalogues tr\u00e8s attendus.. deux catalogues pour lesquels l\u2019agence Abaca et son service Corporate ont \u00e9t\u00e9 choisis pour en r\u00e9aliser le contenu visuel.<br \/>\n<\/span><\/p>\n<p>&nbsp;<\/p>\n<p><em>Comme Odalys, choisissez Abaca Corporate pour r\u00e9aliser vos reportages photos, imager vos services, montrer vos produits, mettre en avant vos collaborateurs !<br \/>\n<a href=\"https:\/\/bit.ly\/abacacontactregiesenscene\" rel=\"noopener\" target=\"_blank\">Prenez contact avec l\u2019\u00e9quipe Corporate de l\u2019agence Abaca<\/a>, qui se fera un plaisir d\u2019\u00e9couter vos besoins et de vous aider \u00e0 mettre tout en \u0153uvre pour la r\u00e9ussite de votre projet.<\/em><\/p>\n<h3 style=\"text-align: center;\"><em>Le brief Odalys et les contraintes<\/em><\/h3>\n<p>[\/vc_column_text][vc_separator color=\u00a0\u00bbcustom\u00a0\u00bb align=\u00a0\u00bbalign_center\u00a0\u00bb border_width=\u00a0\u00bb5&Prime; el_width=\u00a0\u00bb50&Prime; accent_color=\u00a0\u00bb#e31023&Prime;][vc_column_text]<br \/>\n&nbsp;<br \/>\n<span style=\"font-weight: 400;\">Pour mettre en avant la magie de ses lieux de r\u00e9sidence de vacances, Odalys se doit d\u2019en montrer l\u2019int\u00e9rieur\u2026 et l\u2019ext\u00e9rieur. Deux journ\u00e9es ont donc \u00e9t\u00e9 choisies fin mars 2024 afin de r\u00e9aliser l\u2019ensemble des photos, et maximiser les chances de r\u00e9aliser celles pr\u00e9vues en ext\u00e9rieur dans le cadre le plus ad\u00e9quat possible. <\/p>\n<p>Le lieu choisi, la station de l\u2019Alpe d\u2019Huez, offre un panorama exceptionnel. La station, r\u00e9put\u00e9e pour les 21 virages que les coureurs du Tour de France doivent emprunter pour arriver \u00e0 son sommet, est l\u2019une des plus hautes en France : qui mieux qu\u2019Abaca pour pr\u00e9parer et r\u00e9ussir un shooting photo au-dessus des nuages ?<br \/>\n<\/span><\/p>\n<p>&nbsp;<\/p>\n<h3 style=\"text-align: center;\"><em>POURQUOI ODALYS A CHOISI ABACA<br \/>\n<\/em><\/h3>\n<p>[\/vc_column_text][vc_separator color=\u00a0\u00bbcustom\u00a0\u00bb align=\u00a0\u00bbalign_center\u00a0\u00bb border_width=\u00a0\u00bb5&Prime; el_width=\u00a0\u00bb50&Prime; accent_color=\u00a0\u00bb#e31023&Prime;][vc_column_text]<br \/>\n&nbsp;<br \/>\n<span style=\"font-weight: 400;\">L\u2019agence Abaca, c\u2019est une agence dont le service corporate est expert dans la prise de vues dans le secteur de l\u2019h\u00f4tellerie et du food &#038; beverage, une v\u00e9ritable r\u00e9f\u00e9rence pour mettre en avant la qualit\u00e9 de vos lieux de vie. Pour avoir fait confiance \u00e0 l\u2019agence Abaca pour son catalogue Et\u00e9 2024, Odalys le sait et a donc renouvel\u00e9 sa confiance pour son offre Hiver 2024\/2025.<br \/>\n<\/span><\/p>\n<p>&nbsp;<\/p>\n<h3 style=\"text-align: center;\"><em>La r\u00e9ponse d\u2019Abaca et l\u2019organisation choisie pour Odalys<\/em><\/h3>\n<p>[\/vc_column_text][vc_separator color=\u00a0\u00bbcustom\u00a0\u00bb align=\u00a0\u00bbalign_center\u00a0\u00bb border_width=\u00a0\u00bb5&Prime; el_width=\u00a0\u00bb50&Prime; accent_color=\u00a0\u00bb#e31023&Prime;][vc_column_text]<br \/>\n&nbsp;<br \/>\n<span style=\"font-weight: 400;\">L\u2019agence Abaca avait ainsi deux jours pour r\u00e9aliser ce shooting photo d&rsquo;une dizaine de lieux diff\u00e9rents. Pour satisfaire le besoin de Odalys, cinq personnes \u00e9taient impliqu\u00e9es : St\u00e9phanie, la directrice de production qui a mis en place la prestation, Giuliano le photographe, accompagn\u00e9e de son assistante. En soutien, St\u00e9phanie a fait appel \u00e0 une styliste et une coiffeuse\/maquilleuse pour faire en sorte que toutes les personnes appel\u00e9es \u00e0 appara\u00eetre sur les photos y soient de la plus belle des mani\u00e8res.<\/p>\n<p>Niveau \u00e9ditorial, Abaca a suivi, en images, la journ\u00e9e-type d\u2019une famille lors de son s\u00e9jour au ski. Une proposition approuv\u00e9e et qui ouvre le catalogue de fa\u00e7on \u00e0 plonger tout de suite le prospect dans son s\u00e9jour.<br \/>\n<\/span><\/p>\n<p>&nbsp;<\/p>\n<h3 style=\"text-align: center;\"><em>D\u00e9couvrez le r\u00e9sultat photo<\/em><\/h3>\n<p>[\/vc_column_text][vc_separator color=\u00a0\u00bbcustom\u00a0\u00bb align=\u00a0\u00bbalign_center\u00a0\u00bb border_width=\u00a0\u00bb5&Prime; el_width=\u00a0\u00bb50&Prime; accent_color=\u00a0\u00bb#e31023&Prime;][vc_column_text]<br \/>\n&nbsp;<\/p>\n<p><a href=\"https:\/\/abacapress.com\/corporate\/2024\/11\/12\/etude-de-cas-odalys-renouvelle-sa-confiance-a-abaca-pour-son-offre-hiver-2024-2025\/odalys-hiver-2024-4\/\" rel=\"attachment wp-att-6003\"><img loading=\"lazy\" decoding=\"async\" src=\"https:\/\/abacapress.com\/corporate\/wp-content\/uploads\/2024\/11\/2403_odalys_599-200x300.jpg\" alt=\"\" width=\"200\" height=\"300\" class=\"aligncenter size-medium wp-image-6003\" srcset=\"https:\/\/abacapress.com\/corporate\/wp-content\/uploads\/2024\/11\/2403_odalys_599-200x300.jpg 200w, https:\/\/abacapress.com\/corporate\/wp-content\/uploads\/2024\/11\/2403_odalys_599-683x1024.jpg 683w, https:\/\/abacapress.com\/corporate\/wp-content\/uploads\/2024\/11\/2403_odalys_599-768x1152.jpg 768w, https:\/\/abacapress.com\/corporate\/wp-content\/uploads\/2024\/11\/2403_odalys_599-1024x1536.jpg 1024w, https:\/\/abacapress.com\/corporate\/wp-content\/uploads\/2024\/11\/2403_odalys_599-1365x2048.jpg 1365w, https:\/\/abacapress.com\/corporate\/wp-content\/uploads\/2024\/11\/2403_odalys_599-scaled.jpg 1707w\" sizes=\"auto, (max-width: 200px) 100vw, 200px\" \/><\/a><a href=\"https:\/\/abacapress.com\/corporate\/2024\/11\/12\/etude-de-cas-odalys-renouvelle-sa-confiance-a-abaca-pour-son-offre-hiver-2024-2025\/odalys-hiver-2024\/\" rel=\"attachment wp-att-5997\"><img loading=\"lazy\" decoding=\"async\" src=\"https:\/\/abacapress.com\/corporate\/wp-content\/uploads\/2024\/11\/2403_odalys_759-300x200.jpg\" alt=\"\" width=\"300\" height=\"200\" class=\"aligncenter size-medium wp-image-5997\" srcset=\"https:\/\/abacapress.com\/corporate\/wp-content\/uploads\/2024\/11\/2403_odalys_759-300x200.jpg 300w, https:\/\/abacapress.com\/corporate\/wp-content\/uploads\/2024\/11\/2403_odalys_759-1024x683.jpg 1024w, https:\/\/abacapress.com\/corporate\/wp-content\/uploads\/2024\/11\/2403_odalys_759-768x512.jpg 768w, https:\/\/abacapress.com\/corporate\/wp-content\/uploads\/2024\/11\/2403_odalys_759-1536x1024.jpg 1536w\" sizes=\"auto, (max-width: 300px) 100vw, 300px\" \/><\/a><br \/>\n<a href=\"https:\/\/abacapress.com\/corporate\/2024\/11\/12\/etude-de-cas-odalys-renouvelle-sa-confiance-a-abaca-pour-son-offre-hiver-2024-2025\/odalys-hiver-2024-2\/\" rel=\"attachment wp-att-5999\"><img loading=\"lazy\" decoding=\"async\" src=\"https:\/\/abacapress.com\/corporate\/wp-content\/uploads\/2024\/11\/2403_odalys_453-300x200.jpg\" alt=\"\" width=\"300\" height=\"200\" class=\"aligncenter size-medium wp-image-5999\" srcset=\"https:\/\/abacapress.com\/corporate\/wp-content\/uploads\/2024\/11\/2403_odalys_453-300x200.jpg 300w, https:\/\/abacapress.com\/corporate\/wp-content\/uploads\/2024\/11\/2403_odalys_453-1024x683.jpg 1024w, https:\/\/abacapress.com\/corporate\/wp-content\/uploads\/2024\/11\/2403_odalys_453-768x512.jpg 768w, https:\/\/abacapress.com\/corporate\/wp-content\/uploads\/2024\/11\/2403_odalys_453-1536x1024.jpg 1536w\" sizes=\"auto, (max-width: 300px) 100vw, 300px\" \/><\/a><a href=\"https:\/\/abacapress.com\/corporate\/2024\/11\/12\/etude-de-cas-odalys-renouvelle-sa-confiance-a-abaca-pour-son-offre-hiver-2024-2025\/odalys-hiver-2024-3\/\" rel=\"attachment wp-att-6001\"><img loading=\"lazy\" decoding=\"async\" src=\"https:\/\/abacapress.com\/corporate\/wp-content\/uploads\/2024\/11\/2403_odalys_488-200x300.jpg\" alt=\"\" width=\"200\" height=\"300\" class=\"aligncenter size-medium wp-image-6001\" srcset=\"https:\/\/abacapress.com\/corporate\/wp-content\/uploads\/2024\/11\/2403_odalys_488-200x300.jpg 200w, https:\/\/abacapress.com\/corporate\/wp-content\/uploads\/2024\/11\/2403_odalys_488-683x1024.jpg 683w, https:\/\/abacapress.com\/corporate\/wp-content\/uploads\/2024\/11\/2403_odalys_488-768x1152.jpg 768w, https:\/\/abacapress.com\/corporate\/wp-content\/uploads\/2024\/11\/2403_odalys_488-1024x1536.jpg 1024w, https:\/\/abacapress.com\/corporate\/wp-content\/uploads\/2024\/11\/2403_odalys_488-1365x2048.jpg 1365w, https:\/\/abacapress.com\/corporate\/wp-content\/uploads\/2024\/11\/2403_odalys_488-scaled.jpg 1707w\" sizes=\"auto, (max-width: 200px) 100vw, 200px\" \/><\/a><a href=\"https:\/\/abacapress.com\/corporate\/2024\/11\/12\/etude-de-cas-odalys-renouvelle-sa-confiance-a-abaca-pour-son-offre-hiver-2024-2025\/odalys-hiver-2024-5\/\" rel=\"attachment wp-att-6005\"><img loading=\"lazy\" decoding=\"async\" src=\"https:\/\/abacapress.com\/corporate\/wp-content\/uploads\/2024\/11\/2403_odalys_633-200x300.jpg\" alt=\"\" width=\"200\" height=\"300\" class=\"aligncenter size-medium wp-image-6005\" srcset=\"https:\/\/abacapress.com\/corporate\/wp-content\/uploads\/2024\/11\/2403_odalys_633-200x300.jpg 200w, https:\/\/abacapress.com\/corporate\/wp-content\/uploads\/2024\/11\/2403_odalys_633-683x1024.jpg 683w, https:\/\/abacapress.com\/corporate\/wp-content\/uploads\/2024\/11\/2403_odalys_633-768x1152.jpg 768w, https:\/\/abacapress.com\/corporate\/wp-content\/uploads\/2024\/11\/2403_odalys_633-1024x1536.jpg 1024w, https:\/\/abacapress.com\/corporate\/wp-content\/uploads\/2024\/11\/2403_odalys_633-1365x2048.jpg 1365w, https:\/\/abacapress.com\/corporate\/wp-content\/uploads\/2024\/11\/2403_odalys_633-scaled.jpg 1706w\" sizes=\"auto, (max-width: 200px) 100vw, 200px\" \/><\/a><\/p>\n<p>&nbsp;<\/p>\n<p><em>Comme Odalys, choisissez Abaca Corporate pour r\u00e9aliser vos reportages photos, imager vos services, montrer vos produits, mettre en avant vos collaborateurs !<br \/>\n<a href=\"https:\/\/bit.ly\/abacacontactregiesenscene\" rel=\"noopener\" target=\"_blank\">Prenez contact avec l\u2019\u00e9quipe Corporate de l\u2019agence Abaca<\/a>, qui se fera un plaisir d\u2019\u00e9couter vos besoins et de vous aider \u00e0 mettre tout en \u0153uvre pour la r\u00e9ussite de votre projet.<\/em><\/p>\n<p>[\/vc_column_text][\/vc_column][\/vc_row]<\/p>\n<\/div>","protected":false},"excerpt":{"rendered":"<p>[vc_row][vc_column][vc_column_text] La soci\u00e9t\u00e9 Odalys, l\u2019un des plus grands acteurs du tourisme en France et en Europe, a choisi l\u2019agence Abaca pour r\u00e9aliser les photographies de son catalogue Hiver 2024\/2025. Retour sur ce shooting et sa pr\u00e9paration\u2026 et le r\u00e9sultat en [&hellip;]<\/p>\n","protected":false},"author":12,"featured_media":5997,"comment_status":"closed","ping_status":"closed","sticky":false,"template":"","format":"standard","meta":{"footnotes":""},"categories":[139,140],"tags":[179,158,169,180,178,156,159,157,177],"class_list":["post-5995","post","type-post","status-publish","format-standard","has-post-thumbnail","hentry","category-hotellerie-et-decoration","category-reportage","tag-catalogue","tag-corporate","tag-etude-de-cas","tag-famille","tag-hiver","tag-odalys","tag-photos-corporate","tag-reportage-photo","tag-ski"],"_links":{"self":[{"href":"https:\/\/abacapress.com\/corporate\/wp-json\/wp\/v2\/posts\/5995","targetHints":{"allow":["GET"]}}],"collection":[{"href":"https:\/\/abacapress.com\/corporate\/wp-json\/wp\/v2\/posts"}],"about":[{"href":"https:\/\/abacapress.com\/corporate\/wp-json\/wp\/v2\/types\/post"}],"author":[{"embeddable":true,"href":"https:\/\/abacapress.com\/corporate\/wp-json\/wp\/v2\/users\/12"}],"replies":[{"embeddable":true,"href":"https:\/\/abacapress.com\/corporate\/wp-json\/wp\/v2\/comments?post=5995"}],"version-history":[{"count":6,"href":"https:\/\/abacapress.com\/corporate\/wp-json\/wp\/v2\/posts\/5995\/revisions"}],"predecessor-version":[{"id":6011,"href":"https:\/\/abacapress.com\/corporate\/wp-json\/wp\/v2\/posts\/5995\/revisions\/6011"}],"wp:featuredmedia":[{"embeddable":true,"href":"https:\/\/abacapress.com\/corporate\/wp-json\/wp\/v2\/media\/5997"}],"wp:attachment":[{"href":"https:\/\/abacapress.com\/corporate\/wp-json\/wp\/v2\/media?parent=5995"}],"wp:term":[{"taxonomy":"category","embeddable":true,"href":"https:\/\/abacapress.com\/corporate\/wp-json\/wp\/v2\/categories?post=5995"},{"taxonomy":"post_tag","embeddable":true,"href":"https:\/\/abacapress.com\/corporate\/wp-json\/wp\/v2\/tags?post=5995"}],"curies":[{"name":"wp","href":"https:\/\/api.w.org\/{rel}","templated":true}]}}