{"id":10177,"date":"2023-02-09T11:00:28","date_gmt":"2023-02-09T10:00:28","guid":{"rendered":"https:\/\/abacapress.com\/press\/?p=10177"},"modified":"2023-02-09T13:43:30","modified_gmt":"2023-02-09T12:43:30","slug":"diverto-mastodonte-presse-tv-choisit-abaca-abacapress-partenaire-photo","status":"publish","type":"post","link":"https:\/\/abacapress.com\/press\/diverto-mastodonte-presse-tv-choisit-abaca-abacapress-partenaire-photo\/","title":{"rendered":"Diverto, le nouveau mastodonte de la presse TV, choisit Abacapress comme partenaire photo principal"},"content":{"rendered":"<div class=\"wpb-content-wrapper\">[vc_row][vc_column][vc_column_text]<em><strong>D\u00e9but janvier 2023 d\u00e9barquait le magazine Diverto dans le secteur de la presse TV. Ce nouvel hebdomadaire, diffus\u00e9 \u00e0 3,5 millions d\u2019exemplaires en suppl\u00e9ment week-end de 52 acteurs de la presse quotidienne r\u00e9gionale, utilise la phototh\u00e8que d\u2019ABACA pour illustrer ses contenus.<\/strong><\/em>[\/vc_column_text][vc_empty_space][vc_single_image image=&#8221;10202&#8243; img_size=&#8221;400&#8243; alignment=&#8221;center&#8221;][\/vc_column][\/vc_row][vc_row css=&#8221;.vc_custom_1555495043803{padding-top: 30px !important;}&#8221;][vc_column][vc_separator color=&#8221;custom&#8221; border_width=&#8221;5&#8243; el_width=&#8221;20&#8243; accent_color=&#8221;#e31023&#8243;][vc_empty_space][vc_column_text]<span style=\"font-weight: 400;\">Pour accompagner son lancement d\u00e9but 2023, le nouvel hebdo TV Diverto s\u2019accompagne de l\u2019agence ABACA pour ses contenus photographiques.<\/span>[\/vc_column_text][vc_empty_space][\/vc_column][\/vc_row][vc_row css=&#8221;.vc_custom_1555495043803{padding-top: 30px !important;}&#8221;][vc_column][vc_column_text]\n<h2 class=\"Corps\" style=\"text-align: center;\"><span style=\"color: #ee220c;\"><strong>Diverto, nouveau m\u00e9dia de r\u00e9f\u00e9rence de la presse TV fran\u00e7aise<\/strong><\/span><\/h2>\n<p>&nbsp;<\/p>\n[\/vc_column_text][vc_empty_space][vc_separator color=&#8221;custom&#8221; border_width=&#8221;5&#8243; el_width=&#8221;20&#8243; accent_color=&#8221;#e31023&#8243;][vc_column_text]<span style=\"font-weight: 400;\">Avec plus de 3,5 millions d\u2019exemplaires, le magazine TV Diverto, distribu\u00e9 chaque week-end en suppl\u00e9ment de la presse quotidienne r\u00e9gionale, se place tout de suite en leader de ce segment de la presse que les Fran\u00e7ais n\u2019ont jamais boud\u00e9. Lanc\u00e9 de mani\u00e8re officielle le 11 janvier 2023 par une soir\u00e9e organis\u00e9e au Trianon \u00e0 Paris, Diverto jouera son r\u00f4le principal de magazine TV classique, mais pas que.<br \/>\n<\/span>[\/vc_column_text][vc_single_image image=&#8221;10196&#8243; img_size=&#8221;medium&#8221; add_caption=&#8221;yes&#8221; alignment=&#8221;center&#8221; onclick=&#8221;img_link_large&#8221; img_link_target=&#8221;_blank&#8221;][vc_single_image image=&#8221;10194&#8243; img_size=&#8221;medium&#8221; add_caption=&#8221;yes&#8221; alignment=&#8221;center&#8221; onclick=&#8221;img_link_large&#8221; img_link_target=&#8221;_blank&#8221;][vc_single_image image=&#8221;10192&#8243; img_size=&#8221;medium&#8221; add_caption=&#8221;yes&#8221; alignment=&#8221;center&#8221; onclick=&#8221;img_link_large&#8221; img_link_target=&#8221;_blank&#8221;][vc_single_image image=&#8221;10190&#8243; img_size=&#8221;medium&#8221; add_caption=&#8221;yes&#8221; alignment=&#8221;center&#8221; onclick=&#8221;img_link_large&#8221; img_link_target=&#8221;_blank&#8221;][\/vc_column][\/vc_row][vc_row css=&#8221;.vc_custom_1555495043803{padding-top: 30px !important;}&#8221;][vc_column][vc_column_text]\n<h2 style=\"text-align: center;\"><span style=\"color: #ee220c;\"><strong>Un magazine et un site web adapt\u00e9s aux nouvelles formes de consommation<br \/>\n<\/strong><\/span><\/h2>\n[\/vc_column_text][vc_empty_space][vc_separator color=&#8221;custom&#8221; border_width=&#8221;5&#8243; el_width=&#8221;10&#8243; accent_color=&#8221;#e31023&#8243;][vc_column_text]<span style=\"font-weight: 400;\">En effet, la marque Diverto se d\u00e9cline bien entendu en un site web dont l\u2019ambition est grande (quelque 2 millions de visiteurs uniques vis\u00e9s d\u2019ici la fin de l\u2019ann\u00e9e) et parlera de tous les usages TV. De la grille de programmes des cha\u00eenes historiques et TNT, sur l\u2019\u00e9ternelle TV mais aussi sur t\u00e9l\u00e9phones et tablettes, aux plateformes de VOD gratuites et payantes, le champ d\u2019action de Diverto est immense. Ainsi, le m\u00e9dia parlera des programmes disponibles sur les services IPTV de TF1, France TV, M6 ou encore Arte, et sur les d\u00e9sormais incontournables Prime Video, Netflix, Disney+.<br \/>\n<\/span>[\/vc_column_text][vc_single_image image=&#8221;10200&#8243; alignment=&#8221;center&#8221; onclick=&#8221;img_link_large&#8221; img_link_target=&#8221;_blank&#8221;][vc_single_image image=&#8221;10198&#8243; alignment=&#8221;center&#8221; onclick=&#8221;img_link_large&#8221; img_link_target=&#8221;_blank&#8221;][\/vc_column][\/vc_row][vc_row css=&#8221;.vc_custom_1555495043803{padding-top: 30px !important;}&#8221;][vc_column][vc_column_text]\n<h2 style=\"text-align: center;\"><span style=\"color: #ee220c;\"><strong>ABACA et Diverto, un partenariat logique<\/strong><\/span><\/h2>\n<p>&nbsp;<\/p>\n[\/vc_column_text][vc_empty_space][vc_separator color=&#8221;custom&#8221; border_width=&#8221;5&#8243; el_width=&#8221;10&#8243; accent_color=&#8221;#e31023&#8243;][vc_column_text]<span style=\"font-weight: 400;\">Pour l\u2019accompagner, Diverto a choisi comme partenaire principal l\u2019agence ABACA pour illustrer l\u2019ensemble de ses contenus, sur le papier et sur le web. Pour Diverto, il s\u2019agit l\u00e0 d\u2019\u00eatre accompagn\u00e9 par une agence dont la phototh\u00e8que est aussi large que vari\u00e9e. Pour ABACA, c\u2019est l\u2019occasion de diffuser au plus grand nombre la qualit\u00e9 de ses photos, la r\u00e9activit\u00e9 de ses photographes et l\u2019expertise de ses \u00e9quipes transverses.<br \/>\n<\/span>[\/vc_column_text][vc_single_image image=&#8221;10227&#8243; img_size=&#8221;medium&#8221; alignment=&#8221;center&#8221; onclick=&#8221;zoom&#8221;][vc_single_image image=&#8221;10225&#8243; img_size=&#8221;medium&#8221; alignment=&#8221;center&#8221; onclick=&#8221;zoom&#8221;][\/vc_column][\/vc_row][vc_row css=&#8221;.vc_custom_1555495043803{padding-top: 30px !important;}&#8221;][vc_column][vc_column_text]\n<h2 style=\"text-align: center;\"><span style=\"color: #ee220c;\"><strong>ABACA est fin pr\u00eat pour 2023 !<\/strong><\/span><\/h2>\n[\/vc_column_text][vc_empty_space][vc_separator color=&#8221;custom&#8221; border_width=&#8221;5&#8243; el_width=&#8221;10&#8243; accent_color=&#8221;#e31023&#8243;][vc_column_text]Chaque week-end, n\u2019h\u00e9sitez pas : retrouvez le meilleur d\u2019ABACA dans Diverto, en suppl\u00e9ment de votre quotidien en r\u00e9gions.<br \/>\n[\/vc_column_text][\/vc_column][\/vc_row][vc_row full_width=&#8221;stretch_row&#8221; content_placement=&#8221;middle&#8221; parallax=&#8221;content-moving&#8221; css=&#8221;.vc_custom_1622460729414{padding-top: 10px !important;padding-right: 10px !important;padding-bottom: 10px !important;padding-left: 10px !important;background-color: #000000 !important;}&#8221;][vc_column][vc_column_text css=&#8221;.vc_custom_1666172064270{padding-right: 20px !important;}&#8221;]\n<blockquote>\n<p style=\"text-align: center;\"><em>Vous avez envie de discuter avec ABACA ? N\u2019h\u00e9sitez pas \u00e0 nous contacter <a href=\"https:\/\/abacapress.com\/press\/contacter-abaca-press\/\">&gt; ICI<\/a>\u00a0&lt;<\/em><\/p>\n<p style=\"text-align: center;\"><a href=\"https:\/\/abacapress.com\/\"><em><span style=\"color: #ffffff;\">https:\/\/abacapress.com\/<\/span><\/em><\/a><\/p>\n<\/blockquote>\n[\/vc_column_text][\/vc_column][\/vc_row][vc_row][vc_column][vc_empty_space][vc_facebook][\/vc_column][\/vc_row][vc_row][vc_column][vc_column_text]\n[\/vc_column_text][\/vc_column][\/vc_row]\n<\/div>","protected":false},"excerpt":{"rendered":"<p>Pour accompagner son lancement d\u00e9but 2023, le nouvel hebdo TV Diverto s\u2019accompagne de l\u2019agence ABACA pour ses contenus photographiques.<\/p>\n","protected":false},"author":19,"featured_media":10202,"comment_status":"closed","ping_status":"closed","sticky":false,"template":"","format":"standard","meta":{"footnotes":""},"categories":[39],"tags":[64,65,59,60,63],"class_list":["post-10177","post","type-post","status-publish","format-standard","has-post-thumbnail","hentry","category-actualites","tag-magazine-tv","tag-partenariat","tag-parutions","tag-photos","tag-presse"],"yoast_head":"<!-- This site is optimized with the Yoast SEO plugin v25.6 - https:\/\/yoast.com\/wordpress\/plugins\/seo\/ -->\n<title>Diverto, le nouveau mastodonte de la presse TV, choisit Abacapress comme partenaire photo principal - Abaca Press<\/title>\n<meta name=\"description\" content=\"Pour accompagner son lancement d\u00e9but 2023, le nouvel hebdo TV Diverto s\u2019accompagne de l\u2019agence ABACA pour ses contenus photographiques.\" \/>\n<meta name=\"robots\" content=\"index, follow, max-snippet:-1, max-image-preview:large, max-video-preview:-1\" \/>\n<link rel=\"canonical\" href=\"https:\/\/abacapress.com\/press\/diverto-mastodonte-presse-tv-choisit-abaca-abacapress-partenaire-photo\/\" \/>\n<meta property=\"og:locale\" content=\"en_US\" \/>\n<meta property=\"og:type\" content=\"article\" \/>\n<meta property=\"og:title\" content=\"Diverto, le nouveau mastodonte de la presse TV, choisit Abacapress comme partenaire photo principal\" \/>\n<meta property=\"og:description\" content=\"Pour accompagner son lancement d\u00e9but 2023, le nouvel hebdo TV Diverto s\u2019accompagne de l\u2019agence ABACA pour ses contenus photographiques.\" \/>\n<meta property=\"og:url\" content=\"https:\/\/abacapress.com\/press\/diverto-mastodonte-presse-tv-choisit-abaca-abacapress-partenaire-photo\/\" \/>\n<meta property=\"og:site_name\" content=\"Abaca Press\" \/>\n<meta property=\"article:published_time\" content=\"2023-02-09T10:00:28+00:00\" \/>\n<meta property=\"article:modified_time\" content=\"2023-02-09T12:43:30+00:00\" \/>\n<meta property=\"og:image\" content=\"https:\/\/abacapress.com\/press\/wp-content\/uploads\/2023\/02\/bon-diverto.jpg\" \/>\n\t<meta property=\"og:image:width\" content=\"1200\" \/>\n\t<meta property=\"og:image:height\" content=\"750\" \/>\n\t<meta property=\"og:image:type\" content=\"image\/jpeg\" \/>\n<meta name=\"author\" content=\"Martin Tran\" \/>\n<meta name=\"twitter:card\" content=\"summary_large_image\" \/>\n<meta name=\"twitter:title\" content=\"Diverto, le nouveau mastodonte de la presse TV, choisit Abacapress comme partenaire photo principal\" \/>\n<meta name=\"twitter:description\" content=\"Pour accompagner son lancement d\u00e9but 2023, le nouvel hebdo TV Diverto s\u2019accompagne de l\u2019agence ABACA pour ses contenus photographiques.\" \/>\n<meta name=\"twitter:image\" content=\"https:\/\/abacapress.com\/press\/wp-content\/uploads\/2023\/02\/bon-diverto.jpg\" \/>\n<meta name=\"twitter:label1\" content=\"Written by\" \/>\n\t<meta name=\"twitter:data1\" content=\"Martin Tran\" \/>\n\t<meta name=\"twitter:label2\" content=\"Est. reading time\" \/>\n\t<meta name=\"twitter:data2\" content=\"4 minutes\" \/>\n<script type=\"application\/ld+json\" class=\"yoast-schema-graph\">{\"@context\":\"https:\/\/schema.org\",\"@graph\":[{\"@type\":\"WebPage\",\"@id\":\"https:\/\/abacapress.com\/press\/diverto-mastodonte-presse-tv-choisit-abaca-abacapress-partenaire-photo\/\",\"url\":\"https:\/\/abacapress.com\/press\/diverto-mastodonte-presse-tv-choisit-abaca-abacapress-partenaire-photo\/\",\"name\":\"Diverto, le nouveau mastodonte de la presse TV, choisit Abacapress comme partenaire photo principal - Abaca Press\",\"isPartOf\":{\"@id\":\"https:\/\/abacapress.com\/press\/#website\"},\"primaryImageOfPage\":{\"@id\":\"https:\/\/abacapress.com\/press\/diverto-mastodonte-presse-tv-choisit-abaca-abacapress-partenaire-photo\/#primaryimage\"},\"image\":{\"@id\":\"https:\/\/abacapress.com\/press\/diverto-mastodonte-presse-tv-choisit-abaca-abacapress-partenaire-photo\/#primaryimage\"},\"thumbnailUrl\":\"https:\/\/abacapress.com\/press\/wp-content\/uploads\/2023\/02\/63b5bd1fad5e03d4018b45a2.jpg\",\"datePublished\":\"2023-02-09T10:00:28+00:00\",\"dateModified\":\"2023-02-09T12:43:30+00:00\",\"author\":{\"@id\":\"https:\/\/abacapress.com\/press\/#\/schema\/person\/1e38b8a4144b157b796291bd1085bc23\"},\"description\":\"Pour accompagner son lancement d\u00e9but 2023, le nouvel hebdo TV Diverto s\u2019accompagne de l\u2019agence ABACA pour ses contenus photographiques.\",\"breadcrumb\":{\"@id\":\"https:\/\/abacapress.com\/press\/diverto-mastodonte-presse-tv-choisit-abaca-abacapress-partenaire-photo\/#breadcrumb\"},\"inLanguage\":\"en-US\",\"potentialAction\":[{\"@type\":\"ReadAction\",\"target\":[\"https:\/\/abacapress.com\/press\/diverto-mastodonte-presse-tv-choisit-abaca-abacapress-partenaire-photo\/\"]}]},{\"@type\":\"ImageObject\",\"inLanguage\":\"en-US\",\"@id\":\"https:\/\/abacapress.com\/press\/diverto-mastodonte-presse-tv-choisit-abaca-abacapress-partenaire-photo\/#primaryimage\",\"url\":\"https:\/\/abacapress.com\/press\/wp-content\/uploads\/2023\/02\/63b5bd1fad5e03d4018b45a2.jpg\",\"contentUrl\":\"https:\/\/abacapress.com\/press\/wp-content\/uploads\/2023\/02\/63b5bd1fad5e03d4018b45a2.jpg\",\"width\":1222,\"height\":1476},{\"@type\":\"BreadcrumbList\",\"@id\":\"https:\/\/abacapress.com\/press\/diverto-mastodonte-presse-tv-choisit-abaca-abacapress-partenaire-photo\/#breadcrumb\",\"itemListElement\":[{\"@type\":\"ListItem\",\"position\":1,\"name\":\"Accueil\",\"item\":\"https:\/\/abacapress.com\/press\/\"},{\"@type\":\"ListItem\",\"position\":2,\"name\":\"Diverto, le nouveau mastodonte de la presse TV, choisit Abacapress comme partenaire photo principal\"}]},{\"@type\":\"WebSite\",\"@id\":\"https:\/\/abacapress.com\/press\/#website\",\"url\":\"https:\/\/abacapress.com\/press\/\",\"name\":\"Abaca Press\",\"description\":\"Agence de presse photographique\",\"potentialAction\":[{\"@type\":\"SearchAction\",\"target\":{\"@type\":\"EntryPoint\",\"urlTemplate\":\"https:\/\/abacapress.com\/press\/?s={search_term_string}\"},\"query-input\":{\"@type\":\"PropertyValueSpecification\",\"valueRequired\":true,\"valueName\":\"search_term_string\"}}],\"inLanguage\":\"en-US\"},{\"@type\":\"Person\",\"@id\":\"https:\/\/abacapress.com\/press\/#\/schema\/person\/1e38b8a4144b157b796291bd1085bc23\",\"name\":\"Martin Tran\",\"image\":{\"@type\":\"ImageObject\",\"inLanguage\":\"en-US\",\"@id\":\"https:\/\/abacapress.com\/press\/#\/schema\/person\/image\/\",\"url\":\"https:\/\/secure.gravatar.com\/avatar\/f965c1e4288ec3486b12e79e2d73ff8df93228abe969349ab51f939bda1590dc?s=96&d=mm&r=g\",\"contentUrl\":\"https:\/\/secure.gravatar.com\/avatar\/f965c1e4288ec3486b12e79e2d73ff8df93228abe969349ab51f939bda1590dc?s=96&d=mm&r=g\",\"caption\":\"Martin Tran\"},\"url\":\"https:\/\/abacapress.com\/press\/author\/martin-tranyahoo-fr\/\"}]}<\/script>\n<!-- \/ Yoast SEO plugin. -->","yoast_head_json":{"title":"Diverto, le nouveau mastodonte de la presse TV, choisit Abacapress comme partenaire photo principal - Abaca Press","description":"Pour accompagner son lancement d\u00e9but 2023, le nouvel hebdo TV Diverto s\u2019accompagne de l\u2019agence ABACA pour ses contenus photographiques.","robots":{"index":"index","follow":"follow","max-snippet":"max-snippet:-1","max-image-preview":"max-image-preview:large","max-video-preview":"max-video-preview:-1"},"canonical":"https:\/\/abacapress.com\/press\/diverto-mastodonte-presse-tv-choisit-abaca-abacapress-partenaire-photo\/","og_locale":"en_US","og_type":"article","og_title":"Diverto, le nouveau mastodonte de la presse TV, choisit Abacapress comme partenaire photo principal","og_description":"Pour accompagner son lancement d\u00e9but 2023, le nouvel hebdo TV Diverto s\u2019accompagne de l\u2019agence ABACA pour ses contenus photographiques.","og_url":"https:\/\/abacapress.com\/press\/diverto-mastodonte-presse-tv-choisit-abaca-abacapress-partenaire-photo\/","og_site_name":"Abaca Press","article_published_time":"2023-02-09T10:00:28+00:00","article_modified_time":"2023-02-09T12:43:30+00:00","og_image":[{"width":1200,"height":750,"url":"https:\/\/abacapress.com\/press\/wp-content\/uploads\/2023\/02\/bon-diverto.jpg","type":"image\/jpeg"}],"author":"Martin Tran","twitter_card":"summary_large_image","twitter_title":"Diverto, le nouveau mastodonte de la presse TV, choisit Abacapress comme partenaire photo principal","twitter_description":"Pour accompagner son lancement d\u00e9but 2023, le nouvel hebdo TV Diverto s\u2019accompagne de l\u2019agence ABACA pour ses contenus photographiques.","twitter_image":"https:\/\/abacapress.com\/press\/wp-content\/uploads\/2023\/02\/bon-diverto.jpg","twitter_misc":{"Written by":"Martin Tran","Est. reading time":"4 minutes"},"schema":{"@context":"https:\/\/schema.org","@graph":[{"@type":"WebPage","@id":"https:\/\/abacapress.com\/press\/diverto-mastodonte-presse-tv-choisit-abaca-abacapress-partenaire-photo\/","url":"https:\/\/abacapress.com\/press\/diverto-mastodonte-presse-tv-choisit-abaca-abacapress-partenaire-photo\/","name":"Diverto, le nouveau mastodonte de la presse TV, choisit Abacapress comme partenaire photo principal - Abaca Press","isPartOf":{"@id":"https:\/\/abacapress.com\/press\/#website"},"primaryImageOfPage":{"@id":"https:\/\/abacapress.com\/press\/diverto-mastodonte-presse-tv-choisit-abaca-abacapress-partenaire-photo\/#primaryimage"},"image":{"@id":"https:\/\/abacapress.com\/press\/diverto-mastodonte-presse-tv-choisit-abaca-abacapress-partenaire-photo\/#primaryimage"},"thumbnailUrl":"https:\/\/abacapress.com\/press\/wp-content\/uploads\/2023\/02\/63b5bd1fad5e03d4018b45a2.jpg","datePublished":"2023-02-09T10:00:28+00:00","dateModified":"2023-02-09T12:43:30+00:00","author":{"@id":"https:\/\/abacapress.com\/press\/#\/schema\/person\/1e38b8a4144b157b796291bd1085bc23"},"description":"Pour accompagner son lancement d\u00e9but 2023, le nouvel hebdo TV Diverto s\u2019accompagne de l\u2019agence ABACA pour ses contenus photographiques.","breadcrumb":{"@id":"https:\/\/abacapress.com\/press\/diverto-mastodonte-presse-tv-choisit-abaca-abacapress-partenaire-photo\/#breadcrumb"},"inLanguage":"en-US","potentialAction":[{"@type":"ReadAction","target":["https:\/\/abacapress.com\/press\/diverto-mastodonte-presse-tv-choisit-abaca-abacapress-partenaire-photo\/"]}]},{"@type":"ImageObject","inLanguage":"en-US","@id":"https:\/\/abacapress.com\/press\/diverto-mastodonte-presse-tv-choisit-abaca-abacapress-partenaire-photo\/#primaryimage","url":"https:\/\/abacapress.com\/press\/wp-content\/uploads\/2023\/02\/63b5bd1fad5e03d4018b45a2.jpg","contentUrl":"https:\/\/abacapress.com\/press\/wp-content\/uploads\/2023\/02\/63b5bd1fad5e03d4018b45a2.jpg","width":1222,"height":1476},{"@type":"BreadcrumbList","@id":"https:\/\/abacapress.com\/press\/diverto-mastodonte-presse-tv-choisit-abaca-abacapress-partenaire-photo\/#breadcrumb","itemListElement":[{"@type":"ListItem","position":1,"name":"Accueil","item":"https:\/\/abacapress.com\/press\/"},{"@type":"ListItem","position":2,"name":"Diverto, le nouveau mastodonte de la presse TV, choisit Abacapress comme partenaire photo principal"}]},{"@type":"WebSite","@id":"https:\/\/abacapress.com\/press\/#website","url":"https:\/\/abacapress.com\/press\/","name":"Abaca Press","description":"Agence de presse photographique","potentialAction":[{"@type":"SearchAction","target":{"@type":"EntryPoint","urlTemplate":"https:\/\/abacapress.com\/press\/?s={search_term_string}"},"query-input":{"@type":"PropertyValueSpecification","valueRequired":true,"valueName":"search_term_string"}}],"inLanguage":"en-US"},{"@type":"Person","@id":"https:\/\/abacapress.com\/press\/#\/schema\/person\/1e38b8a4144b157b796291bd1085bc23","name":"Martin Tran","image":{"@type":"ImageObject","inLanguage":"en-US","@id":"https:\/\/abacapress.com\/press\/#\/schema\/person\/image\/","url":"https:\/\/secure.gravatar.com\/avatar\/f965c1e4288ec3486b12e79e2d73ff8df93228abe969349ab51f939bda1590dc?s=96&d=mm&r=g","contentUrl":"https:\/\/secure.gravatar.com\/avatar\/f965c1e4288ec3486b12e79e2d73ff8df93228abe969349ab51f939bda1590dc?s=96&d=mm&r=g","caption":"Martin Tran"},"url":"https:\/\/abacapress.com\/press\/author\/martin-tranyahoo-fr\/"}]}},"_links":{"self":[{"href":"https:\/\/abacapress.com\/press\/wp-json\/wp\/v2\/posts\/10177","targetHints":{"allow":["GET"]}}],"collection":[{"href":"https:\/\/abacapress.com\/press\/wp-json\/wp\/v2\/posts"}],"about":[{"href":"https:\/\/abacapress.com\/press\/wp-json\/wp\/v2\/types\/post"}],"author":[{"embeddable":true,"href":"https:\/\/abacapress.com\/press\/wp-json\/wp\/v2\/users\/19"}],"replies":[{"embeddable":true,"href":"https:\/\/abacapress.com\/press\/wp-json\/wp\/v2\/comments?post=10177"}],"version-history":[{"count":0,"href":"https:\/\/abacapress.com\/press\/wp-json\/wp\/v2\/posts\/10177\/revisions"}],"wp:featuredmedia":[{"embeddable":true,"href":"https:\/\/abacapress.com\/press\/wp-json\/wp\/v2\/media\/10202"}],"wp:attachment":[{"href":"https:\/\/abacapress.com\/press\/wp-json\/wp\/v2\/media?parent=10177"}],"wp:term":[{"taxonomy":"category","embeddable":true,"href":"https:\/\/abacapress.com\/press\/wp-json\/wp\/v2\/categories?post=10177"},{"taxonomy":"post_tag","embeddable":true,"href":"https:\/\/abacapress.com\/press\/wp-json\/wp\/v2\/tags?post=10177"}],"curies":[{"name":"wp","href":"https:\/\/api.w.org\/{rel}","templated":true}]}}