{"id":10601,"date":"2023-04-07T17:04:27","date_gmt":"2023-04-07T15:04:27","guid":{"rendered":"https:\/\/abacapress.com\/press\/?p=10601"},"modified":"2023-04-07T17:11:42","modified_gmt":"2023-04-07T15:11:42","slug":"best-of-les-unes-et-parutions-abaca-premier-trimestre-2023","status":"publish","type":"post","link":"https:\/\/abacapress.com\/press\/best-of-les-unes-et-parutions-abaca-premier-trimestre-2023\/","title":{"rendered":"BEST OF &#8211; Les Unes et parutions ABACA du premier trimestre 2023"},"content":{"rendered":"<div class=\"wpb-content-wrapper\">[vc_row][vc_column][vc_column_text]<em><strong>Le d\u00e9but d\u2019ann\u00e9e a \u00e9t\u00e9 riche pour l\u2019agence ABACA, avec une actualit\u00e9 en France et dans le monde charg\u00e9e. Dans cet article, nous vous montrons les principales Unes et parutions presse qui ont repris des clich\u00e9s pris par nos photographes.<br \/>\n<\/strong><\/em>[\/vc_column_text][vc_empty_space][\/vc_column][\/vc_row][vc_row css=&#8221;.vc_custom_1555495043803{padding-top: 30px !important;}&#8221;][vc_column][vc_separator color=&#8221;custom&#8221; border_width=&#8221;5&#8243; el_width=&#8221;20&#8243; accent_color=&#8221;#e31023&#8243;][vc_empty_space][vc_column_text]<span style=\"font-weight: 400;\">Focus sur ces photos prises par les photographes ABACA qui ont \u00e9t\u00e9 reprises par la presse fran\u00e7aise et internationale lors du premier trimestre 2023.<\/span><\/p>\n<p>&nbsp;<\/p>\n<p>NB : pour agrandir, cliquez sur les images[\/vc_column_text][vc_empty_space][\/vc_column][\/vc_row][vc_row css=&#8221;.vc_custom_1555495043803{padding-top: 30px !important;}&#8221;][vc_column][vc_column_text]\n<h2 class=\"Corps\" style=\"text-align: center;\"><span style=\"color: #ee220c;\"><strong>2023, un d\u00e9but d\u2019ann\u00e9e plac\u00e9e sous le signe de la contestation en France<\/strong><\/span><\/h2>\n<p>&nbsp;<\/p>\n[\/vc_column_text][vc_empty_space][vc_separator color=&#8221;custom&#8221; border_width=&#8221;5&#8243; el_width=&#8221;20&#8243; accent_color=&#8221;#e31023&#8243;][vc_column_text]<span style=\"font-weight: 400;\">S\u2019il ne fallait retenir qu\u2019une chose de ce premier trimestre 2023 quand on est Fran\u00e7ais\u2026 c\u2019est que les Fran\u00e7ais ne sont pas contents du gouvernement qu\u2019il a \u00e9lu au pouvoir moins d\u2019un an plus t\u00f4t ! La mise en place (via l\u2019article 49.3) de la r\u00e9forme des retraites a mis le feu aux poudres, pla\u00e7ant le Pr\u00e9sident de la R\u00e9publique Emmanuel Macron et sa Premi\u00e8re Ministre dans une situation d\u00e9licate selon les principaux quotidiens fran\u00e7ais\u2026<br \/>\n<\/span>[\/vc_column_text][vc_single_image image=&#8221;10630&#8243; img_size=&#8221;medium&#8221; add_caption=&#8221;yes&#8221; alignment=&#8221;center&#8221; onclick=&#8221;img_link_large&#8221;][vc_single_image image=&#8221;10602&#8243; img_size=&#8221;medium&#8221; add_caption=&#8221;yes&#8221; alignment=&#8221;center&#8221; onclick=&#8221;img_link_large&#8221;][vc_single_image image=&#8221;10604&#8243; img_size=&#8221;medium&#8221; add_caption=&#8221;yes&#8221; alignment=&#8221;center&#8221; onclick=&#8221;img_link_large&#8221;][vc_single_image image=&#8221;10640&#8243; img_size=&#8221;medium&#8221; add_caption=&#8221;yes&#8221; alignment=&#8221;center&#8221; onclick=&#8221;img_link_large&#8221;][vc_single_image image=&#8221;10618&#8243; img_size=&#8221;medium&#8221; add_caption=&#8221;yes&#8221; alignment=&#8221;center&#8221; onclick=&#8221;img_link_large&#8221;][vc_single_image image=&#8221;10632&#8243; img_size=&#8221;medium&#8221; add_caption=&#8221;yes&#8221; alignment=&#8221;center&#8221; onclick=&#8221;img_link_large&#8221;][vc_single_image image=&#8221;10622&#8243; img_size=&#8221;medium&#8221; add_caption=&#8221;yes&#8221; alignment=&#8221;center&#8221; onclick=&#8221;img_link_large&#8221;][vc_single_image image=&#8221;10624&#8243; img_size=&#8221;medium&#8221; add_caption=&#8221;yes&#8221; alignment=&#8221;center&#8221; onclick=&#8221;img_link_large&#8221;][vc_empty_space][\/vc_column][\/vc_row][vc_row css=&#8221;.vc_custom_1555495043803{padding-top: 30px !important;}&#8221;][vc_column][vc_column_text]\n<h2 style=\"text-align: center;\"><span style=\"color: #ee220c;\"><strong>Tous les yeux riv\u00e9s vers la Turquie et l\u2019Ukraine<br \/>\n<\/strong><\/span><\/h2>\n[\/vc_column_text][vc_empty_space][vc_separator color=&#8221;custom&#8221; border_width=&#8221;5&#8243; el_width=&#8221;10&#8243; accent_color=&#8221;#e31023&#8243;][vc_column_text]<span style=\"font-weight: 400;\">D\u00e9j\u00e0 un an\u2026 et ce n\u2019est malheureusement pas termin\u00e9 : d\u00e9but f\u00e9vrier 2022, la Russie entrait en Ukraine. Plus d\u2019un an plus tard, les Ukrainiens continuent de r\u00e9sister pour continuer \u00e0 vivre, tout simplement, sous l&#8217;\u0153il notamment de notre photographe Raphael Lafargue pour Le Point.<br \/>\nD\u00e9but f\u00e9vrier encore, un peu plus \u00e0 l\u2019est cette fois-ci, la Turquie et la Syrie se r\u00e9veillaient meurtries, lourdement touch\u00e9es par un s\u00e9isme d\u2019une puissance rare qui a retir\u00e9 la vie \u00e0 plus de 50 000 personnes. La catastrophe est ici mise en avant par le magazine allemand Stern.<br \/>\n<\/span>[\/vc_column_text][vc_single_image image=&#8221;10636&#8243; img_size=&#8221;medium&#8221; add_caption=&#8221;yes&#8221; alignment=&#8221;center&#8221; onclick=&#8221;img_link_large&#8221;][vc_single_image image=&#8221;10638&#8243; img_size=&#8221;medium&#8221; alignment=&#8221;center&#8221; onclick=&#8221;img_link_large&#8221;][vc_single_image image=&#8221;10634&#8243; img_size=&#8221;medium&#8221; alignment=&#8221;center&#8221; onclick=&#8221;img_link_large&#8221;][\/vc_column][\/vc_row][vc_row css=&#8221;.vc_custom_1555495043803{padding-top: 30px !important;}&#8221;][vc_column][vc_column_text]\n<h2 style=\"text-align: center;\"><span style=\"color: #ee220c;\"><strong>Drame et paillettes chez les stars<\/strong><\/span><\/h2>\n<p>&nbsp;<\/p>\n[\/vc_column_text][vc_empty_space][vc_separator color=&#8221;custom&#8221; border_width=&#8221;5&#8243; el_width=&#8221;10&#8243; accent_color=&#8221;#e31023&#8243;][vc_column_text]<span style=\"font-weight: 400;\">Plus proche de nous, Le Point et Voici ont choisi des clich\u00e9s ABACA pour illustrer deux Unes sur Bertrand Cantat et Pierre Palmade.<br \/>\nSujets plus l\u00e9gers, Paris-Match faisait de Marion Cotillard une muse d\u2019une de ses Unes, tandis que Le Figaro TV Magazine mettait Antoine Dupont, consid\u00e9r\u00e9 comme le meilleur rugbyman au monde \u00e0 l\u2019heure actuelle, sur sa Une pre-Tournoi des VI Nations.<br \/>\nEnfin, de l\u2019autre c\u00f4t\u00e9 de la Manche, ciel bleu pour le couple princier Kate et William, en Une de Gala !<br \/>\n<\/span>[\/vc_column_text][vc_single_image image=&#8221;10614&#8243; img_size=&#8221;medium&#8221; alignment=&#8221;center&#8221; onclick=&#8221;img_link_large&#8221;][vc_single_image image=&#8221;10612&#8243; img_size=&#8221;medium&#8221; alignment=&#8221;center&#8221; onclick=&#8221;img_link_large&#8221;][vc_single_image image=&#8221;10626&#8243; img_size=&#8221;medium&#8221; alignment=&#8221;center&#8221; onclick=&#8221;img_link_large&#8221;][vc_single_image image=&#8221;10610&#8243; img_size=&#8221;medium&#8221; alignment=&#8221;center&#8221; onclick=&#8221;img_link_large&#8221;][vc_single_image image=&#8221;10620&#8243; img_size=&#8221;medium&#8221; alignment=&#8221;center&#8221; onclick=&#8221;img_link_large&#8221;][\/vc_column][\/vc_row][vc_row css=&#8221;.vc_custom_1555495043803{padding-top: 30px !important;}&#8221;][vc_column][vc_column_text]\n<h2 style=\"text-align: center;\"><span style=\"color: #ee220c;\"><strong>Quand l\u2019homme d\u00e9fie la nature\u2026<\/strong><\/span><\/h2>\n<p>&nbsp;<\/p>\n[\/vc_column_text][vc_empty_space][vc_separator color=&#8221;custom&#8221; border_width=&#8221;5&#8243; el_width=&#8221;10&#8243; accent_color=&#8221;#e31023&#8243;][vc_column_text]<span style=\"font-weight: 400;\">Enfin, comment ne pas \u00e9voquer ces 3 superbes clich\u00e9s repris en double-page par Le Figaro Magazine, clich\u00e9s montrant la d\u00e9mesure de la Chine, ainsi qu\u2019une Russie plus froide que jamais\u2026<br \/>\n<\/span>[\/vc_column_text][vc_single_image image=&#8221;10606&#8243; img_size=&#8221;medium&#8221; alignment=&#8221;center&#8221; onclick=&#8221;img_link_large&#8221;][vc_single_image image=&#8221;10616&#8243; img_size=&#8221;medium&#8221; alignment=&#8221;center&#8221; onclick=&#8221;img_link_large&#8221;][vc_single_image image=&#8221;10608&#8243; img_size=&#8221;medium&#8221; alignment=&#8221;center&#8221; onclick=&#8221;img_link_large&#8221;][\/vc_column][\/vc_row][vc_row css=&#8221;.vc_custom_1555495043803{padding-top: 30px !important;}&#8221;][vc_column][vc_column_text]\n<h2 style=\"text-align: center;\"><span style=\"color: #ee220c;\"><strong>ABACA est fin pr\u00eat pour 2023 !<\/strong><\/span><\/h2>\n[\/vc_column_text][vc_empty_space][vc_separator color=&#8221;custom&#8221; border_width=&#8221;5&#8243; el_width=&#8221;10&#8243; accent_color=&#8221;#e31023&#8243;][vc_column_text]Dans la continuit\u00e9 de 2022, l&#8217;ann\u00e9e 2023 s&#8217;est lanc\u00e9 sur les chapeaux de roue ! Bien entendu, l&#8217;agence ABACA est d\u00e9j\u00e0 bien pr\u00e9sente, et le restera, partout , en France, en Europe, ailleurs dans le monde, via ses photoreporters pour vous transmettre, en photos et en vid\u00e9os, toute l&#8217;\u00e9motion qui s&#8217;en d\u00e9gage ![\/vc_column_text][\/vc_column][\/vc_row][vc_row full_width=&#8221;stretch_row&#8221; content_placement=&#8221;middle&#8221; parallax=&#8221;content-moving&#8221; css=&#8221;.vc_custom_1622460729414{padding-top: 10px !important;padding-right: 10px !important;padding-bottom: 10px !important;padding-left: 10px !important;background-color: #000000 !important;}&#8221;][vc_column][vc_column_text css=&#8221;.vc_custom_1666172064270{padding-right: 20px !important;}&#8221;]\n<blockquote>\n<p style=\"text-align: center;\"><em>Vous avez envie de discuter avec ABACA ? N\u2019h\u00e9sitez pas \u00e0 nous contacter <a href=\"https:\/\/abacapress.com\/press\/contacter-abaca-press\/\">&gt; ICI<\/a>\u00a0&lt;<\/em><\/p>\n<p style=\"text-align: center;\"><a href=\"https:\/\/abacapress.com\/\"><em><span style=\"color: #ffffff;\">https:\/\/abacapress.com\/<\/span><\/em><\/a><\/p>\n<\/blockquote>\n[\/vc_column_text][\/vc_column][\/vc_row][vc_row][vc_column][vc_empty_space][vc_facebook][\/vc_column][\/vc_row][vc_row][vc_column][vc_column_text]\n[\/vc_column_text][\/vc_column][\/vc_row]\n<\/div>","protected":false},"excerpt":{"rendered":"<p>Focus sur ces photos prises par les photographes ABACA qui ont \u00e9t\u00e9 reprises par la presse fran\u00e7aise et internationale lors du premier trimestre 2023.<\/p>\n","protected":false},"author":19,"featured_media":10648,"comment_status":"closed","ping_status":"closed","sticky":false,"template":"","format":"standard","meta":{"footnotes":""},"categories":[39],"tags":[69,62,59,60],"class_list":["post-10601","post","type-post","status-publish","format-standard","has-post-thumbnail","hentry","category-actualites","tag-69","tag-best-of","tag-parutions","tag-photos"],"yoast_head":"<!-- This site is optimized with the Yoast SEO plugin v25.6 - https:\/\/yoast.com\/wordpress\/plugins\/seo\/ -->\n<title>BEST OF - Les Unes et parutions ABACA du premier trimestre 2023 - Abaca Press<\/title>\n<meta name=\"description\" content=\"Focus sur ces photos prises par les photographes ABACA qui ont \u00e9t\u00e9 reprises par la presse fran\u00e7aise et internationale lors du premier trimestre 2023.\" \/>\n<meta name=\"robots\" content=\"index, follow, max-snippet:-1, max-image-preview:large, max-video-preview:-1\" \/>\n<link rel=\"canonical\" href=\"https:\/\/abacapress.com\/press\/best-of-les-unes-et-parutions-abaca-premier-trimestre-2023\/\" \/>\n<meta property=\"og:locale\" content=\"en_US\" \/>\n<meta property=\"og:type\" content=\"article\" \/>\n<meta property=\"og:title\" content=\"BEST OF - Les Unes et parutions ABACA du premier trimestre 2023\" \/>\n<meta property=\"og:description\" content=\"Focus sur ces photos prises par les photographes ABACA qui ont \u00e9t\u00e9 reprises par la presse fran\u00e7aise et internationale lors du premier trimestre 2023.\" \/>\n<meta property=\"og:url\" content=\"https:\/\/abacapress.com\/press\/best-of-les-unes-et-parutions-abaca-premier-trimestre-2023\/\" \/>\n<meta property=\"og:site_name\" content=\"Abaca Press\" \/>\n<meta property=\"article:published_time\" content=\"2023-04-07T15:04:27+00:00\" \/>\n<meta property=\"article:modified_time\" content=\"2023-04-07T15:11:42+00:00\" \/>\n<meta property=\"og:image\" content=\"https:\/\/abacapress.com\/press\/wp-content\/uploads\/2023\/04\/Sans-titre.png\" \/>\n\t<meta property=\"og:image:width\" content=\"1600\" \/>\n\t<meta property=\"og:image:height\" content=\"625\" \/>\n\t<meta property=\"og:image:type\" content=\"image\/png\" \/>\n<meta name=\"author\" content=\"Martin Tran\" \/>\n<meta name=\"twitter:card\" content=\"summary_large_image\" \/>\n<meta name=\"twitter:title\" content=\"BALLON D\u2019OR 2022 - Karim Benzema, une saison en or en 5 photos\" \/>\n<meta name=\"twitter:description\" content=\"Lundi, Karim Benzema a \u00e9t\u00e9 \u00e9lu Ballon d\u2019Or 2022 : ABACA vous fait revivre en images les grands moments de la saison XXL du buteur fran\u00e7ais du Real Madrid.\" \/>\n<meta name=\"twitter:image\" content=\"https:\/\/abacapress.com\/press\/wp-content\/uploads\/2022\/10\/ABACA_828667_004-1.jpg\" \/>\n<meta name=\"twitter:label1\" content=\"Written by\" \/>\n\t<meta name=\"twitter:data1\" content=\"Martin Tran\" \/>\n\t<meta name=\"twitter:label2\" content=\"Est. reading time\" \/>\n\t<meta name=\"twitter:data2\" content=\"6 minutes\" \/>\n<script type=\"application\/ld+json\" class=\"yoast-schema-graph\">{\"@context\":\"https:\/\/schema.org\",\"@graph\":[{\"@type\":\"WebPage\",\"@id\":\"https:\/\/abacapress.com\/press\/best-of-les-unes-et-parutions-abaca-premier-trimestre-2023\/\",\"url\":\"https:\/\/abacapress.com\/press\/best-of-les-unes-et-parutions-abaca-premier-trimestre-2023\/\",\"name\":\"BEST OF - Les Unes et parutions ABACA du premier trimestre 2023 - Abaca Press\",\"isPartOf\":{\"@id\":\"https:\/\/abacapress.com\/press\/#website\"},\"primaryImageOfPage\":{\"@id\":\"https:\/\/abacapress.com\/press\/best-of-les-unes-et-parutions-abaca-premier-trimestre-2023\/#primaryimage\"},\"image\":{\"@id\":\"https:\/\/abacapress.com\/press\/best-of-les-unes-et-parutions-abaca-premier-trimestre-2023\/#primaryimage\"},\"thumbnailUrl\":\"https:\/\/abacapress.com\/press\/wp-content\/uploads\/2023\/04\/Sans-titre.png\",\"datePublished\":\"2023-04-07T15:04:27+00:00\",\"dateModified\":\"2023-04-07T15:11:42+00:00\",\"author\":{\"@id\":\"https:\/\/abacapress.com\/press\/#\/schema\/person\/1e38b8a4144b157b796291bd1085bc23\"},\"description\":\"Focus sur ces photos prises par les photographes ABACA qui ont \u00e9t\u00e9 reprises par la presse fran\u00e7aise et internationale lors du premier trimestre 2023.\",\"breadcrumb\":{\"@id\":\"https:\/\/abacapress.com\/press\/best-of-les-unes-et-parutions-abaca-premier-trimestre-2023\/#breadcrumb\"},\"inLanguage\":\"en-US\",\"potentialAction\":[{\"@type\":\"ReadAction\",\"target\":[\"https:\/\/abacapress.com\/press\/best-of-les-unes-et-parutions-abaca-premier-trimestre-2023\/\"]}]},{\"@type\":\"ImageObject\",\"inLanguage\":\"en-US\",\"@id\":\"https:\/\/abacapress.com\/press\/best-of-les-unes-et-parutions-abaca-premier-trimestre-2023\/#primaryimage\",\"url\":\"https:\/\/abacapress.com\/press\/wp-content\/uploads\/2023\/04\/Sans-titre.png\",\"contentUrl\":\"https:\/\/abacapress.com\/press\/wp-content\/uploads\/2023\/04\/Sans-titre.png\",\"width\":1600,\"height\":625},{\"@type\":\"BreadcrumbList\",\"@id\":\"https:\/\/abacapress.com\/press\/best-of-les-unes-et-parutions-abaca-premier-trimestre-2023\/#breadcrumb\",\"itemListElement\":[{\"@type\":\"ListItem\",\"position\":1,\"name\":\"Accueil\",\"item\":\"https:\/\/abacapress.com\/press\/\"},{\"@type\":\"ListItem\",\"position\":2,\"name\":\"BEST OF &#8211; Les Unes et parutions ABACA du premier trimestre 2023\"}]},{\"@type\":\"WebSite\",\"@id\":\"https:\/\/abacapress.com\/press\/#website\",\"url\":\"https:\/\/abacapress.com\/press\/\",\"name\":\"Abaca Press\",\"description\":\"Agence de presse photographique\",\"potentialAction\":[{\"@type\":\"SearchAction\",\"target\":{\"@type\":\"EntryPoint\",\"urlTemplate\":\"https:\/\/abacapress.com\/press\/?s={search_term_string}\"},\"query-input\":{\"@type\":\"PropertyValueSpecification\",\"valueRequired\":true,\"valueName\":\"search_term_string\"}}],\"inLanguage\":\"en-US\"},{\"@type\":\"Person\",\"@id\":\"https:\/\/abacapress.com\/press\/#\/schema\/person\/1e38b8a4144b157b796291bd1085bc23\",\"name\":\"Martin Tran\",\"image\":{\"@type\":\"ImageObject\",\"inLanguage\":\"en-US\",\"@id\":\"https:\/\/abacapress.com\/press\/#\/schema\/person\/image\/\",\"url\":\"https:\/\/secure.gravatar.com\/avatar\/f965c1e4288ec3486b12e79e2d73ff8df93228abe969349ab51f939bda1590dc?s=96&d=mm&r=g\",\"contentUrl\":\"https:\/\/secure.gravatar.com\/avatar\/f965c1e4288ec3486b12e79e2d73ff8df93228abe969349ab51f939bda1590dc?s=96&d=mm&r=g\",\"caption\":\"Martin Tran\"},\"url\":\"https:\/\/abacapress.com\/press\/author\/martin-tranyahoo-fr\/\"}]}<\/script>\n<!-- \/ Yoast SEO plugin. -->","yoast_head_json":{"title":"BEST OF - Les Unes et parutions ABACA du premier trimestre 2023 - Abaca Press","description":"Focus sur ces photos prises par les photographes ABACA qui ont \u00e9t\u00e9 reprises par la presse fran\u00e7aise et internationale lors du premier trimestre 2023.","robots":{"index":"index","follow":"follow","max-snippet":"max-snippet:-1","max-image-preview":"max-image-preview:large","max-video-preview":"max-video-preview:-1"},"canonical":"https:\/\/abacapress.com\/press\/best-of-les-unes-et-parutions-abaca-premier-trimestre-2023\/","og_locale":"en_US","og_type":"article","og_title":"BEST OF - Les Unes et parutions ABACA du premier trimestre 2023","og_description":"Focus sur ces photos prises par les photographes ABACA qui ont \u00e9t\u00e9 reprises par la presse fran\u00e7aise et internationale lors du premier trimestre 2023.","og_url":"https:\/\/abacapress.com\/press\/best-of-les-unes-et-parutions-abaca-premier-trimestre-2023\/","og_site_name":"Abaca Press","article_published_time":"2023-04-07T15:04:27+00:00","article_modified_time":"2023-04-07T15:11:42+00:00","og_image":[{"width":1600,"height":625,"url":"https:\/\/abacapress.com\/press\/wp-content\/uploads\/2023\/04\/Sans-titre.png","type":"image\/png"}],"author":"Martin Tran","twitter_card":"summary_large_image","twitter_title":"BALLON D\u2019OR 2022 - Karim Benzema, une saison en or en 5 photos","twitter_description":"Lundi, Karim Benzema a \u00e9t\u00e9 \u00e9lu Ballon d\u2019Or 2022 : ABACA vous fait revivre en images les grands moments de la saison XXL du buteur fran\u00e7ais du Real Madrid.","twitter_image":"https:\/\/abacapress.com\/press\/wp-content\/uploads\/2022\/10\/ABACA_828667_004-1.jpg","twitter_misc":{"Written by":"Martin Tran","Est. reading time":"6 minutes"},"schema":{"@context":"https:\/\/schema.org","@graph":[{"@type":"WebPage","@id":"https:\/\/abacapress.com\/press\/best-of-les-unes-et-parutions-abaca-premier-trimestre-2023\/","url":"https:\/\/abacapress.com\/press\/best-of-les-unes-et-parutions-abaca-premier-trimestre-2023\/","name":"BEST OF - Les Unes et parutions ABACA du premier trimestre 2023 - Abaca Press","isPartOf":{"@id":"https:\/\/abacapress.com\/press\/#website"},"primaryImageOfPage":{"@id":"https:\/\/abacapress.com\/press\/best-of-les-unes-et-parutions-abaca-premier-trimestre-2023\/#primaryimage"},"image":{"@id":"https:\/\/abacapress.com\/press\/best-of-les-unes-et-parutions-abaca-premier-trimestre-2023\/#primaryimage"},"thumbnailUrl":"https:\/\/abacapress.com\/press\/wp-content\/uploads\/2023\/04\/Sans-titre.png","datePublished":"2023-04-07T15:04:27+00:00","dateModified":"2023-04-07T15:11:42+00:00","author":{"@id":"https:\/\/abacapress.com\/press\/#\/schema\/person\/1e38b8a4144b157b796291bd1085bc23"},"description":"Focus sur ces photos prises par les photographes ABACA qui ont \u00e9t\u00e9 reprises par la presse fran\u00e7aise et internationale lors du premier trimestre 2023.","breadcrumb":{"@id":"https:\/\/abacapress.com\/press\/best-of-les-unes-et-parutions-abaca-premier-trimestre-2023\/#breadcrumb"},"inLanguage":"en-US","potentialAction":[{"@type":"ReadAction","target":["https:\/\/abacapress.com\/press\/best-of-les-unes-et-parutions-abaca-premier-trimestre-2023\/"]}]},{"@type":"ImageObject","inLanguage":"en-US","@id":"https:\/\/abacapress.com\/press\/best-of-les-unes-et-parutions-abaca-premier-trimestre-2023\/#primaryimage","url":"https:\/\/abacapress.com\/press\/wp-content\/uploads\/2023\/04\/Sans-titre.png","contentUrl":"https:\/\/abacapress.com\/press\/wp-content\/uploads\/2023\/04\/Sans-titre.png","width":1600,"height":625},{"@type":"BreadcrumbList","@id":"https:\/\/abacapress.com\/press\/best-of-les-unes-et-parutions-abaca-premier-trimestre-2023\/#breadcrumb","itemListElement":[{"@type":"ListItem","position":1,"name":"Accueil","item":"https:\/\/abacapress.com\/press\/"},{"@type":"ListItem","position":2,"name":"BEST OF &#8211; Les Unes et parutions ABACA du premier trimestre 2023"}]},{"@type":"WebSite","@id":"https:\/\/abacapress.com\/press\/#website","url":"https:\/\/abacapress.com\/press\/","name":"Abaca Press","description":"Agence de presse photographique","potentialAction":[{"@type":"SearchAction","target":{"@type":"EntryPoint","urlTemplate":"https:\/\/abacapress.com\/press\/?s={search_term_string}"},"query-input":{"@type":"PropertyValueSpecification","valueRequired":true,"valueName":"search_term_string"}}],"inLanguage":"en-US"},{"@type":"Person","@id":"https:\/\/abacapress.com\/press\/#\/schema\/person\/1e38b8a4144b157b796291bd1085bc23","name":"Martin Tran","image":{"@type":"ImageObject","inLanguage":"en-US","@id":"https:\/\/abacapress.com\/press\/#\/schema\/person\/image\/","url":"https:\/\/secure.gravatar.com\/avatar\/f965c1e4288ec3486b12e79e2d73ff8df93228abe969349ab51f939bda1590dc?s=96&d=mm&r=g","contentUrl":"https:\/\/secure.gravatar.com\/avatar\/f965c1e4288ec3486b12e79e2d73ff8df93228abe969349ab51f939bda1590dc?s=96&d=mm&r=g","caption":"Martin Tran"},"url":"https:\/\/abacapress.com\/press\/author\/martin-tranyahoo-fr\/"}]}},"_links":{"self":[{"href":"https:\/\/abacapress.com\/press\/wp-json\/wp\/v2\/posts\/10601","targetHints":{"allow":["GET"]}}],"collection":[{"href":"https:\/\/abacapress.com\/press\/wp-json\/wp\/v2\/posts"}],"about":[{"href":"https:\/\/abacapress.com\/press\/wp-json\/wp\/v2\/types\/post"}],"author":[{"embeddable":true,"href":"https:\/\/abacapress.com\/press\/wp-json\/wp\/v2\/users\/19"}],"replies":[{"embeddable":true,"href":"https:\/\/abacapress.com\/press\/wp-json\/wp\/v2\/comments?post=10601"}],"version-history":[{"count":0,"href":"https:\/\/abacapress.com\/press\/wp-json\/wp\/v2\/posts\/10601\/revisions"}],"wp:featuredmedia":[{"embeddable":true,"href":"https:\/\/abacapress.com\/press\/wp-json\/wp\/v2\/media\/10648"}],"wp:attachment":[{"href":"https:\/\/abacapress.com\/press\/wp-json\/wp\/v2\/media?parent=10601"}],"wp:term":[{"taxonomy":"category","embeddable":true,"href":"https:\/\/abacapress.com\/press\/wp-json\/wp\/v2\/categories?post=10601"},{"taxonomy":"post_tag","embeddable":true,"href":"https:\/\/abacapress.com\/press\/wp-json\/wp\/v2\/tags?post=10601"}],"curies":[{"name":"wp","href":"https:\/\/api.w.org\/{rel}","templated":true}]}}