{"id":14176,"date":"2024-10-28T15:16:25","date_gmt":"2024-10-28T14:16:25","guid":{"rendered":"https:\/\/abacapress.com\/press\/?p=14176"},"modified":"2025-03-05T12:59:34","modified_gmt":"2025-03-05T11:59:34","slug":"visuels-agence-abaca-vont-toucher-20-millions-francais-avec-cityz-media-justement","status":"publish","type":"post","link":"https:\/\/abacapress.com\/press\/visuels-agence-abaca-vont-toucher-20-millions-francais-avec-cityz-media-justement\/","title":{"rendered":"Les visuels de l\u2019agence Abaca vont toucher 20 millions de Fran\u00e7ais avec Cityz Media et justement"},"content":{"rendered":"<div class=\"wpb-content-wrapper\">[vc_row][vc_column][vc_column_text]<em><strong> Cityz Media change sa signature de marque\u2026 et est accompagn\u00e9 pour cela par la maison cr\u00e9ative justement et des clich\u00e9s des photographes de l\u2019agence Abaca, des clich\u00e9s qui seront vus dans les prochaines semaines par 20 millions de Fran\u00e7ais !<br \/>\n<\/strong><\/em>[\/vc_column_text]\n[vc_empty_space]\n<p><center> <img loading=\"lazy\" decoding=\"async\" src=\"https:\/\/abacapress.com\/press\/wp-content\/uploads\/2024\/10\/AfficheRue2Galand-1.jpg\" alt=\"\" width=\"400\" height=\"600\" \/><br \/>\n <\/center>[\/vc_column][\/vc_row]\n[vc_row css=&#8221;.vc_custom_1555495043803{padding-top: 30px !important;}&#8221;][vc_column][vc_separator color=&#8221;custom&#8221; border_width=&#8221;5&#8243; el_width=&#8221;20&#8243; accent_color=&#8221;#e31023&#8243;][vc_empty_space][vc_column_text]<span style=\"font-weight: 400;\">Quand on pr\u00e9voit de toucher avec efficacit\u00e9 20 millions de Fran\u00e7ais, on fait appel\u2026 \u00e0  l\u2019agence Abaca : pour sa nouvelle campagne nationale, Cityz Media (avec la maison cr\u00e9ative justement) a choisi de s\u2019appuyer sur l\u2019expertise photojournalistique de l\u2019agence Abaca.<br \/>\n<\/span>[\/vc_column_text][vc_empty_space][\/vc_column][\/vc_row]\n[vc_row css=&#8221;.vc_custom_1555495043803{padding-top: 30px !important;}&#8221;]\n[vc_column][vc_column_text]\n<h2 class=\"Corps\" style=\"text-align: center;\"><span style=\"color: #ee220c;\"><strong>Une nouvelle signature pour Cityz Media<br \/>\n<\/strong><\/span><\/h2>\n[\/vc_column_text][vc_empty_space][vc_separator color=&#8221;custom&#8221; border_width=&#8221;5&#8243; el_width=&#8221;20&#8243; accent_color=&#8221;#e31023&#8243;][vc_column_text]<span style=\"font-weight: 400;\">Elle \u00e9tait attendue, la voil\u00e0 : City Media, acteur majeur de la communication ext\u00e9rieure et urbaine, et connu jusque janvier 2024 sous le nom de Clearchannel, change sa signature de marque. Avec la campagne \u00ab Proche de vous \u00bb, Cityz Media met en avant, selon son pr\u00e9sident ex\u00e9cutif Didier Quillot, son \u201cADN : un m\u00e9dia urbain, puissant, pr\u00e9sent dans tous les lieux de vie hors foyer et proche de tous les citoyens-consommateurs\u201d.<br \/>\n<\/span>[\/vc_column_text]\n[\/vc_column][\/vc_row]\n[vc_row css=&#8221;.vc_custom_1555495043803{padding-top: 30px !important;}&#8221;][vc_column][vc_column_text]\n<h2 style=\"text-align: center;\"><span style=\"color: #ee220c;\"><strong>Abaca choisi pour illustrer la ferveur de la rue pour Cityz Media<br \/>\n<\/strong><\/span><\/h2>\n[\/vc_column_text][vc_empty_space][vc_separator color=&#8221;custom&#8221; border_width=&#8221;5&#8243; el_width=&#8221;10&#8243; accent_color=&#8221;#e31023&#8243;][vc_column_text]<span style=\"font-weight: 400;\">Pour illustrer l\u2019accroche de cette campagne \u00ab La rue, le meilleur endroit pour s\u2019exprimer \u00bb et  mettre en avant cette proximit\u00e9, justement a choisi de faire un rapprochement entre l\u2019activit\u00e9 d\u2019affichage dans les rues de Cityz Media et la foule qui descend naturellement dans les rues pour c\u00e9l\u00e9brer les victoires. <\/p>\n<p>Comment ? En choisissant de travailler avec Abaca, agence experte dans la photo journalistique : \u00e0 la lecture du brief de Cityz Media et justement, les \u00e9quipes d\u2019Abaca ont tout de suite saisi le besoin et ont envoy\u00e9 leurs photographes dans les rues parisiennes, \u00e0 la recherche de l\u2019instant-cl\u00e9, en qu\u00eate du moment \u00e0 immortaliser. <\/p>\n<p>Le r\u00e9sultat ? Trois clich\u00e9s forts pris au moment des grands \u00e9v\u00e9nements sportifs de l\u2019ann\u00e9e (\u00e0 savoir ici l\u2019Euro de football 2024, les Jeux Olympiques et Paralympiques de Paris 2024), trois clich\u00e9s qui illustrent parfaitement la proximit\u00e9 et la fi\u00e8vre des rues, trois clich\u00e9s qui ont \u00e9t\u00e9 pris par trois photographes Abaca : Firas Abdullah, Raphael Lafargue et Adam Gray.<\/p>\n<p><\/span>[\/vc_column_text]\n<p><center> <img loading=\"lazy\" decoding=\"async\" src=\"https:\/\/abacapress.com\/press\/wp-content\/uploads\/2024\/10\/AfficheRue2Velo.jpg\" alt=\"\" width=\"400\" height=\"600\" \/><br \/>\n <\/center><\/p>\n[\/vc_column][\/vc_row]\n[vc_row css=&#8221;.vc_custom_1555495043803{padding-top: 30px !important;}&#8221;][vc_column][vc_column_text]\n<h2 style=\"text-align: center;\"><span style=\"color: #ee220c;\"><strong>Le travail de l\u2019agence Abaca sera vu par 20 millions de personnes !<br \/>\n<\/strong><\/span><\/h2>\n<p>&nbsp;<\/p>\n[\/vc_column_text][vc_empty_space][vc_separator color=&#8221;custom&#8221; border_width=&#8221;5&#8243; el_width=&#8221;10&#8243; accent_color=&#8221;#e31023&#8243;][vc_column_text]<span style=\"font-weight: 400;\">La campagne, r\u00e9alis\u00e9e en collaboration avec la maison cr\u00e9ative justement, sera visible \u00e0 partir de ce lundi 28 octobre jusqu\u2019au mardi 5 novembre 2024, sur quelque 3000 mobiliers urbains et 3000 \u00e9crans DOOH (Digital Out-Of-Home) de Paris et de grandes m\u00e9tropoles fran\u00e7aises parmi lesquelles Marseille, Bordeaux, Lyon, Lille, Nice et Toulouse. <\/p>\n<p>Au total, ce seront plus de 20 millions de personnes qui verront cette campagne selon les estimations de Cityz Media, 20 millions de personnes qui verront le travail de nos photographes.<br \/>\n<\/span><br \/>\n[\/vc_column_text]\n<p><center><img loading=\"lazy\" decoding=\"async\" src=\"https:\/\/abacapress.com\/press\/wp-content\/uploads\/2024\/10\/AfficheRue2Coeur-1.jpg\" alt=\"\" width=\"400\" height=\"600\" \/><\/center><\/p>\n[vc_row css=&#8221;.vc_custom_1555495043803{padding-top: 30px !important;}&#8221;]\n[vc_column][vc_column_text]\n<h2 style=\"text-align: center;\"><span style=\"color: #ee220c;\"><strong>ABACA pr\u00eat \u00e0 r\u00e9pondre \u00e0 toutes vos demandes graphiques<\/strong><\/span><\/h2>\n[\/vc_column_text][vc_empty_space][vc_separator color=&#8221;custom&#8221; border_width=&#8221;5&#8243; el_width=&#8221;10&#8243; accent_color=&#8221;#e31023&#8243;][vc_column_text]Vous souhaitez vous doter des meilleures images pour vos campagnes promotionnelles ? Contactez nos \u00e9quipes, qui se feront un plaisir de r\u00e9pondre \u00e0 toutes vos demandes !<br \/>\n[\/vc_column_text][\/vc_column][\/vc_row]\n[vc_row full_width=&#8221;stretch_row&#8221; content_placement=&#8221;middle&#8221; parallax=&#8221;content-moving&#8221; css=&#8221;.vc_custom_1622460729414{padding-top: 10px !important;padding-right: 10px !important;padding-bottom: 10px !important;padding-left: 10px !important;background-color: #000000 !important;}&#8221;][vc_column][vc_column_text css=&#8221;.vc_custom_1666172064270{padding-right: 20px !important;}&#8221;]\n<blockquote>\n<p style=\"text-align: center;\"><em>Vous avez envie de discuter avec ABACA ? N\u2019h\u00e9sitez pas \u00e0 nous contacter <a href=\"https:\/\/abacapress.com\/press\/contacter-abaca-press\/\">&gt; ICI<\/a>\u00a0&lt;<\/em><\/p>\n<p style=\"text-align: center;\"><a href=\"https:\/\/abacapress.com\/\"><em><span style=\"color: #ffffff;\">https:\/\/abacapress.com\/<\/span><\/em><\/a><\/p>\n<\/blockquote>\n[\/vc_column_text][\/vc_column][\/vc_row][vc_row][vc_column][vc_empty_space][vc_facebook][\/vc_column][\/vc_row][vc_row][vc_column][vc_column_text]\n[\/vc_column_text][\/vc_column][\/vc_row]\n<\/div>","protected":false},"excerpt":{"rendered":"<p>[vc_row][vc_column][vc_column_text] Cityz Media change sa signature de marque\u2026 et est accompagn\u00e9 pour cela par la maison cr\u00e9ative justement et des clich\u00e9s des photographes de l\u2019agence Abaca, des clich\u00e9s qui seront vus dans les prochaines semaines par 20 millions de Fran\u00e7ais ! [\/vc_column_text] [vc_empty_space] [\/vc_column][\/vc_row] [vc_row css=&#8221;.vc_custom_1555495043803{padding-top: 30px !important;}&#8221;][vc_column][vc_separator color=&#8221;custom&#8221; border_width=&#8221;5&#8243; el_width=&#8221;20&#8243; accent_color=&#8221;#e31023&#8243;][vc_empty_space][vc_column_text]Quand on pr\u00e9voit de [&hellip;]<\/p>\n","protected":false},"author":19,"featured_media":0,"comment_status":"closed","ping_status":"open","sticky":false,"template":"","format":"standard","meta":{"footnotes":""},"categories":[39],"tags":[74,76,77,75],"class_list":["post-14176","post","type-post","status-publish","format-standard","hentry","category-actualites","tag-ads","tag-city-media","tag-justement","tag-street"],"yoast_head":"<!-- This site is optimized with the Yoast SEO plugin v25.6 - https:\/\/yoast.com\/wordpress\/plugins\/seo\/ -->\n<title>Les visuels de l\u2019agence Abaca vont toucher 20 millions de Fran\u00e7ais avec Cityz Media et justement - Abaca Press<\/title>\n<meta name=\"robots\" content=\"index, follow, max-snippet:-1, max-image-preview:large, max-video-preview:-1\" \/>\n<link rel=\"canonical\" href=\"https:\/\/abacapress.com\/press\/visuels-agence-abaca-vont-toucher-20-millions-francais-avec-cityz-media-justement\/\" \/>\n<meta property=\"og:locale\" content=\"en_US\" \/>\n<meta property=\"og:type\" content=\"article\" \/>\n<meta property=\"og:title\" content=\"Les visuels de l\u2019agence Abaca vont toucher 20 millions de Fran\u00e7ais avec Cityz Media et justement - Abaca Press\" \/>\n<meta property=\"og:description\" content=\"[vc_row][vc_column][vc_column_text] Cityz Media change sa signature de marque\u2026 et est accompagn\u00e9 pour cela par la maison cr\u00e9ative justement et des clich\u00e9s des photographes de l\u2019agence Abaca, des clich\u00e9s qui seront vus dans les prochaines semaines par 20 millions de Fran\u00e7ais ! [\/vc_column_text] [vc_empty_space] [\/vc_column][\/vc_row] [vc_row css=&#8221;.vc_custom_1555495043803{padding-top: 30px !important;}&#8221;][vc_column][vc_separator color=&#8221;custom&#8221; border_width=&#8221;5&#8243; el_width=&#8221;20&#8243; accent_color=&#8221;#e31023&#8243;][vc_empty_space][vc_column_text]Quand on pr\u00e9voit de [&hellip;]\" \/>\n<meta property=\"og:url\" content=\"https:\/\/abacapress.com\/press\/visuels-agence-abaca-vont-toucher-20-millions-francais-avec-cityz-media-justement\/\" \/>\n<meta property=\"og:site_name\" content=\"Abaca Press\" \/>\n<meta property=\"article:published_time\" content=\"2024-10-28T14:16:25+00:00\" \/>\n<meta property=\"article:modified_time\" content=\"2025-03-05T11:59:34+00:00\" \/>\n<meta property=\"og:image\" content=\"https:\/\/abacapress.com\/press\/wp-content\/uploads\/2024\/10\/AfficheRue2Galand-1.jpg\" \/>\n<meta name=\"author\" content=\"Martin Tran\" \/>\n<meta name=\"twitter:card\" content=\"summary_large_image\" \/>\n<meta name=\"twitter:label1\" content=\"Written by\" \/>\n\t<meta name=\"twitter:data1\" content=\"Martin Tran\" \/>\n\t<meta name=\"twitter:label2\" content=\"Est. reading time\" \/>\n\t<meta name=\"twitter:data2\" content=\"4 minutes\" \/>\n<script type=\"application\/ld+json\" class=\"yoast-schema-graph\">{\"@context\":\"https:\/\/schema.org\",\"@graph\":[{\"@type\":\"WebPage\",\"@id\":\"https:\/\/abacapress.com\/press\/visuels-agence-abaca-vont-toucher-20-millions-francais-avec-cityz-media-justement\/\",\"url\":\"https:\/\/abacapress.com\/press\/visuels-agence-abaca-vont-toucher-20-millions-francais-avec-cityz-media-justement\/\",\"name\":\"Les visuels de l\u2019agence Abaca vont toucher 20 millions de Fran\u00e7ais avec Cityz Media et justement - Abaca Press\",\"isPartOf\":{\"@id\":\"https:\/\/abacapress.com\/press\/#website\"},\"primaryImageOfPage\":{\"@id\":\"https:\/\/abacapress.com\/press\/visuels-agence-abaca-vont-toucher-20-millions-francais-avec-cityz-media-justement\/#primaryimage\"},\"image\":{\"@id\":\"https:\/\/abacapress.com\/press\/visuels-agence-abaca-vont-toucher-20-millions-francais-avec-cityz-media-justement\/#primaryimage\"},\"thumbnailUrl\":\"https:\/\/abacapress.com\/press\/wp-content\/uploads\/2024\/10\/AfficheRue2Galand-1.jpg\",\"datePublished\":\"2024-10-28T14:16:25+00:00\",\"dateModified\":\"2025-03-05T11:59:34+00:00\",\"author\":{\"@id\":\"https:\/\/abacapress.com\/press\/#\/schema\/person\/1e38b8a4144b157b796291bd1085bc23\"},\"breadcrumb\":{\"@id\":\"https:\/\/abacapress.com\/press\/visuels-agence-abaca-vont-toucher-20-millions-francais-avec-cityz-media-justement\/#breadcrumb\"},\"inLanguage\":\"en-US\",\"potentialAction\":[{\"@type\":\"ReadAction\",\"target\":[\"https:\/\/abacapress.com\/press\/visuels-agence-abaca-vont-toucher-20-millions-francais-avec-cityz-media-justement\/\"]}]},{\"@type\":\"ImageObject\",\"inLanguage\":\"en-US\",\"@id\":\"https:\/\/abacapress.com\/press\/visuels-agence-abaca-vont-toucher-20-millions-francais-avec-cityz-media-justement\/#primaryimage\",\"url\":\"https:\/\/abacapress.com\/press\/wp-content\/uploads\/2024\/10\/AfficheRue2Galand-1-scaled.jpg\",\"contentUrl\":\"https:\/\/abacapress.com\/press\/wp-content\/uploads\/2024\/10\/AfficheRue2Galand-1-scaled.jpg\",\"width\":1734,\"height\":2560},{\"@type\":\"BreadcrumbList\",\"@id\":\"https:\/\/abacapress.com\/press\/visuels-agence-abaca-vont-toucher-20-millions-francais-avec-cityz-media-justement\/#breadcrumb\",\"itemListElement\":[{\"@type\":\"ListItem\",\"position\":1,\"name\":\"Accueil\",\"item\":\"https:\/\/abacapress.com\/press\/\"},{\"@type\":\"ListItem\",\"position\":2,\"name\":\"Les visuels de l\u2019agence Abaca vont toucher 20 millions de Fran\u00e7ais avec Cityz Media et justement\"}]},{\"@type\":\"WebSite\",\"@id\":\"https:\/\/abacapress.com\/press\/#website\",\"url\":\"https:\/\/abacapress.com\/press\/\",\"name\":\"Abaca Press\",\"description\":\"Agence de presse photographique\",\"potentialAction\":[{\"@type\":\"SearchAction\",\"target\":{\"@type\":\"EntryPoint\",\"urlTemplate\":\"https:\/\/abacapress.com\/press\/?s={search_term_string}\"},\"query-input\":{\"@type\":\"PropertyValueSpecification\",\"valueRequired\":true,\"valueName\":\"search_term_string\"}}],\"inLanguage\":\"en-US\"},{\"@type\":\"Person\",\"@id\":\"https:\/\/abacapress.com\/press\/#\/schema\/person\/1e38b8a4144b157b796291bd1085bc23\",\"name\":\"Martin Tran\",\"image\":{\"@type\":\"ImageObject\",\"inLanguage\":\"en-US\",\"@id\":\"https:\/\/abacapress.com\/press\/#\/schema\/person\/image\/\",\"url\":\"https:\/\/secure.gravatar.com\/avatar\/f965c1e4288ec3486b12e79e2d73ff8df93228abe969349ab51f939bda1590dc?s=96&d=mm&r=g\",\"contentUrl\":\"https:\/\/secure.gravatar.com\/avatar\/f965c1e4288ec3486b12e79e2d73ff8df93228abe969349ab51f939bda1590dc?s=96&d=mm&r=g\",\"caption\":\"Martin Tran\"},\"url\":\"https:\/\/abacapress.com\/press\/author\/martin-tranyahoo-fr\/\"}]}<\/script>\n<!-- \/ Yoast SEO plugin. -->","yoast_head_json":{"title":"Les visuels de l\u2019agence Abaca vont toucher 20 millions de Fran\u00e7ais avec Cityz Media et justement - Abaca Press","robots":{"index":"index","follow":"follow","max-snippet":"max-snippet:-1","max-image-preview":"max-image-preview:large","max-video-preview":"max-video-preview:-1"},"canonical":"https:\/\/abacapress.com\/press\/visuels-agence-abaca-vont-toucher-20-millions-francais-avec-cityz-media-justement\/","og_locale":"en_US","og_type":"article","og_title":"Les visuels de l\u2019agence Abaca vont toucher 20 millions de Fran\u00e7ais avec Cityz Media et justement - Abaca Press","og_description":"[vc_row][vc_column][vc_column_text] Cityz Media change sa signature de marque\u2026 et est accompagn\u00e9 pour cela par la maison cr\u00e9ative justement et des clich\u00e9s des photographes de l\u2019agence Abaca, des clich\u00e9s qui seront vus dans les prochaines semaines par 20 millions de Fran\u00e7ais ! [\/vc_column_text] [vc_empty_space] [\/vc_column][\/vc_row] [vc_row css=&#8221;.vc_custom_1555495043803{padding-top: 30px !important;}&#8221;][vc_column][vc_separator color=&#8221;custom&#8221; border_width=&#8221;5&#8243; el_width=&#8221;20&#8243; accent_color=&#8221;#e31023&#8243;][vc_empty_space][vc_column_text]Quand on pr\u00e9voit de [&hellip;]","og_url":"https:\/\/abacapress.com\/press\/visuels-agence-abaca-vont-toucher-20-millions-francais-avec-cityz-media-justement\/","og_site_name":"Abaca Press","article_published_time":"2024-10-28T14:16:25+00:00","article_modified_time":"2025-03-05T11:59:34+00:00","og_image":[{"url":"https:\/\/abacapress.com\/press\/wp-content\/uploads\/2024\/10\/AfficheRue2Galand-1.jpg","type":"","width":"","height":""}],"author":"Martin Tran","twitter_card":"summary_large_image","twitter_misc":{"Written by":"Martin Tran","Est. reading time":"4 minutes"},"schema":{"@context":"https:\/\/schema.org","@graph":[{"@type":"WebPage","@id":"https:\/\/abacapress.com\/press\/visuels-agence-abaca-vont-toucher-20-millions-francais-avec-cityz-media-justement\/","url":"https:\/\/abacapress.com\/press\/visuels-agence-abaca-vont-toucher-20-millions-francais-avec-cityz-media-justement\/","name":"Les visuels de l\u2019agence Abaca vont toucher 20 millions de Fran\u00e7ais avec Cityz Media et justement - Abaca Press","isPartOf":{"@id":"https:\/\/abacapress.com\/press\/#website"},"primaryImageOfPage":{"@id":"https:\/\/abacapress.com\/press\/visuels-agence-abaca-vont-toucher-20-millions-francais-avec-cityz-media-justement\/#primaryimage"},"image":{"@id":"https:\/\/abacapress.com\/press\/visuels-agence-abaca-vont-toucher-20-millions-francais-avec-cityz-media-justement\/#primaryimage"},"thumbnailUrl":"https:\/\/abacapress.com\/press\/wp-content\/uploads\/2024\/10\/AfficheRue2Galand-1.jpg","datePublished":"2024-10-28T14:16:25+00:00","dateModified":"2025-03-05T11:59:34+00:00","author":{"@id":"https:\/\/abacapress.com\/press\/#\/schema\/person\/1e38b8a4144b157b796291bd1085bc23"},"breadcrumb":{"@id":"https:\/\/abacapress.com\/press\/visuels-agence-abaca-vont-toucher-20-millions-francais-avec-cityz-media-justement\/#breadcrumb"},"inLanguage":"en-US","potentialAction":[{"@type":"ReadAction","target":["https:\/\/abacapress.com\/press\/visuels-agence-abaca-vont-toucher-20-millions-francais-avec-cityz-media-justement\/"]}]},{"@type":"ImageObject","inLanguage":"en-US","@id":"https:\/\/abacapress.com\/press\/visuels-agence-abaca-vont-toucher-20-millions-francais-avec-cityz-media-justement\/#primaryimage","url":"https:\/\/abacapress.com\/press\/wp-content\/uploads\/2024\/10\/AfficheRue2Galand-1-scaled.jpg","contentUrl":"https:\/\/abacapress.com\/press\/wp-content\/uploads\/2024\/10\/AfficheRue2Galand-1-scaled.jpg","width":1734,"height":2560},{"@type":"BreadcrumbList","@id":"https:\/\/abacapress.com\/press\/visuels-agence-abaca-vont-toucher-20-millions-francais-avec-cityz-media-justement\/#breadcrumb","itemListElement":[{"@type":"ListItem","position":1,"name":"Accueil","item":"https:\/\/abacapress.com\/press\/"},{"@type":"ListItem","position":2,"name":"Les visuels de l\u2019agence Abaca vont toucher 20 millions de Fran\u00e7ais avec Cityz Media et justement"}]},{"@type":"WebSite","@id":"https:\/\/abacapress.com\/press\/#website","url":"https:\/\/abacapress.com\/press\/","name":"Abaca Press","description":"Agence de presse photographique","potentialAction":[{"@type":"SearchAction","target":{"@type":"EntryPoint","urlTemplate":"https:\/\/abacapress.com\/press\/?s={search_term_string}"},"query-input":{"@type":"PropertyValueSpecification","valueRequired":true,"valueName":"search_term_string"}}],"inLanguage":"en-US"},{"@type":"Person","@id":"https:\/\/abacapress.com\/press\/#\/schema\/person\/1e38b8a4144b157b796291bd1085bc23","name":"Martin Tran","image":{"@type":"ImageObject","inLanguage":"en-US","@id":"https:\/\/abacapress.com\/press\/#\/schema\/person\/image\/","url":"https:\/\/secure.gravatar.com\/avatar\/f965c1e4288ec3486b12e79e2d73ff8df93228abe969349ab51f939bda1590dc?s=96&d=mm&r=g","contentUrl":"https:\/\/secure.gravatar.com\/avatar\/f965c1e4288ec3486b12e79e2d73ff8df93228abe969349ab51f939bda1590dc?s=96&d=mm&r=g","caption":"Martin Tran"},"url":"https:\/\/abacapress.com\/press\/author\/martin-tranyahoo-fr\/"}]}},"_links":{"self":[{"href":"https:\/\/abacapress.com\/press\/wp-json\/wp\/v2\/posts\/14176","targetHints":{"allow":["GET"]}}],"collection":[{"href":"https:\/\/abacapress.com\/press\/wp-json\/wp\/v2\/posts"}],"about":[{"href":"https:\/\/abacapress.com\/press\/wp-json\/wp\/v2\/types\/post"}],"author":[{"embeddable":true,"href":"https:\/\/abacapress.com\/press\/wp-json\/wp\/v2\/users\/19"}],"replies":[{"embeddable":true,"href":"https:\/\/abacapress.com\/press\/wp-json\/wp\/v2\/comments?post=14176"}],"version-history":[{"count":0,"href":"https:\/\/abacapress.com\/press\/wp-json\/wp\/v2\/posts\/14176\/revisions"}],"wp:attachment":[{"href":"https:\/\/abacapress.com\/press\/wp-json\/wp\/v2\/media?parent=14176"}],"wp:term":[{"taxonomy":"category","embeddable":true,"href":"https:\/\/abacapress.com\/press\/wp-json\/wp\/v2\/categories?post=14176"},{"taxonomy":"post_tag","embeddable":true,"href":"https:\/\/abacapress.com\/press\/wp-json\/wp\/v2\/tags?post=14176"}],"curies":[{"name":"wp","href":"https:\/\/api.w.org\/{rel}","templated":true}]}}