{"id":8678,"date":"2022-06-02T17:46:43","date_gmt":"2022-06-02T15:46:43","guid":{"rendered":"https:\/\/abacapress.com\/press\/?p=8678"},"modified":"2022-06-03T12:51:44","modified_gmt":"2022-06-03T10:51:44","slug":"christophe-guibbaud-photographe-de-sport-et-responsable-pole-photo-au-sein-de-la-federation-francaise-de-tennis","status":"publish","type":"post","link":"https:\/\/abacapress.com\/press\/christophe-guibbaud-photographe-de-sport-et-responsable-pole-photo-au-sein-de-la-federation-francaise-de-tennis\/","title":{"rendered":"Christophe Guibbaud &#8211; photographe de sport et responsable p\u00f4le photo au sein de la F\u00e9d\u00e9ration Fran\u00e7aise de Tennis"},"content":{"rendered":"<div class=\"wpb-content-wrapper\">[vc_row css=&#8221;.vc_custom_1555495043803{padding-top: 30px !important;}&#8221;][vc_column][vc_column_text]Cette semaine, nous sommes all\u00e9s \u00e0 la rencontre de Christophe Guibbaud, cofondateur\u00a0d\u2019ABACA, il nous raconte ses d\u00e9buts dans la photographie et comment les \u00e9v\u00e9nements de\u00a0la vie l\u2019ont conduit \u00e0 faire de la photographie de sport.<\/p>\n<p>Aujourd\u2019hui, il est responsable au sein du p\u00f4le photo de la F\u00e9d\u00e9ration Fran\u00e7aise de\u00a0Tennis, il est en charge de toute la gestion m\u00e9dias et des \u00e9quipes op\u00e9rationnelles.<\/p>\n<p>De la photographie argentique au num\u00e9rique, il revient sur son parcours et partage sa\u00a0vision du m\u00e9tier. Une interview pleine d\u2019anecdotes et de rebondissements !<\/p>\n<p><strong><em>\u00a0<\/em><\/strong>[\/vc_column_text][vc_empty_space][vc_column_text]\n<h3><span style=\"color: #e31023;\">Pourquoi avoir choisi le m\u00e9tier de photographe ?<\/span><\/h3>\n[\/vc_column_text][vc_separator color=&#8221;custom&#8221; align=&#8221;align_left&#8221; border_width=&#8221;5&#8243; el_width=&#8221;10&#8243; accent_color=&#8221;#e31023&#8243;][vc_column_text]Par passion ! Quand j\u2019\u00e9tais adolescent, j\u2019ai pris en main un appareil photo et \u00e7a a \u00e9t\u00e9 une\u00a0r\u00e9v\u00e9lation\u2026 \u00c0 l\u2019\u00e9poque il n\u2019y avait pas de formation sp\u00e9cifique, j\u2019ai donc suivi un cursus \u00e0\u00a0Science PO Grenoble avec toujours cette id\u00e9e en t\u00eate de faire de la photo.<\/p>\n<p>Ensuite, lors de mon service miliaire, j\u2019ai int\u00e9gr\u00e9 le service cin\u00e9\/photo des arm\u00e9es.\u00a0Pendant un an j\u2019ai c\u00f4toy\u00e9 des passionn\u00e9s de la photographie. Autodidacte de base, cette\u00a0exp\u00e9rience immersive a confirm\u00e9 mon d\u00e9sir de poursuivre.[\/vc_column_text][vc_empty_space][\/vc_column][\/vc_row][vc_row css=&#8221;.vc_custom_1555495043803{padding-top: 30px !important;}&#8221;][vc_column][vc_column_text]\n<h3><span style=\"color: #e31023;\">Comment a d\u00e9but\u00e9 votre carri\u00e8re dans la photo de sport ?<\/span><\/h3>\n[\/vc_column_text][vc_separator color=&#8221;custom&#8221; align=&#8221;align_left&#8221; border_width=&#8221;5&#8243; el_width=&#8221;10&#8243; accent_color=&#8221;#e31023&#8243;][vc_column_text]J\u2019ai commenc\u00e9 en tant que pigiste chez \u00ab Tennis Magazine \u00bb. Ensuite, j\u2019ai \u00e9t\u00e9 recrut\u00e9 par\u00a0\u00ab Vandystadt \u00bb, une grosse r\u00e9f\u00e9rence dans le domaine sportif, le passage dans cette\u00a0agence a \u00e9t\u00e9 un gros tremplin. J\u2019ai notamment couvert les JO de 1988 \u00e0 S\u00e9oul, c\u2019\u00e9tait la\u00a0premi\u00e8re fois que je partais \u00e0 l\u2019autre bout du monde \u00e0 la rencontre d\u2019athl\u00e8tes plus\u00a0fascinants les uns que les autres. J&#8217;\u00e9tais entour\u00e9 des meilleurs photographes de toute\u00a0origine, une exp\u00e9rience inoubliable.<\/p>\n<p>Un an plus tard, j\u2019ai int\u00e9gr\u00e9 en tant que photographe n\u00b01 \u00ab Le sport \u00bb, un journal\u00a0hebdomadaire. Cette fois-ci, je suis parti en Italie pour la coupe du monde 1990.\u00a0Je me souviens d\u2019une anecdote singuli\u00e8re, \u00e0 l\u2019\u00e9poque nous \u00e9tions aux pr\u00e9mices d\u2019internet,\u00a0donc toutes nos pellicules devaient \u00eatre envoy\u00e9es physiquement. Pour que ce soit plus\u00a0rapide, nous n\u2019utilisions pas les services postaux mais nous avions coutume de les\u00a0envoyer avec des voyageurs, le paquet \u00e9tait ensuite r\u00e9cup\u00e9r\u00e9 \u00e0 l\u2019a\u00e9roport de destination\u00a0par un coursier.<\/p>\n<p>Les photographes se rendaient \u00e0 tour de r\u00f4le \u00e0 l\u2019a\u00e9roport pour trouver un passager qui\u00a0accepterait de prendre les pellicules jusqu\u2019\u00e0 Paris. Quand arriva mon tour, je me suis\u00a0rendu \u00e0 l\u2019a\u00e9roport de Rome \u00e0 reculons car pas tr\u00e8s \u00e0 l\u2019aise avec la pratique, d\u2019ailleurs tout\u00a0le monde me fuyait. Je me suis retrouv\u00e9 \u00e0 n\u00e9gocier pendant une heure avec une\u00a0passag\u00e8re compl\u00e8tement paniqu\u00e9e. Une situation rocambolesque ![\/vc_column_text][vc_empty_space][\/vc_column][\/vc_row][vc_row css=&#8221;.vc_custom_1555495043803{padding-top: 30px !important;}&#8221;][vc_column][vc_column_text]\n<h3><span style=\"color: #e31023;\">De la photographie argentique au num\u00e9rique, quel impact dans la\u00a0photographie de sport ?<\/span><\/h3>\n[\/vc_column_text][vc_separator color=&#8221;custom&#8221; align=&#8221;align_left&#8221; border_width=&#8221;5&#8243; el_width=&#8221;10&#8243; accent_color=&#8221;#e31023&#8243;][vc_column_text]La photographie de sport est tr\u00e8s technique, il faut un t\u00e9l\u00e9 objectif assez long qui est\u00a0difficile \u00e0 ma\u00eetriser. Il y a beaucoup de mouvements donc c\u2019est imp\u00e9ratif d\u2019avoir une bonne\u00a0connaissance des disciplines sportives pour capter le bon moment.\u00a0Aujourd\u2019hui, le num\u00e9rique fait des merveilles, la qualit\u00e9 des images s\u2019est consid\u00e9rablement\u00a0am\u00e9lior\u00e9e, mais on ne peut pas en dire autant lorsque \u00e7a a d\u00e9but\u00e9. Je me souviens de\u00a0mon premier tour de France avec le num\u00e9rique, tout le mat\u00e9riel devait \u00eatre reli\u00e9 par des\u00a0c\u00e2bles et la capacit\u00e9 de stockage \u00e9tait r\u00e9duite donc les photos perdaient beaucoup en\u00a0nettet\u00e9, le rendu \u00e9tait brouillon.[\/vc_column_text][vc_empty_space][\/vc_column][\/vc_row][vc_row css=&#8221;.vc_custom_1555495043803{padding-top: 30px !important;}&#8221;][vc_column][vc_column_text]\n<h3><span style=\"color: #e31023;\">Quel a \u00e9t\u00e9 l\u2019\u00e9v\u00e9nement sportif le plus compliqu\u00e9 \u00e0 couvrir ?<\/span><\/h3>\n[\/vc_column_text][vc_separator color=&#8221;custom&#8221; align=&#8221;align_left&#8221; border_width=&#8221;5&#8243; el_width=&#8221;10&#8243; accent_color=&#8221;#e31023&#8243;][vc_column_text]La gymnastique lors des JO de S\u00e9oul. Je n\u2019avais pas une grande connaissance de la\u00a0discipline, il y avait du mouvement partout et surtout c\u2019est un sport qui se pratique en salle\u00a0donc avec une lumi\u00e8re artificielle. J\u2019ai eu beaucoup de difficult\u00e9s \u00e0 avoir de belles images,\u00a0la colorim\u00e9trie faisait d\u00e9faut.[\/vc_column_text][vc_empty_space][\/vc_column][\/vc_row][vc_row css=&#8221;.vc_custom_1555495043803{padding-top: 30px !important;}&#8221;][vc_column][vc_column_text]\n<h3><span style=\"color: #e31023;\">Si vous deviez choisir parmi tous les \u00e9v\u00e9nements sportifs que vous\u00a0avez couverts, lequel vous a le plus marqu\u00e9 ?<\/span><\/h3>\n[\/vc_column_text][vc_separator color=&#8221;custom&#8221; align=&#8221;align_left&#8221; border_width=&#8221;5&#8243; el_width=&#8221;10&#8243; accent_color=&#8221;#e31023&#8243;][vc_column_text]Mon premier Roland-Garros en 1984 pour \u00ab Tennis Magazine \u00bb, c\u2019\u00e9tait incroyable.\u00a0Un \u00e9v\u00e9nement sportif c\u2019est comme une dramaturgie, il y a un d\u00e9but, une fin et quelqu\u2019un\u00a0qui gagne. Un athl\u00e8te \u00e0 l\u2019oeuvre c\u2019est beau, un athl\u00e8te qui remporte une victoire ou qui\u00a0essuie une d\u00e9faite c\u2019est sensationnel.\u00a0Roland-Garros est rempli de moments saisissants, chaque photo prise ancre le moment\u00a0dans le pr\u00e9sent et transmet une \u00e9motion.[\/vc_column_text][vc_empty_space][\/vc_column][\/vc_row][vc_row css=&#8221;.vc_custom_1555495043803{padding-top: 30px !important;}&#8221;][vc_column][vc_column_text]\n<h3><span style=\"color: #e31023;\">Vous avez fait un grand nombre de Roland-Garros, qu\u2019est-ce qui a\u00a0chang\u00e9 au fil des ann\u00e9es ?<\/span><\/h3>\n[\/vc_column_text][vc_separator color=&#8221;custom&#8221; align=&#8221;align_left&#8221; border_width=&#8221;5&#8243; el_width=&#8221;10&#8243; accent_color=&#8221;#e31023&#8243;][vc_column_text]Aujourd\u2019hui, il y a beaucoup plus d\u2019enjeux \u00e9conomiques avec nos partenaires. L\u2019arriv\u00e9e du\u00a0digital et des r\u00e9seaux sociaux a chang\u00e9 la donne, on est entr\u00e9 dans une course \u00e0 la\u00a0visibilit\u00e9. Au p\u00f4le m\u00e9dia, nous avons une \u00e9quipe compos\u00e9e d\u2019une vingtaine de personnes\u00a0d\u00e9di\u00e9es exclusivement \u00e0 l\u2019alimentation des r\u00e9seaux sociaux. Il faut travailler vite et bien.\u00a0D\u2019ailleurs, tous nos photographes sont \u00e9quip\u00e9s de petits bo\u00eetiers qui permettent la\u00a0transmission d\u2019image de mani\u00e8re instantan\u00e9e afin que les infos puissent \u00eatre trait\u00e9es\u00a0rapidement pour g\u00e9n\u00e9rer du trafic et de la visibilit\u00e9.[\/vc_column_text][vc_empty_space][\/vc_column][\/vc_row][vc_row css=&#8221;.vc_custom_1555495043803{padding-top: 30px !important;}&#8221;][vc_column][vc_column_text]\n<h3><span style=\"color: #e31023;\">Un petit mot pour finir sur la photographie ?<\/span><\/h3>\n[\/vc_column_text][vc_separator color=&#8221;custom&#8221; align=&#8221;align_left&#8221; border_width=&#8221;5&#8243; el_width=&#8221;10&#8243; accent_color=&#8221;#e31023&#8243;][vc_column_text]\u00catre photographe c\u2019est une histoire de passion. Il n\u2019y a pas un seul jour o\u00f9 je n\u2019y pense pas. Faire de la photo c\u2019est avant tout raconter une histoire, on peut capter des moments\u00a0simples et \u00e0 la fois charg\u00e9s en \u00e9motions et a contrario apporter de la l\u00e9g\u00e8ret\u00e9 dans des\u00a0situations compliqu\u00e9es.[\/vc_column_text][vc_empty_space][\/vc_column][\/vc_row][vc_row][vc_column width=&#8221;1\/2&#8243;][vc_single_image image=&#8221;8685&#8243; img_size=&#8221;large&#8221; alignment=&#8221;center&#8221;][\/vc_column][vc_column width=&#8221;1\/2&#8243;][vc_single_image image=&#8221;8689&#8243; img_size=&#8221;full&#8221;][\/vc_column][\/vc_row][vc_row][vc_column width=&#8221;1\/2&#8243;][vc_single_image image=&#8221;8693&#8243; img_size=&#8221;large&#8221; alignment=&#8221;center&#8221;][\/vc_column][vc_column width=&#8221;1\/2&#8243;][vc_single_image image=&#8221;8691&#8243; img_size=&#8221;full&#8221;][\/vc_column][\/vc_row][vc_row][vc_column width=&#8221;1\/2&#8243;][vc_single_image image=&#8221;8695&#8243; img_size=&#8221;large&#8221; alignment=&#8221;center&#8221;][\/vc_column][vc_column width=&#8221;1\/2&#8243;][vc_single_image image=&#8221;8687&#8243; img_size=&#8221;full&#8221;][\/vc_column][\/vc_row]\n<\/div>","protected":false},"excerpt":{"rendered":"<p>Cette semaine nous sommes all\u00e9s \u00e0 la rencontre de Christophe Guibbaud, co- fondateur d\u2019ABACA, il nous raconte ses d\u00e9buts dans la photographie et comment les \u00e9v\u00e9nements de la vie l\u2019ont conduit \u00e0 faire de la photographie de sport.<br \/>\nAujourd\u2019hui, il est responsable au sein du p\u00f4le photo de la F\u00e9d\u00e9ration Fran\u00e7aise de Tennis, il est en charge de toute la gestion m\u00e9dias et des \u00e9quipes op\u00e9rationnelles.<br \/>\nDe la photographie argentique au num\u00e9rique, il revient sur son parcours et partage sa vision du m\u00e9tier. Une interview pleine d\u2019anecdotes et de rebondissements !<\/p>\n","protected":false},"author":18,"featured_media":8697,"comment_status":"closed","ping_status":"closed","sticky":false,"template":"","format":"standard","meta":{"footnotes":""},"categories":[39],"tags":[],"class_list":["post-8678","post","type-post","status-publish","format-standard","has-post-thumbnail","hentry","category-actualites"],"yoast_head":"<!-- This site is optimized with the Yoast SEO plugin v25.6 - https:\/\/yoast.com\/wordpress\/plugins\/seo\/ -->\n<title>Christophe Guibbaud - photographe de sport et responsable p\u00f4le photo au sein de la F\u00e9d\u00e9ration Fran\u00e7aise de Tennis - Abaca Press<\/title>\n<meta name=\"robots\" content=\"index, follow, max-snippet:-1, max-image-preview:large, max-video-preview:-1\" \/>\n<link rel=\"canonical\" href=\"https:\/\/abacapress.com\/press\/christophe-guibbaud-photographe-de-sport-et-responsable-pole-photo-au-sein-de-la-federation-francaise-de-tennis\/\" \/>\n<meta property=\"og:locale\" content=\"en_US\" \/>\n<meta property=\"og:type\" content=\"article\" \/>\n<meta property=\"og:title\" content=\"Christophe Guibbaud - photographe de sport et responsable p\u00f4le photo au sein de la F\u00e9d\u00e9ration Fran\u00e7aise de Tennis - Abaca Press\" \/>\n<meta property=\"og:description\" content=\"Cette semaine nous sommes all\u00e9s \u00e0 la rencontre de Christophe Guibbaud, co- fondateur d\u2019ABACA, il nous raconte ses d\u00e9buts dans la photographie et comment les \u00e9v\u00e9nements de la vie l\u2019ont conduit \u00e0 faire de la photographie de sport. Aujourd\u2019hui, il est responsable au sein du p\u00f4le photo de la F\u00e9d\u00e9ration Fran\u00e7aise de Tennis, il est en charge de toute la gestion m\u00e9dias et des \u00e9quipes op\u00e9rationnelles. De la photographie argentique au num\u00e9rique, il revient sur son parcours et partage sa vision du m\u00e9tier. Une interview pleine d\u2019anecdotes et de rebondissements !\" \/>\n<meta property=\"og:url\" content=\"https:\/\/abacapress.com\/press\/christophe-guibbaud-photographe-de-sport-et-responsable-pole-photo-au-sein-de-la-federation-francaise-de-tennis\/\" \/>\n<meta property=\"og:site_name\" content=\"Abaca Press\" \/>\n<meta property=\"article:published_time\" content=\"2022-06-02T15:46:43+00:00\" \/>\n<meta property=\"article:modified_time\" content=\"2022-06-03T10:51:44+00:00\" \/>\n<meta property=\"og:image\" content=\"https:\/\/abacapress.com\/press\/wp-content\/uploads\/2022\/06\/ChristopheGuibbaud_AbacaPress07.jpg\" \/>\n\t<meta property=\"og:image:width\" content=\"2713\" \/>\n\t<meta property=\"og:image:height\" content=\"1923\" \/>\n\t<meta property=\"og:image:type\" content=\"image\/jpeg\" \/>\n<meta name=\"author\" content=\"massilia@blackballoon.fr\" \/>\n<meta name=\"twitter:card\" content=\"summary_large_image\" \/>\n<meta name=\"twitter:label1\" content=\"Written by\" \/>\n\t<meta name=\"twitter:data1\" content=\"massilia@blackballoon.fr\" \/>\n\t<meta name=\"twitter:label2\" content=\"Est. reading time\" \/>\n\t<meta name=\"twitter:data2\" content=\"7 minutes\" \/>\n<script type=\"application\/ld+json\" class=\"yoast-schema-graph\">{\"@context\":\"https:\/\/schema.org\",\"@graph\":[{\"@type\":\"WebPage\",\"@id\":\"https:\/\/abacapress.com\/press\/christophe-guibbaud-photographe-de-sport-et-responsable-pole-photo-au-sein-de-la-federation-francaise-de-tennis\/\",\"url\":\"https:\/\/abacapress.com\/press\/christophe-guibbaud-photographe-de-sport-et-responsable-pole-photo-au-sein-de-la-federation-francaise-de-tennis\/\",\"name\":\"Christophe Guibbaud - photographe de sport et responsable p\u00f4le photo au sein de la F\u00e9d\u00e9ration Fran\u00e7aise de Tennis - Abaca Press\",\"isPartOf\":{\"@id\":\"https:\/\/abacapress.com\/press\/#website\"},\"primaryImageOfPage\":{\"@id\":\"https:\/\/abacapress.com\/press\/christophe-guibbaud-photographe-de-sport-et-responsable-pole-photo-au-sein-de-la-federation-francaise-de-tennis\/#primaryimage\"},\"image\":{\"@id\":\"https:\/\/abacapress.com\/press\/christophe-guibbaud-photographe-de-sport-et-responsable-pole-photo-au-sein-de-la-federation-francaise-de-tennis\/#primaryimage\"},\"thumbnailUrl\":\"https:\/\/abacapress.com\/press\/wp-content\/uploads\/2022\/06\/ChristopheGuibbaud_AbacaPress07.jpg\",\"datePublished\":\"2022-06-02T15:46:43+00:00\",\"dateModified\":\"2022-06-03T10:51:44+00:00\",\"author\":{\"@id\":\"https:\/\/abacapress.com\/press\/#\/schema\/person\/ef5caf3759d29fd063d9319cdd8454e3\"},\"breadcrumb\":{\"@id\":\"https:\/\/abacapress.com\/press\/christophe-guibbaud-photographe-de-sport-et-responsable-pole-photo-au-sein-de-la-federation-francaise-de-tennis\/#breadcrumb\"},\"inLanguage\":\"en-US\",\"potentialAction\":[{\"@type\":\"ReadAction\",\"target\":[\"https:\/\/abacapress.com\/press\/christophe-guibbaud-photographe-de-sport-et-responsable-pole-photo-au-sein-de-la-federation-francaise-de-tennis\/\"]}]},{\"@type\":\"ImageObject\",\"inLanguage\":\"en-US\",\"@id\":\"https:\/\/abacapress.com\/press\/christophe-guibbaud-photographe-de-sport-et-responsable-pole-photo-au-sein-de-la-federation-francaise-de-tennis\/#primaryimage\",\"url\":\"https:\/\/abacapress.com\/press\/wp-content\/uploads\/2022\/06\/ChristopheGuibbaud_AbacaPress07.jpg\",\"contentUrl\":\"https:\/\/abacapress.com\/press\/wp-content\/uploads\/2022\/06\/ChristopheGuibbaud_AbacaPress07.jpg\",\"width\":2713,\"height\":1923},{\"@type\":\"BreadcrumbList\",\"@id\":\"https:\/\/abacapress.com\/press\/christophe-guibbaud-photographe-de-sport-et-responsable-pole-photo-au-sein-de-la-federation-francaise-de-tennis\/#breadcrumb\",\"itemListElement\":[{\"@type\":\"ListItem\",\"position\":1,\"name\":\"Accueil\",\"item\":\"https:\/\/abacapress.com\/press\/\"},{\"@type\":\"ListItem\",\"position\":2,\"name\":\"Christophe Guibbaud &#8211; photographe de sport et responsable p\u00f4le photo au sein de la F\u00e9d\u00e9ration Fran\u00e7aise de Tennis\"}]},{\"@type\":\"WebSite\",\"@id\":\"https:\/\/abacapress.com\/press\/#website\",\"url\":\"https:\/\/abacapress.com\/press\/\",\"name\":\"Abaca Press\",\"description\":\"Agence de presse photographique\",\"potentialAction\":[{\"@type\":\"SearchAction\",\"target\":{\"@type\":\"EntryPoint\",\"urlTemplate\":\"https:\/\/abacapress.com\/press\/?s={search_term_string}\"},\"query-input\":{\"@type\":\"PropertyValueSpecification\",\"valueRequired\":true,\"valueName\":\"search_term_string\"}}],\"inLanguage\":\"en-US\"},{\"@type\":\"Person\",\"@id\":\"https:\/\/abacapress.com\/press\/#\/schema\/person\/ef5caf3759d29fd063d9319cdd8454e3\",\"name\":\"massilia@blackballoon.fr\",\"image\":{\"@type\":\"ImageObject\",\"inLanguage\":\"en-US\",\"@id\":\"https:\/\/abacapress.com\/press\/#\/schema\/person\/image\/\",\"url\":\"https:\/\/secure.gravatar.com\/avatar\/d28c2260e2c849a570703330de16598395414f96d83ad518eb48df8ed53881c2?s=96&d=mm&r=g\",\"contentUrl\":\"https:\/\/secure.gravatar.com\/avatar\/d28c2260e2c849a570703330de16598395414f96d83ad518eb48df8ed53881c2?s=96&d=mm&r=g\",\"caption\":\"massilia@blackballoon.fr\"},\"url\":\"https:\/\/abacapress.com\/press\/author\/massiliablackballoon-fr\/\"}]}<\/script>\n<!-- \/ Yoast SEO plugin. -->","yoast_head_json":{"title":"Christophe Guibbaud - photographe de sport et responsable p\u00f4le photo au sein de la F\u00e9d\u00e9ration Fran\u00e7aise de Tennis - Abaca Press","robots":{"index":"index","follow":"follow","max-snippet":"max-snippet:-1","max-image-preview":"max-image-preview:large","max-video-preview":"max-video-preview:-1"},"canonical":"https:\/\/abacapress.com\/press\/christophe-guibbaud-photographe-de-sport-et-responsable-pole-photo-au-sein-de-la-federation-francaise-de-tennis\/","og_locale":"en_US","og_type":"article","og_title":"Christophe Guibbaud - photographe de sport et responsable p\u00f4le photo au sein de la F\u00e9d\u00e9ration Fran\u00e7aise de Tennis - Abaca Press","og_description":"Cette semaine nous sommes all\u00e9s \u00e0 la rencontre de Christophe Guibbaud, co- fondateur d\u2019ABACA, il nous raconte ses d\u00e9buts dans la photographie et comment les \u00e9v\u00e9nements de la vie l\u2019ont conduit \u00e0 faire de la photographie de sport. Aujourd\u2019hui, il est responsable au sein du p\u00f4le photo de la F\u00e9d\u00e9ration Fran\u00e7aise de Tennis, il est en charge de toute la gestion m\u00e9dias et des \u00e9quipes op\u00e9rationnelles. De la photographie argentique au num\u00e9rique, il revient sur son parcours et partage sa vision du m\u00e9tier. Une interview pleine d\u2019anecdotes et de rebondissements !","og_url":"https:\/\/abacapress.com\/press\/christophe-guibbaud-photographe-de-sport-et-responsable-pole-photo-au-sein-de-la-federation-francaise-de-tennis\/","og_site_name":"Abaca Press","article_published_time":"2022-06-02T15:46:43+00:00","article_modified_time":"2022-06-03T10:51:44+00:00","og_image":[{"width":2713,"height":1923,"url":"https:\/\/abacapress.com\/press\/wp-content\/uploads\/2022\/06\/ChristopheGuibbaud_AbacaPress07.jpg","type":"image\/jpeg"}],"author":"massilia@blackballoon.fr","twitter_card":"summary_large_image","twitter_misc":{"Written by":"massilia@blackballoon.fr","Est. reading time":"7 minutes"},"schema":{"@context":"https:\/\/schema.org","@graph":[{"@type":"WebPage","@id":"https:\/\/abacapress.com\/press\/christophe-guibbaud-photographe-de-sport-et-responsable-pole-photo-au-sein-de-la-federation-francaise-de-tennis\/","url":"https:\/\/abacapress.com\/press\/christophe-guibbaud-photographe-de-sport-et-responsable-pole-photo-au-sein-de-la-federation-francaise-de-tennis\/","name":"Christophe Guibbaud - photographe de sport et responsable p\u00f4le photo au sein de la F\u00e9d\u00e9ration Fran\u00e7aise de Tennis - Abaca Press","isPartOf":{"@id":"https:\/\/abacapress.com\/press\/#website"},"primaryImageOfPage":{"@id":"https:\/\/abacapress.com\/press\/christophe-guibbaud-photographe-de-sport-et-responsable-pole-photo-au-sein-de-la-federation-francaise-de-tennis\/#primaryimage"},"image":{"@id":"https:\/\/abacapress.com\/press\/christophe-guibbaud-photographe-de-sport-et-responsable-pole-photo-au-sein-de-la-federation-francaise-de-tennis\/#primaryimage"},"thumbnailUrl":"https:\/\/abacapress.com\/press\/wp-content\/uploads\/2022\/06\/ChristopheGuibbaud_AbacaPress07.jpg","datePublished":"2022-06-02T15:46:43+00:00","dateModified":"2022-06-03T10:51:44+00:00","author":{"@id":"https:\/\/abacapress.com\/press\/#\/schema\/person\/ef5caf3759d29fd063d9319cdd8454e3"},"breadcrumb":{"@id":"https:\/\/abacapress.com\/press\/christophe-guibbaud-photographe-de-sport-et-responsable-pole-photo-au-sein-de-la-federation-francaise-de-tennis\/#breadcrumb"},"inLanguage":"en-US","potentialAction":[{"@type":"ReadAction","target":["https:\/\/abacapress.com\/press\/christophe-guibbaud-photographe-de-sport-et-responsable-pole-photo-au-sein-de-la-federation-francaise-de-tennis\/"]}]},{"@type":"ImageObject","inLanguage":"en-US","@id":"https:\/\/abacapress.com\/press\/christophe-guibbaud-photographe-de-sport-et-responsable-pole-photo-au-sein-de-la-federation-francaise-de-tennis\/#primaryimage","url":"https:\/\/abacapress.com\/press\/wp-content\/uploads\/2022\/06\/ChristopheGuibbaud_AbacaPress07.jpg","contentUrl":"https:\/\/abacapress.com\/press\/wp-content\/uploads\/2022\/06\/ChristopheGuibbaud_AbacaPress07.jpg","width":2713,"height":1923},{"@type":"BreadcrumbList","@id":"https:\/\/abacapress.com\/press\/christophe-guibbaud-photographe-de-sport-et-responsable-pole-photo-au-sein-de-la-federation-francaise-de-tennis\/#breadcrumb","itemListElement":[{"@type":"ListItem","position":1,"name":"Accueil","item":"https:\/\/abacapress.com\/press\/"},{"@type":"ListItem","position":2,"name":"Christophe Guibbaud &#8211; photographe de sport et responsable p\u00f4le photo au sein de la F\u00e9d\u00e9ration Fran\u00e7aise de Tennis"}]},{"@type":"WebSite","@id":"https:\/\/abacapress.com\/press\/#website","url":"https:\/\/abacapress.com\/press\/","name":"Abaca Press","description":"Agence de presse photographique","potentialAction":[{"@type":"SearchAction","target":{"@type":"EntryPoint","urlTemplate":"https:\/\/abacapress.com\/press\/?s={search_term_string}"},"query-input":{"@type":"PropertyValueSpecification","valueRequired":true,"valueName":"search_term_string"}}],"inLanguage":"en-US"},{"@type":"Person","@id":"https:\/\/abacapress.com\/press\/#\/schema\/person\/ef5caf3759d29fd063d9319cdd8454e3","name":"massilia@blackballoon.fr","image":{"@type":"ImageObject","inLanguage":"en-US","@id":"https:\/\/abacapress.com\/press\/#\/schema\/person\/image\/","url":"https:\/\/secure.gravatar.com\/avatar\/d28c2260e2c849a570703330de16598395414f96d83ad518eb48df8ed53881c2?s=96&d=mm&r=g","contentUrl":"https:\/\/secure.gravatar.com\/avatar\/d28c2260e2c849a570703330de16598395414f96d83ad518eb48df8ed53881c2?s=96&d=mm&r=g","caption":"massilia@blackballoon.fr"},"url":"https:\/\/abacapress.com\/press\/author\/massiliablackballoon-fr\/"}]}},"_links":{"self":[{"href":"https:\/\/abacapress.com\/press\/wp-json\/wp\/v2\/posts\/8678","targetHints":{"allow":["GET"]}}],"collection":[{"href":"https:\/\/abacapress.com\/press\/wp-json\/wp\/v2\/posts"}],"about":[{"href":"https:\/\/abacapress.com\/press\/wp-json\/wp\/v2\/types\/post"}],"author":[{"embeddable":true,"href":"https:\/\/abacapress.com\/press\/wp-json\/wp\/v2\/users\/18"}],"replies":[{"embeddable":true,"href":"https:\/\/abacapress.com\/press\/wp-json\/wp\/v2\/comments?post=8678"}],"version-history":[{"count":0,"href":"https:\/\/abacapress.com\/press\/wp-json\/wp\/v2\/posts\/8678\/revisions"}],"wp:featuredmedia":[{"embeddable":true,"href":"https:\/\/abacapress.com\/press\/wp-json\/wp\/v2\/media\/8697"}],"wp:attachment":[{"href":"https:\/\/abacapress.com\/press\/wp-json\/wp\/v2\/media?parent=8678"}],"wp:term":[{"taxonomy":"category","embeddable":true,"href":"https:\/\/abacapress.com\/press\/wp-json\/wp\/v2\/categories?post=8678"},{"taxonomy":"post_tag","embeddable":true,"href":"https:\/\/abacapress.com\/press\/wp-json\/wp\/v2\/tags?post=8678"}],"curies":[{"name":"wp","href":"https:\/\/api.w.org\/{rel}","templated":true}]}}