{"id":8991,"date":"2022-07-29T17:34:15","date_gmt":"2022-07-29T15:34:15","guid":{"rendered":"https:\/\/abacapress.com\/press\/?p=8991"},"modified":"2022-10-19T13:33:33","modified_gmt":"2022-10-19T11:33:33","slug":"droits-voisins-et-agences-de-presse","status":"publish","type":"post","link":"https:\/\/abacapress.com\/press\/droits-voisins-et-agences-de-presse\/","title":{"rendered":"Droits voisins et agences de presse"},"content":{"rendered":"<div class=\"wpb-content-wrapper\">[vc_row css=&#8221;.vc_custom_1555495043803{padding-top: 30px !important;}&#8221;][vc_column][vc_column_text]Cette semaine nous avons eu l\u2019honneur de rencontrer Madame Florence Braka Directrice\u00a0de la F\u00e9d\u00e9ration Fran\u00e7aise des Agences de Presse (FFAP) pour discuter d\u2019un sujet qui\u00a0nous tient \u00e0 coeur, celui des droits voisins. Elle accompagne depuis de nombreuses\u00a0ann\u00e9es les diff\u00e9rentes entreprises du secteur des agences de presse sur le plan juridique.<\/p>\n<p>Dans cet \u00e9change, Florence Braka d\u00e9cortique la naissance et les enjeux autour des droits\u00a0voisins. Une interview riche en connaissances qui retrace l\u2019histoire d\u2019un combat initi\u00e9 en\u00a02012 et qui n\u2019a pas \u00e9t\u00e9 vain.<\/p>\n<p><strong><em>\u00a0<\/em><\/strong>[\/vc_column_text][vc_empty_space][vc_single_image image=&#8221;8994&#8243; img_size=&#8221;full&#8221; alignment=&#8221;center&#8221;][vc_empty_space][\/vc_column][\/vc_row][vc_row css=&#8221;.vc_custom_1555495043803{padding-top: 30px !important;}&#8221;][vc_column][vc_column_text]\n<h3><span style=\"color: #e31023;\"><span style=\"caret-color: #e31023;\">Pouvez-vous nous expliquer la notion de droits voisins ? En quoi concernent-ils les agences de presse ?\u00a0<\/span><\/span><\/h3>\n[\/vc_column_text][vc_separator color=&#8221;custom&#8221; align=&#8221;align_left&#8221; border_width=&#8221;5&#8243; el_width=&#8221;10&#8243; accent_color=&#8221;#e31023&#8243;][vc_column_text]Le droit voisin du droit d\u2019auteur vient principalement prot\u00e9ger des investissements. Il\u00a0r\u00e9compense la soci\u00e9t\u00e9 pour son initiative et sa responsabilit\u00e9 dans ses productions. Il\u00a0vient r\u00e9\u00e9quilibrer la cha\u00eene de valeur afin de cr\u00e9er les conditions d\u2019une concurrence\u00a0\u00e9quitable.<\/p>\n<p>Depuis 1985, des droits voisins sont venus prot\u00e9ger et garantir des moyens d\u2019existence\u00a0aux artistes interpr\u00e8tes, aux producteurs de phonogrammes et de vid\u00e9ogrammes, ainsi\u00a0qu\u2019aux entreprises de communication audiovisuelle, dans le but d\u2019encourager la cr\u00e9ation\u00a0fran\u00e7aise. Cette protection est de 50 ans.<\/p>\n<p>Pour les agences de presse et les \u00e9diteurs de presse, il a fallu attendre 2019 pour\u00a0b\u00e9n\u00e9ficier \u00e9galement d\u2019un droit voisin.\u00a0La dur\u00e9e de protection est plus courte, elle n\u2019est que de deux ans dans la mesure o\u00f9 le\u00a0l\u00e9gislateur europ\u00e9en a voulu prot\u00e9ger l\u2019actualit\u00e9 \u00ab chaude \u00bb.[\/vc_column_text][vc_empty_space][\/vc_column][\/vc_row][vc_row css=&#8221;.vc_custom_1555495043803{padding-top: 30px !important;}&#8221;][vc_column][vc_column_text]\n<h3><span style=\"color: #e31023;\"><span style=\"caret-color: #e31023;\">Comment l&#8217;\u00e8re du num\u00e9rique a-t-elle boulvers\u00e9 cette notion en atteignant le contenu photographique ?\u00a0<\/span><\/span><\/h3>\n[\/vc_column_text][vc_separator color=&#8221;custom&#8221; align=&#8221;align_left&#8221; border_width=&#8221;5&#8243; el_width=&#8221;10&#8243; accent_color=&#8221;#e31023&#8243;][vc_column_text]Les agences de presse fournissent des informations, sous toutes formes, aux \u00e9diteurs de\u00a0presse principalement, de mani\u00e8re exclusive ou pas et pour une dur\u00e9e limit\u00e9e.\u00a0Ces licences conc\u00e9d\u00e9es par les agences de presse aux \u00e9diteurs de presse n\u2019emportent\u00a0pas le droit pour un moteur de recherche ou un agr\u00e9gateur de contenu de les reproduire\u00a0s\u00e9par\u00e9ment sur ses pages.<\/p>\n<p>Les moteurs de recherche en particulier, reproduisent et diffusent comme libres de droits\u00a0sur leurs propres pages, des millions de textes, de photographies, de vid\u00e9ographies, sans\u00a0licence, et qui causent de ce fait un pr\u00e9judice patrimonial consid\u00e9rable aux agences de\u00a0presse et \u00e0 leurs auteurs. Ces moteurs de recherche sont devenus de v\u00e9ritables banques\u00a0d\u2019information, en exploitant un contenu qu\u2019ils n\u2019ont pas cr\u00e9\u00e9.\u00a0Ce droit voisin doit en cons\u00e9quence couvrir toutes les activit\u00e9s d\u2019interm\u00e9diation dans la\u00a0communication au public des contenus des agences, y compris les activit\u00e9s des\u00a0agr\u00e9gateurs et moteurs de recherche dans la mesure o\u00f9 ceux-ci retirent des b\u00e9n\u00e9fices de\u00a0ces activit\u00e9s de fa\u00e7on directe (commercialisation des liens par les agr\u00e9gateurs) ou\u00a0indirecte (captation de l\u2019audience, conservation de l\u2019internaute dans l\u2019\u00e9cosyst\u00e8me du\u00a0moteur de recherche, r\u00e9mun\u00e9ration du moteur par la publicit\u00e9 r\u00e9alis\u00e9es sur les services\u00a0connexes pour les moteurs) sans assumer la charge des investissements n\u00e9cessaires \u00e0 la\u00a0production journalistique qu\u2019ils exploitent.<\/p>\n<p>Il y a donc une captation de la valeur par les plateformes internet sans contrepartie\u00a0financi\u00e8re pour les cr\u00e9ateurs de contenus qui aboutit \u00e0 une v\u00e9ritable spoliation.<\/p>\n<p>Entre 2012 et 2020 par exemple, le nombre d\u2019agences de presse photographiques en\u00a0France est pass\u00e9 de 80 \u00e0 45 et leur chiffre d\u2019affaires a baiss\u00e9 de 32%.<\/p>\n<p>La premi\u00e8re proposition de loi pour reconnaitre un droit voisin pour les \u00e9diteurs et\u00a0agences de presse date de 2012.<\/p>\n<p>Mais \u00e0 l\u2019\u00e9poque, Fran\u00e7ois Hollande, tout juste \u00e9lu pr\u00e9sident de la R\u00e9publique, n\u2019a pas\u00a0souhait\u00e9 donner une suite favorable \u00e0 ce texte et a confi\u00e9 une mission au cabinet Mazars,\u00a0pour trouver un compromis financier entre Google et la presse IPG (presse d&#8217;information\u00a0politique et g\u00e9n\u00e9rale).<\/p>\n<p>Mission accomplie au d\u00e9but de l\u2019ann\u00e9e 2013 avec la cr\u00e9ation d\u2019un fonds d\u2019aide de 60\u00a0millions d\u2019euros sur 3 ans.<\/p>\n<p>La FFAP a condamn\u00e9 cet accord qui d\u2019une part, ne concernait qu\u2019une partie des acteurs\u00a0concern\u00e9s et d\u2019autre part, ne correspondait pas au droit auquel nous aspirions.<\/p>\n<p>C\u2019est en 2016 que tout s\u2019est acc\u00e9l\u00e9r\u00e9 avec le projet de directive pr\u00e9sent\u00e9 par la\u00a0Commission europ\u00e9enne et le combat men\u00e9 par Jean-Marie CAVADA, \u00e0 l\u2019\u00e9poque d\u00e9put\u00e9\u00a0europ\u00e9en, pour la cr\u00e9ation d\u2019un droit voisin pour les agences et les \u00e9diteurs de presse.\u00a0Apr\u00e8s 3 ans de combat, le 17 avril 2019, une directive europ\u00e9enne sur les droits voisins a\u00a0vu le jour. Elle a \u00e9t\u00e9 transpos\u00e9e le 24 juillet 2019 en France.[\/vc_column_text][vc_empty_space][vc_single_image image=&#8221;8998&#8243; img_size=&#8221;full&#8221; alignment=&#8221;center&#8221;][vc_empty_space][\/vc_column][\/vc_row][vc_row css=&#8221;.vc_custom_1555495043803{padding-top: 30px !important;}&#8221;][vc_column][vc_column_text]\n<h3><span style=\"color: #e31023;\">Quel a \u00e9t\u00e9 l&#8217;impact de ce conflit dans la l\u00e9gislation fran\u00e7aise et europ\u00e9enne ?\u00a0<\/span><\/h3>\n[\/vc_column_text][vc_separator color=&#8221;custom&#8221; align=&#8221;align_left&#8221; border_width=&#8221;5&#8243; el_width=&#8221;10&#8243; accent_color=&#8221;#e31023&#8243;][vc_column_text]Apr\u00e8s la transposition de la directive. Fin 2019 deux organisations professionnelles\u00a0d\u2019\u00e9diteurs, ainsi que l\u2019AFP, ont saisi l\u2019Autorit\u00e9 de la Concurrence (ADLC) contre Google\u00a0pour abus de position dominante. Dans une premi\u00e8re d\u00e9cision le 9 avril 2020, l\u2019autorit\u00e9 a\u00a0formul\u00e9 des injonctions \u00e0 Google, notamment celle de conclure des accords avec les\u00a0ayants droit qui le demandaient dans un d\u00e9lai de trois mois.\u00a0Les saisissants n\u2019ayant pas eu gain de cause, ils ont saisi une nouvelle fois l\u2019ADLC pour\u00a0non-respect des injonctions. La FFAP, qui \u00e9tait \u00e9galement en n\u00e9gociation avec Google\u00a0depuis juillet 2020 a \u00e9t\u00e9 entendue comme t\u00e9moin au d\u00e9but de l\u2019ann\u00e9e 2021.<\/p>\n<p>Le 12 juillet 2021, l\u2019ADLC a condamn\u00e9 Google \u00e0 500 millions d\u2019euros d\u2019amende.<\/p>\n<p>Cette sanction a eu pour effet de relancer les n\u00e9gociations avec Google pour l\u2019ensemble\u00a0des ayants droit, les 3 saisissants ont sign\u00e9 des accords entre fin 2021 et juin 2022.<\/p>\n<p>La d\u00e9cision au fond est intervenue le 21 juin 2022 et s\u2019est conclue par des engagements\u00a0de Google dans le secteur de la presse.<\/p>\n<p>De notre c\u00f4t\u00e9, nous poursuivons toujours les n\u00e9gociations avec Google.[\/vc_column_text][vc_empty_space][vc_single_image image=&#8221;9000&#8243; img_size=&#8221;full&#8221; alignment=&#8221;center&#8221;][\/vc_column][\/vc_row][vc_row css=&#8221;.vc_custom_1555495043803{padding-top: 30px !important;}&#8221;][vc_column][vc_column_text]\n<h3><span style=\"color: #e31023;\">Qu&#8217;en est-il des autres pays ? (US)<\/span><\/h3>\n[\/vc_column_text][vc_separator color=&#8221;custom&#8221; align=&#8221;align_left&#8221; border_width=&#8221;5&#8243; el_width=&#8221;10&#8243; accent_color=&#8221;#e31023&#8243;][vc_column_text]Le droit voisin concerne tous les pays de l\u2019UE, certains pays ont d\u00e9j\u00e0 transpos\u00e9 la\u00a0directive. La France est le pays qui a transpos\u00e9 le plus rapidement.[\/vc_column_text][vc_empty_space][\/vc_column][\/vc_row][vc_row css=&#8221;.vc_custom_1555495043803{padding-top: 30px !important;}&#8221;][vc_column][vc_column_text]\n<h3><span style=\"color: #e31023;\">Si les droits voisins ne sont pas respect\u00e9s, que pr\u00e9voit la loi ?<\/span><\/h3>\n[\/vc_column_text][vc_separator color=&#8221;custom&#8221; align=&#8221;align_left&#8221; border_width=&#8221;5&#8243; el_width=&#8221;10&#8243; accent_color=&#8221;#e31023&#8243;][vc_column_text]La loi ne pr\u00e9voit rien. C\u2019est la raison pour laquelle l\u2019ADLC a \u00e9t\u00e9 saisie.<\/p>\n<p>Cependant, d\u00e9sormais, en cas de conflit entre Google et un ayant droit, les parties\u00a0pourront faire appel \u00e0 un mandataire [ind\u00e9pendant agr\u00e9\u00e9 par l\u2019Autorit\u00e9, ndlr], dont les\u00a0avis s\u2019imposeront \u00e0 Google, et qui pourra se faire aider d\u2019experts aussi bien en propri\u00e9t\u00e9\u00a0intellectuelle, qu\u2019en finance ou en mati\u00e8re de presse ou de publicit\u00e9 \u00bb. S\u2019il le faut, le\u00a0recours \u00e0 un \u00ab tribunal arbitral dont les frais seront support\u00e9s par Google \u00bb pourra \u00eatre\u00a0saisi.[\/vc_column_text][vc_empty_space][\/vc_column][\/vc_row][vc_row css=&#8221;.vc_custom_1555495043803{padding-top: 30px !important;}&#8221;][vc_column][vc_column_text]\n<h3><span style=\"color: #e31023;\">Google a \u00e9t\u00e9 condamn\u00e9 \u00e0 une amende, \u00e0 qui profite-t-elle ? \u00a0<\/span><\/h3>\n[\/vc_column_text][vc_separator color=&#8221;custom&#8221; align=&#8221;align_left&#8221; border_width=&#8221;5&#8243; el_width=&#8221;10&#8243; accent_color=&#8221;#e31023&#8243;][vc_column_text]L\u2019amende vient abonder le budget de l\u2019Etat.[\/vc_column_text][vc_empty_space][\/vc_column][\/vc_row][vc_row css=&#8221;.vc_custom_1555495043803{padding-top: 30px !important;}&#8221;][vc_column][vc_column_text]\n<h3><span style=\"color: #e31023;\"><span style=\"caret-color: #e31023;\">Les \u00e9diteurs et les agences de presse sont-ils \u00e9gaux face \u00e0 la probl\u00e9matique des droits voisins ?<\/span><\/span><\/h3>\n[\/vc_column_text][vc_separator color=&#8221;custom&#8221; align=&#8221;align_left&#8221; border_width=&#8221;5&#8243; el_width=&#8221;10&#8243; accent_color=&#8221;#e31023&#8243;][vc_column_text]Oui et non. Oui aux yeux de la loi ils sont \u00e9gaux. Mais ils ne sont pas \u00e9gaux dans la\u00a0pratique car il est plus facile pour les \u00e9diteurs de savoir ce que Google est venu chercher\u00a0sur leurs serveurs gr\u00e2ce aux URL. Ce n\u2019est pas le cas pour les agences de presse qui\u00a0fournissent du contenu aux \u00e9diteurs, pour lequel il n\u2019y a pas d\u2019URL.<\/p>\n<p>C\u2019est pourquoi, Google a pendant longtemps (jusqu\u2019aux d\u00e9cisions de l\u2019ADLC) consid\u00e9r\u00e9\u00a0que r\u00e9mun\u00e9rer les agences de presse, c\u2019\u00e9tait le faire payer deux fois.\u00a0Quoiqu\u2019il en soit, les accords conclus par Google sont des forfaits et non pas des\u00a0montants assis sur une r\u00e9mun\u00e9ration proportionnelle. G\u00e9n\u00e9ralement, ces accords\u00a0comprennent une r\u00e9mun\u00e9ration droits voisins, une autre concernant des accords\u00a0commerciaux, et enfin une derni\u00e8re \u00ab settlement fee \u00bb.<\/p>\n<p>En octobre 2021, la soci\u00e9t\u00e9 des Droits Voisins de la Presse (DVP) a \u00e9t\u00e9 cr\u00e9\u00e9e pour\u00a0accompagner les agences de presse et les \u00e9diteurs dans la valorisation de leurs droits\u00a0voisins aupr\u00e8s de tous les redevables et notamment les grandes plateformes.\u00a0C\u2019est Jean-Marie CAVADA qui a \u00e9t\u00e9 \u00e9lu \u00e0 la t\u00eate de cet organisme.[\/vc_column_text][vc_empty_space][\/vc_column][\/vc_row][vc_row css=&#8221;.vc_custom_1555495043803{padding-top: 30px !important;}&#8221;][vc_column][vc_column_text]\n<h3><span style=\"color: #e31023;\"><span style=\"caret-color: #e31023;\">Quels seront vos prochains combats ?\u00a0<\/span><\/span><\/h3>\n[\/vc_column_text][vc_separator color=&#8221;custom&#8221; align=&#8221;align_left&#8221; border_width=&#8221;5&#8243; el_width=&#8221;10&#8243; accent_color=&#8221;#e31023&#8243;][vc_column_text]Tout d\u2019abord, mener jusqu\u2019au bout les n\u00e9gociations avec Google et obtenir gr\u00e2ce au DVP\u00a0une r\u00e9mun\u00e9ration \u00e9quitable pour les agences de la FFAP avec l\u2019ensemble des\u00a0redevables.<\/p>\n<p>Veiller de mani\u00e8re g\u00e9n\u00e9rale que ce droit voisin soit respect\u00e9 par l\u2019ensemble de ceux qui\u00a0utilisent les contenus des agences de presse.[\/vc_column_text][vc_empty_space][\/vc_column][\/vc_row]\n<\/div>","protected":false},"excerpt":{"rendered":"<p>Florence Braka d\u00e9cortique la naissance et les enjeux autour des droits\u00a0voisins. Une interview riche en connaissances qui retrace l\u2019histoire d\u2019un combat initi\u00e9 en\u00a02012 et qui n\u2019a pas \u00e9t\u00e9 vain.<\/p>\n","protected":false},"author":18,"featured_media":9002,"comment_status":"closed","ping_status":"closed","sticky":false,"template":"","format":"standard","meta":{"footnotes":""},"categories":[39],"tags":[],"class_list":["post-8991","post","type-post","status-publish","format-standard","has-post-thumbnail","hentry","category-actualites"],"yoast_head":"<!-- This site is optimized with the Yoast SEO plugin v25.6 - https:\/\/yoast.com\/wordpress\/plugins\/seo\/ -->\n<title>Droits voisins et agences de presse - Abaca Press<\/title>\n<meta name=\"robots\" content=\"index, follow, max-snippet:-1, max-image-preview:large, max-video-preview:-1\" \/>\n<link rel=\"canonical\" href=\"https:\/\/abacapress.com\/press\/droits-voisins-et-agences-de-presse\/\" \/>\n<meta property=\"og:locale\" content=\"en_US\" \/>\n<meta property=\"og:type\" content=\"article\" \/>\n<meta property=\"og:title\" content=\"Droits voisins et agences de presse - Abaca Press\" \/>\n<meta property=\"og:description\" content=\"Florence Braka d\u00e9cortique la naissance et les enjeux autour des droits\u00a0voisins. Une interview riche en connaissances qui retrace l\u2019histoire d\u2019un combat initi\u00e9 en\u00a02012 et qui n\u2019a pas \u00e9t\u00e9 vain.\" \/>\n<meta property=\"og:url\" content=\"https:\/\/abacapress.com\/press\/droits-voisins-et-agences-de-presse\/\" \/>\n<meta property=\"og:site_name\" content=\"Abaca Press\" \/>\n<meta property=\"article:published_time\" content=\"2022-07-29T15:34:15+00:00\" \/>\n<meta property=\"article:modified_time\" content=\"2022-10-19T11:33:33+00:00\" \/>\n<meta property=\"og:image\" content=\"https:\/\/abacapress.com\/press\/wp-content\/uploads\/2022\/06\/ChristopheGuibbaud_AbacaPress07.jpg\" \/>\n\t<meta property=\"og:image:width\" content=\"2713\" \/>\n\t<meta property=\"og:image:height\" content=\"1923\" \/>\n\t<meta property=\"og:image:type\" content=\"image\/jpeg\" \/>\n<meta name=\"author\" content=\"massilia@blackballoon.fr\" \/>\n<meta name=\"twitter:card\" content=\"summary_large_image\" \/>\n<meta name=\"twitter:label1\" content=\"Written by\" \/>\n\t<meta name=\"twitter:data1\" content=\"massilia@blackballoon.fr\" \/>\n\t<meta name=\"twitter:label2\" content=\"Est. reading time\" \/>\n\t<meta name=\"twitter:data2\" content=\"9 minutes\" \/>\n<script type=\"application\/ld+json\" class=\"yoast-schema-graph\">{\"@context\":\"https:\/\/schema.org\",\"@graph\":[{\"@type\":\"WebPage\",\"@id\":\"https:\/\/abacapress.com\/press\/droits-voisins-et-agences-de-presse\/\",\"url\":\"https:\/\/abacapress.com\/press\/droits-voisins-et-agences-de-presse\/\",\"name\":\"Droits voisins et agences de presse - Abaca Press\",\"isPartOf\":{\"@id\":\"https:\/\/abacapress.com\/press\/#website\"},\"primaryImageOfPage\":{\"@id\":\"https:\/\/abacapress.com\/press\/droits-voisins-et-agences-de-presse\/#primaryimage\"},\"image\":{\"@id\":\"https:\/\/abacapress.com\/press\/droits-voisins-et-agences-de-presse\/#primaryimage\"},\"thumbnailUrl\":\"https:\/\/abacapress.com\/press\/wp-content\/uploads\/2022\/07\/tingey-injury-law-firm-DZpc4UY8ZtY-unsplash.jpg\",\"datePublished\":\"2022-07-29T15:34:15+00:00\",\"dateModified\":\"2022-10-19T11:33:33+00:00\",\"author\":{\"@id\":\"https:\/\/abacapress.com\/press\/#\/schema\/person\/ef5caf3759d29fd063d9319cdd8454e3\"},\"breadcrumb\":{\"@id\":\"https:\/\/abacapress.com\/press\/droits-voisins-et-agences-de-presse\/#breadcrumb\"},\"inLanguage\":\"en-US\",\"potentialAction\":[{\"@type\":\"ReadAction\",\"target\":[\"https:\/\/abacapress.com\/press\/droits-voisins-et-agences-de-presse\/\"]}]},{\"@type\":\"ImageObject\",\"inLanguage\":\"en-US\",\"@id\":\"https:\/\/abacapress.com\/press\/droits-voisins-et-agences-de-presse\/#primaryimage\",\"url\":\"https:\/\/abacapress.com\/press\/wp-content\/uploads\/2022\/07\/tingey-injury-law-firm-DZpc4UY8ZtY-unsplash.jpg\",\"contentUrl\":\"https:\/\/abacapress.com\/press\/wp-content\/uploads\/2022\/07\/tingey-injury-law-firm-DZpc4UY8ZtY-unsplash.jpg\",\"width\":5664,\"height\":3776},{\"@type\":\"BreadcrumbList\",\"@id\":\"https:\/\/abacapress.com\/press\/droits-voisins-et-agences-de-presse\/#breadcrumb\",\"itemListElement\":[{\"@type\":\"ListItem\",\"position\":1,\"name\":\"Accueil\",\"item\":\"https:\/\/abacapress.com\/press\/\"},{\"@type\":\"ListItem\",\"position\":2,\"name\":\"Droits voisins et agences de presse\"}]},{\"@type\":\"WebSite\",\"@id\":\"https:\/\/abacapress.com\/press\/#website\",\"url\":\"https:\/\/abacapress.com\/press\/\",\"name\":\"Abaca Press\",\"description\":\"Agence de presse photographique\",\"potentialAction\":[{\"@type\":\"SearchAction\",\"target\":{\"@type\":\"EntryPoint\",\"urlTemplate\":\"https:\/\/abacapress.com\/press\/?s={search_term_string}\"},\"query-input\":{\"@type\":\"PropertyValueSpecification\",\"valueRequired\":true,\"valueName\":\"search_term_string\"}}],\"inLanguage\":\"en-US\"},{\"@type\":\"Person\",\"@id\":\"https:\/\/abacapress.com\/press\/#\/schema\/person\/ef5caf3759d29fd063d9319cdd8454e3\",\"name\":\"massilia@blackballoon.fr\",\"image\":{\"@type\":\"ImageObject\",\"inLanguage\":\"en-US\",\"@id\":\"https:\/\/abacapress.com\/press\/#\/schema\/person\/image\/\",\"url\":\"https:\/\/secure.gravatar.com\/avatar\/d28c2260e2c849a570703330de16598395414f96d83ad518eb48df8ed53881c2?s=96&d=mm&r=g\",\"contentUrl\":\"https:\/\/secure.gravatar.com\/avatar\/d28c2260e2c849a570703330de16598395414f96d83ad518eb48df8ed53881c2?s=96&d=mm&r=g\",\"caption\":\"massilia@blackballoon.fr\"},\"url\":\"https:\/\/abacapress.com\/press\/author\/massiliablackballoon-fr\/\"}]}<\/script>\n<!-- \/ Yoast SEO plugin. -->","yoast_head_json":{"title":"Droits voisins et agences de presse - Abaca Press","robots":{"index":"index","follow":"follow","max-snippet":"max-snippet:-1","max-image-preview":"max-image-preview:large","max-video-preview":"max-video-preview:-1"},"canonical":"https:\/\/abacapress.com\/press\/droits-voisins-et-agences-de-presse\/","og_locale":"en_US","og_type":"article","og_title":"Droits voisins et agences de presse - Abaca Press","og_description":"Florence Braka d\u00e9cortique la naissance et les enjeux autour des droits\u00a0voisins. Une interview riche en connaissances qui retrace l\u2019histoire d\u2019un combat initi\u00e9 en\u00a02012 et qui n\u2019a pas \u00e9t\u00e9 vain.","og_url":"https:\/\/abacapress.com\/press\/droits-voisins-et-agences-de-presse\/","og_site_name":"Abaca Press","article_published_time":"2022-07-29T15:34:15+00:00","article_modified_time":"2022-10-19T11:33:33+00:00","og_image":[{"width":2713,"height":1923,"url":"https:\/\/abacapress.com\/press\/wp-content\/uploads\/2022\/06\/ChristopheGuibbaud_AbacaPress07.jpg","type":"image\/jpeg"}],"author":"massilia@blackballoon.fr","twitter_card":"summary_large_image","twitter_misc":{"Written by":"massilia@blackballoon.fr","Est. reading time":"9 minutes"},"schema":{"@context":"https:\/\/schema.org","@graph":[{"@type":"WebPage","@id":"https:\/\/abacapress.com\/press\/droits-voisins-et-agences-de-presse\/","url":"https:\/\/abacapress.com\/press\/droits-voisins-et-agences-de-presse\/","name":"Droits voisins et agences de presse - Abaca Press","isPartOf":{"@id":"https:\/\/abacapress.com\/press\/#website"},"primaryImageOfPage":{"@id":"https:\/\/abacapress.com\/press\/droits-voisins-et-agences-de-presse\/#primaryimage"},"image":{"@id":"https:\/\/abacapress.com\/press\/droits-voisins-et-agences-de-presse\/#primaryimage"},"thumbnailUrl":"https:\/\/abacapress.com\/press\/wp-content\/uploads\/2022\/07\/tingey-injury-law-firm-DZpc4UY8ZtY-unsplash.jpg","datePublished":"2022-07-29T15:34:15+00:00","dateModified":"2022-10-19T11:33:33+00:00","author":{"@id":"https:\/\/abacapress.com\/press\/#\/schema\/person\/ef5caf3759d29fd063d9319cdd8454e3"},"breadcrumb":{"@id":"https:\/\/abacapress.com\/press\/droits-voisins-et-agences-de-presse\/#breadcrumb"},"inLanguage":"en-US","potentialAction":[{"@type":"ReadAction","target":["https:\/\/abacapress.com\/press\/droits-voisins-et-agences-de-presse\/"]}]},{"@type":"ImageObject","inLanguage":"en-US","@id":"https:\/\/abacapress.com\/press\/droits-voisins-et-agences-de-presse\/#primaryimage","url":"https:\/\/abacapress.com\/press\/wp-content\/uploads\/2022\/07\/tingey-injury-law-firm-DZpc4UY8ZtY-unsplash.jpg","contentUrl":"https:\/\/abacapress.com\/press\/wp-content\/uploads\/2022\/07\/tingey-injury-law-firm-DZpc4UY8ZtY-unsplash.jpg","width":5664,"height":3776},{"@type":"BreadcrumbList","@id":"https:\/\/abacapress.com\/press\/droits-voisins-et-agences-de-presse\/#breadcrumb","itemListElement":[{"@type":"ListItem","position":1,"name":"Accueil","item":"https:\/\/abacapress.com\/press\/"},{"@type":"ListItem","position":2,"name":"Droits voisins et agences de presse"}]},{"@type":"WebSite","@id":"https:\/\/abacapress.com\/press\/#website","url":"https:\/\/abacapress.com\/press\/","name":"Abaca Press","description":"Agence de presse photographique","potentialAction":[{"@type":"SearchAction","target":{"@type":"EntryPoint","urlTemplate":"https:\/\/abacapress.com\/press\/?s={search_term_string}"},"query-input":{"@type":"PropertyValueSpecification","valueRequired":true,"valueName":"search_term_string"}}],"inLanguage":"en-US"},{"@type":"Person","@id":"https:\/\/abacapress.com\/press\/#\/schema\/person\/ef5caf3759d29fd063d9319cdd8454e3","name":"massilia@blackballoon.fr","image":{"@type":"ImageObject","inLanguage":"en-US","@id":"https:\/\/abacapress.com\/press\/#\/schema\/person\/image\/","url":"https:\/\/secure.gravatar.com\/avatar\/d28c2260e2c849a570703330de16598395414f96d83ad518eb48df8ed53881c2?s=96&d=mm&r=g","contentUrl":"https:\/\/secure.gravatar.com\/avatar\/d28c2260e2c849a570703330de16598395414f96d83ad518eb48df8ed53881c2?s=96&d=mm&r=g","caption":"massilia@blackballoon.fr"},"url":"https:\/\/abacapress.com\/press\/author\/massiliablackballoon-fr\/"}]}},"_links":{"self":[{"href":"https:\/\/abacapress.com\/press\/wp-json\/wp\/v2\/posts\/8991","targetHints":{"allow":["GET"]}}],"collection":[{"href":"https:\/\/abacapress.com\/press\/wp-json\/wp\/v2\/posts"}],"about":[{"href":"https:\/\/abacapress.com\/press\/wp-json\/wp\/v2\/types\/post"}],"author":[{"embeddable":true,"href":"https:\/\/abacapress.com\/press\/wp-json\/wp\/v2\/users\/18"}],"replies":[{"embeddable":true,"href":"https:\/\/abacapress.com\/press\/wp-json\/wp\/v2\/comments?post=8991"}],"version-history":[{"count":0,"href":"https:\/\/abacapress.com\/press\/wp-json\/wp\/v2\/posts\/8991\/revisions"}],"wp:featuredmedia":[{"embeddable":true,"href":"https:\/\/abacapress.com\/press\/wp-json\/wp\/v2\/media\/9002"}],"wp:attachment":[{"href":"https:\/\/abacapress.com\/press\/wp-json\/wp\/v2\/media?parent=8991"}],"wp:term":[{"taxonomy":"category","embeddable":true,"href":"https:\/\/abacapress.com\/press\/wp-json\/wp\/v2\/categories?post=8991"},{"taxonomy":"post_tag","embeddable":true,"href":"https:\/\/abacapress.com\/press\/wp-json\/wp\/v2\/tags?post=8991"}],"curies":[{"name":"wp","href":"https:\/\/api.w.org\/{rel}","templated":true}]}}