{"id":9318,"date":"2022-10-03T22:16:13","date_gmt":"2022-10-03T20:16:13","guid":{"rendered":"https:\/\/abacapress.com\/press\/?p=9318"},"modified":"2022-10-19T13:34:42","modified_gmt":"2022-10-19T11:34:42","slug":"contestation-en-iran-en-une-photo-par-agence-abaca-abacapress","status":"publish","type":"post","link":"https:\/\/abacapress.com\/press\/contestation-en-iran-en-une-photo-par-agence-abaca-abacapress\/","title":{"rendered":"La contestation en Iran en une photo, par ABACAPRESS"},"content":{"rendered":"<div class=\"wpb-content-wrapper\">[vc_row][vc_column][vc_column_text]<strong><em>Elle a fait le tour du monde, mais on ne sait pourtant pas grand-chose d\u2019elle&#8230; Elle, c\u2019est cette photo d\u2019une jeune Iranienne, semblant d\u00e9fier tout un r\u00e9gime en brandissant en l\u2019air son voile. Une photo forte, puissante, prise par l\u2019un des correspondants de l\u2019agence ABACAPRESS.<\/em><\/strong>[\/vc_column_text][\/vc_column][\/vc_row][vc_row css=&#8221;.vc_custom_1555495043803{padding-top: 30px !important;}&#8221;][vc_column][vc_column_text]\n<h2 class=\"Corps\" style=\"text-align: center;\"><span style=\"color: #ee220c;\"><strong>Une photo que la presse a choisie comme \u00e9tendard de la r\u00e9volte iranienne<\/strong><\/span><\/h2>\n[\/vc_column_text][vc_empty_space][vc_separator color=&#8221;custom&#8221; border_width=&#8221;5&#8243; el_width=&#8221;20&#8243; accent_color=&#8221;#e31023&#8243;][vc_column_text]<span style=\"font-weight: 400;\">Le 26 septembre, une photo d\u2019une jeune Iranienne, vue de dos, enlevant son voile dans une rue enfum\u00e9e, fait la Une du Figaro. Le titre ? \u201cEn Iran, la r\u00e9volte contre le voile tourne \u00e0 la contestation\u201d&#8230;<\/span><\/p>\n<p><span style=\"font-weight: 400;\">Ce clich\u00e9 pris dans les rues de T\u00e9h\u00e9ran le 22 septembre 2022, est ensuite repris en double page dans le num\u00e9ro de Paris-Match du mercredi 28 septembre, au sein d\u2019un photo-reportage intitul\u00e9 \u201cIran : Les femmes aux avants-postes\u201d.<\/span><\/p>\n<p><span style=\"font-weight: 400;\">Puis, le 29 septembre, Le Point choisit cette photo, prise par un correspondant sur place de l\u2019agence ABACAPRESS, pour faire la Une de son num\u00e9ro sp\u00e9cial anniversaire. Son 50\u00e8me anniversaire\u2026<\/span><\/p>\n<p><span style=\"font-weight: 400;\">Poing gauche lev\u00e9, l\u2019index point\u00e9 vers le ciel\u2026 Dans sa main droite, lev\u00e9e elle aussi, le voile que cette Iranienne vient de retirer de sa t\u00eate et qu\u2019elle souhaite montrer \u00e0 qui veut bien le voir, comme pour prouver \u00e0 tous qu\u2019elle n\u2019en a plus besoin : le clich\u00e9 est puissant, le message de la jeune femme encore plus\u2026<\/span>[\/vc_column_text][vc_empty_space][\/vc_column][\/vc_row][vc_row css=&#8221;.vc_custom_1555495043803{padding-top: 30px !important;}&#8221;][vc_column][vc_column_text]\n<h2 style=\"text-align: center;\"><span style=\"color: #ee220c;\"><strong>La contestation en Iran grandit, la violence des forces de l\u2019ordre aussi\u2026<br \/>\n<\/strong><\/span><\/h2>\n[\/vc_column_text][vc_empty_space][vc_separator color=&#8221;custom&#8221; border_width=&#8221;5&#8243; el_width=&#8221;10&#8243; accent_color=&#8221;#e31023&#8243;][vc_column_text]<span style=\"font-weight: 400;\">Pour rappel, l\u2019Iran est en \u00e9bullition depuis la mort de Mahsa Amini. Cette jeune femme de 22 ans a \u00e9t\u00e9 arr\u00eat\u00e9e par la police des moeurs et enferm\u00e9e le 13 septembre pour un voile mal port\u00e9. Trois jours plus tard, le 16 septembre, elle mourra en prison, dans des conditions restant \u00e0 d\u00e9finir. Il n\u2019en fallait pas plus pour pousser dans la rue un peuple en qu\u00eate de r\u00e9ponses (la version officielle des autorit\u00e9s selon qui Amini serait morte \u00e0 cause de ses ant\u00e9c\u00e9dents m\u00e9dicaux ne convainquant pas) et surtout de libert\u00e9.\u00a0<\/span><\/p>\n<p>&nbsp;<\/p>\n<p><span style=\"font-weight: 400;\">La r\u00e9ponse des forces de l\u2019ordre locales ne se fait pas attendre : dix jours apr\u00e8s le d\u00e9but des manifestations, le bilan est lourd, avec plusieurs dizaines de morts\u2026<\/span>[\/vc_column_text][\/vc_column][\/vc_row][vc_row css=&#8221;.vc_custom_1555495043803{padding-top: 30px !important;}&#8221;][vc_column][vc_column_text]\n<h2 style=\"text-align: center;\"><span style=\"color: #ee220c;\"><strong>ABACAPRESS pr\u00e9sent l\u00e0 o\u00f9 il faut<br \/>\n<\/strong><\/span><\/h2>\n[\/vc_column_text][vc_empty_space][vc_separator color=&#8221;custom&#8221; border_width=&#8221;5&#8243; el_width=&#8221;10&#8243; accent_color=&#8221;#e31023&#8243;][vc_column_text]<span style=\"font-weight: 400;\">Dans ce contexte bouillant, dans un pays o\u00f9 les journalistes internationaux ne sont pas les bienvenus, la photo de cette femme qui retire son voile en guise de contestation, comme si elle se lib\u00e9rait d\u2019un poids qu\u2019elle a d\u00fb porter trop longtemps, au coeur d\u2019une rue enfum\u00e9e, par la r\u00e9volte du peuple peut-\u00eatre, par la riposte arm\u00e9e des militaires iraniens s\u00fbrement, prend encore plus d\u2019ampleur.\u00a0<\/span><\/p>\n<p><span style=\"font-weight: 400;\">Est-ce l\u00e0 une photo historique qui a \u00e9t\u00e9 prise par un correspondant sur place de l\u2019agence ABACAPRESS ? Si l\u2019avenir seul peut lui donner ce statut, le pr\u00e9sent r\u00e9pond d\u00e9j\u00e0 par l\u2019affirmative \u00e0 cette question.<\/span>[\/vc_column_text][\/vc_column][\/vc_row][vc_row full_width=&#8221;stretch_row&#8221; content_placement=&#8221;middle&#8221; parallax=&#8221;content-moving&#8221; css=&#8221;.vc_custom_1622460729414{padding-top: 10px !important;padding-right: 10px !important;padding-bottom: 10px !important;padding-left: 10px !important;background-color: #000000 !important;}&#8221;][vc_column][vc_column_text css=&#8221;.vc_custom_1664826381959{padding-right: 20px !important;}&#8221;]\n<blockquote>\n<p style=\"text-align: center;\"><em>Vous avez envie de discuter avec ABACA ? N\u2019h\u00e9sitez pas \u00e0 nous contacter <a href=\"https:\/\/abacapress.com\/press\/contacter-abaca-press\/\">&gt; ICI<\/a>\u00a0&lt;<\/em><\/p>\n<p style=\"text-align: center;\"><a href=\"https:\/\/abacapress.com\/\"><em><span style=\"color: #ff0000;\">https:\/\/abacapress.com\/<\/span><\/em><\/a><\/p>\n<\/blockquote>\n[\/vc_column_text][\/vc_column][\/vc_row][vc_row][vc_column][vc_empty_space][vc_facebook][\/vc_column][\/vc_row][vc_row][vc_column][vc_column_text]\n[\/vc_column_text][\/vc_column][\/vc_row]\n<\/div>","protected":false},"excerpt":{"rendered":"<p>Elle a fait le tour du monde, mais on ne sait pourtant pas grand-chose d\u2019elle\u2026 Elle, c\u2019est cette photo d\u2019une jeune Iranienne, semblant d\u00e9fier tout un r\u00e9gime en brandissant en l\u2019air son voile. Une photo forte, puissante, prise par l\u2019un des correspondants de l\u2019agence ABACAPRESS.<\/p>\n","protected":false},"author":19,"featured_media":9321,"comment_status":"closed","ping_status":"closed","sticky":false,"template":"","format":"standard","meta":{"footnotes":""},"categories":[39],"tags":[50,51,52],"class_list":["post-9318","post","type-post","status-publish","format-standard","has-post-thumbnail","hentry","category-actualites","tag-actualite","tag-iran","tag-unes"],"yoast_head":"<!-- This site is optimized with the Yoast SEO plugin v25.6 - https:\/\/yoast.com\/wordpress\/plugins\/seo\/ -->\n<title>La contestation en Iran en une photo, par ABACAPRESS - Abaca Press<\/title>\n<meta name=\"robots\" content=\"index, follow, max-snippet:-1, max-image-preview:large, max-video-preview:-1\" \/>\n<link rel=\"canonical\" href=\"https:\/\/abacapress.com\/press\/contestation-en-iran-en-une-photo-par-agence-abaca-abacapress\/\" \/>\n<meta property=\"og:locale\" content=\"en_US\" \/>\n<meta property=\"og:type\" content=\"article\" \/>\n<meta property=\"og:title\" content=\"La contestation en Iran en une photo, par ABACAPRESS\" \/>\n<meta property=\"og:description\" content=\"Elle a fait le tour du monde, mais on ne sait pourtant pas grand-chose d\u2019elle\u2026 Elle, c\u2019est cette photo d\u2019une jeune Iranienne, semblant d\u00e9fier tout un r\u00e9gime en brandissant en l\u2019air son voile. Une photo forte, puissante, prise par l\u2019un des correspondants de l\u2019agence ABACAPRESS.\" \/>\n<meta property=\"og:url\" content=\"https:\/\/abacapress.com\/press\/contestation-en-iran-en-une-photo-par-agence-abaca-abacapress\/\" \/>\n<meta property=\"og:site_name\" content=\"Abaca Press\" \/>\n<meta property=\"article:published_time\" content=\"2022-10-03T20:16:13+00:00\" \/>\n<meta property=\"article:modified_time\" content=\"2022-10-19T11:34:42+00:00\" \/>\n<meta property=\"og:image\" content=\"https:\/\/abacapress.com\/press\/wp-content\/uploads\/2022\/10\/fullsdABACA_825807_012.jpg\" \/>\n\t<meta property=\"og:image:width\" content=\"1920\" \/>\n\t<meta property=\"og:image:height\" content=\"1407\" \/>\n\t<meta property=\"og:image:type\" content=\"image\/jpeg\" \/>\n<meta name=\"author\" content=\"Martin Tran\" \/>\n<meta name=\"twitter:card\" content=\"summary_large_image\" \/>\n<meta name=\"twitter:label1\" content=\"Written by\" \/>\n\t<meta name=\"twitter:data1\" content=\"Martin Tran\" \/>\n\t<meta name=\"twitter:label2\" content=\"Est. reading time\" \/>\n\t<meta name=\"twitter:data2\" content=\"4 minutes\" \/>\n<script type=\"application\/ld+json\" class=\"yoast-schema-graph\">{\"@context\":\"https:\/\/schema.org\",\"@graph\":[{\"@type\":\"WebPage\",\"@id\":\"https:\/\/abacapress.com\/press\/contestation-en-iran-en-une-photo-par-agence-abaca-abacapress\/\",\"url\":\"https:\/\/abacapress.com\/press\/contestation-en-iran-en-une-photo-par-agence-abaca-abacapress\/\",\"name\":\"La contestation en Iran en une photo, par ABACAPRESS - Abaca Press\",\"isPartOf\":{\"@id\":\"https:\/\/abacapress.com\/press\/#website\"},\"primaryImageOfPage\":{\"@id\":\"https:\/\/abacapress.com\/press\/contestation-en-iran-en-une-photo-par-agence-abaca-abacapress\/#primaryimage\"},\"image\":{\"@id\":\"https:\/\/abacapress.com\/press\/contestation-en-iran-en-une-photo-par-agence-abaca-abacapress\/#primaryimage\"},\"thumbnailUrl\":\"https:\/\/abacapress.com\/press\/wp-content\/uploads\/2022\/10\/fullsdABACA_825807_012.jpg\",\"datePublished\":\"2022-10-03T20:16:13+00:00\",\"dateModified\":\"2022-10-19T11:34:42+00:00\",\"author\":{\"@id\":\"https:\/\/abacapress.com\/press\/#\/schema\/person\/1e38b8a4144b157b796291bd1085bc23\"},\"breadcrumb\":{\"@id\":\"https:\/\/abacapress.com\/press\/contestation-en-iran-en-une-photo-par-agence-abaca-abacapress\/#breadcrumb\"},\"inLanguage\":\"en-US\",\"potentialAction\":[{\"@type\":\"ReadAction\",\"target\":[\"https:\/\/abacapress.com\/press\/contestation-en-iran-en-une-photo-par-agence-abaca-abacapress\/\"]}]},{\"@type\":\"ImageObject\",\"inLanguage\":\"en-US\",\"@id\":\"https:\/\/abacapress.com\/press\/contestation-en-iran-en-une-photo-par-agence-abaca-abacapress\/#primaryimage\",\"url\":\"https:\/\/abacapress.com\/press\/wp-content\/uploads\/2022\/10\/fullsdABACA_825807_012.jpg\",\"contentUrl\":\"https:\/\/abacapress.com\/press\/wp-content\/uploads\/2022\/10\/fullsdABACA_825807_012.jpg\",\"width\":1920,\"height\":1407,\"caption\":\"Iranian demonstrators clash with police durning protest for Mahsa Amini Tehran, Iran on September 22, 2022. Photo by SalamPix\/ABACAPRESS.COM\"},{\"@type\":\"BreadcrumbList\",\"@id\":\"https:\/\/abacapress.com\/press\/contestation-en-iran-en-une-photo-par-agence-abaca-abacapress\/#breadcrumb\",\"itemListElement\":[{\"@type\":\"ListItem\",\"position\":1,\"name\":\"Accueil\",\"item\":\"https:\/\/abacapress.com\/press\/\"},{\"@type\":\"ListItem\",\"position\":2,\"name\":\"La contestation en Iran en une photo, par ABACAPRESS\"}]},{\"@type\":\"WebSite\",\"@id\":\"https:\/\/abacapress.com\/press\/#website\",\"url\":\"https:\/\/abacapress.com\/press\/\",\"name\":\"Abaca Press\",\"description\":\"Agence de presse photographique\",\"potentialAction\":[{\"@type\":\"SearchAction\",\"target\":{\"@type\":\"EntryPoint\",\"urlTemplate\":\"https:\/\/abacapress.com\/press\/?s={search_term_string}\"},\"query-input\":{\"@type\":\"PropertyValueSpecification\",\"valueRequired\":true,\"valueName\":\"search_term_string\"}}],\"inLanguage\":\"en-US\"},{\"@type\":\"Person\",\"@id\":\"https:\/\/abacapress.com\/press\/#\/schema\/person\/1e38b8a4144b157b796291bd1085bc23\",\"name\":\"Martin Tran\",\"image\":{\"@type\":\"ImageObject\",\"inLanguage\":\"en-US\",\"@id\":\"https:\/\/abacapress.com\/press\/#\/schema\/person\/image\/\",\"url\":\"https:\/\/secure.gravatar.com\/avatar\/f965c1e4288ec3486b12e79e2d73ff8df93228abe969349ab51f939bda1590dc?s=96&d=mm&r=g\",\"contentUrl\":\"https:\/\/secure.gravatar.com\/avatar\/f965c1e4288ec3486b12e79e2d73ff8df93228abe969349ab51f939bda1590dc?s=96&d=mm&r=g\",\"caption\":\"Martin Tran\"},\"url\":\"https:\/\/abacapress.com\/press\/author\/martin-tranyahoo-fr\/\"}]}<\/script>\n<!-- \/ Yoast SEO plugin. -->","yoast_head_json":{"title":"La contestation en Iran en une photo, par ABACAPRESS - Abaca Press","robots":{"index":"index","follow":"follow","max-snippet":"max-snippet:-1","max-image-preview":"max-image-preview:large","max-video-preview":"max-video-preview:-1"},"canonical":"https:\/\/abacapress.com\/press\/contestation-en-iran-en-une-photo-par-agence-abaca-abacapress\/","og_locale":"en_US","og_type":"article","og_title":"La contestation en Iran en une photo, par ABACAPRESS","og_description":"Elle a fait le tour du monde, mais on ne sait pourtant pas grand-chose d\u2019elle\u2026 Elle, c\u2019est cette photo d\u2019une jeune Iranienne, semblant d\u00e9fier tout un r\u00e9gime en brandissant en l\u2019air son voile. Une photo forte, puissante, prise par l\u2019un des correspondants de l\u2019agence ABACAPRESS.","og_url":"https:\/\/abacapress.com\/press\/contestation-en-iran-en-une-photo-par-agence-abaca-abacapress\/","og_site_name":"Abaca Press","article_published_time":"2022-10-03T20:16:13+00:00","article_modified_time":"2022-10-19T11:34:42+00:00","og_image":[{"width":1920,"height":1407,"url":"https:\/\/abacapress.com\/press\/wp-content\/uploads\/2022\/10\/fullsdABACA_825807_012.jpg","type":"image\/jpeg"}],"author":"Martin Tran","twitter_card":"summary_large_image","twitter_misc":{"Written by":"Martin Tran","Est. reading time":"4 minutes"},"schema":{"@context":"https:\/\/schema.org","@graph":[{"@type":"WebPage","@id":"https:\/\/abacapress.com\/press\/contestation-en-iran-en-une-photo-par-agence-abaca-abacapress\/","url":"https:\/\/abacapress.com\/press\/contestation-en-iran-en-une-photo-par-agence-abaca-abacapress\/","name":"La contestation en Iran en une photo, par ABACAPRESS - Abaca Press","isPartOf":{"@id":"https:\/\/abacapress.com\/press\/#website"},"primaryImageOfPage":{"@id":"https:\/\/abacapress.com\/press\/contestation-en-iran-en-une-photo-par-agence-abaca-abacapress\/#primaryimage"},"image":{"@id":"https:\/\/abacapress.com\/press\/contestation-en-iran-en-une-photo-par-agence-abaca-abacapress\/#primaryimage"},"thumbnailUrl":"https:\/\/abacapress.com\/press\/wp-content\/uploads\/2022\/10\/fullsdABACA_825807_012.jpg","datePublished":"2022-10-03T20:16:13+00:00","dateModified":"2022-10-19T11:34:42+00:00","author":{"@id":"https:\/\/abacapress.com\/press\/#\/schema\/person\/1e38b8a4144b157b796291bd1085bc23"},"breadcrumb":{"@id":"https:\/\/abacapress.com\/press\/contestation-en-iran-en-une-photo-par-agence-abaca-abacapress\/#breadcrumb"},"inLanguage":"en-US","potentialAction":[{"@type":"ReadAction","target":["https:\/\/abacapress.com\/press\/contestation-en-iran-en-une-photo-par-agence-abaca-abacapress\/"]}]},{"@type":"ImageObject","inLanguage":"en-US","@id":"https:\/\/abacapress.com\/press\/contestation-en-iran-en-une-photo-par-agence-abaca-abacapress\/#primaryimage","url":"https:\/\/abacapress.com\/press\/wp-content\/uploads\/2022\/10\/fullsdABACA_825807_012.jpg","contentUrl":"https:\/\/abacapress.com\/press\/wp-content\/uploads\/2022\/10\/fullsdABACA_825807_012.jpg","width":1920,"height":1407,"caption":"Iranian demonstrators clash with police durning protest for Mahsa Amini Tehran, Iran on September 22, 2022. Photo by SalamPix\/ABACAPRESS.COM"},{"@type":"BreadcrumbList","@id":"https:\/\/abacapress.com\/press\/contestation-en-iran-en-une-photo-par-agence-abaca-abacapress\/#breadcrumb","itemListElement":[{"@type":"ListItem","position":1,"name":"Accueil","item":"https:\/\/abacapress.com\/press\/"},{"@type":"ListItem","position":2,"name":"La contestation en Iran en une photo, par ABACAPRESS"}]},{"@type":"WebSite","@id":"https:\/\/abacapress.com\/press\/#website","url":"https:\/\/abacapress.com\/press\/","name":"Abaca Press","description":"Agence de presse photographique","potentialAction":[{"@type":"SearchAction","target":{"@type":"EntryPoint","urlTemplate":"https:\/\/abacapress.com\/press\/?s={search_term_string}"},"query-input":{"@type":"PropertyValueSpecification","valueRequired":true,"valueName":"search_term_string"}}],"inLanguage":"en-US"},{"@type":"Person","@id":"https:\/\/abacapress.com\/press\/#\/schema\/person\/1e38b8a4144b157b796291bd1085bc23","name":"Martin Tran","image":{"@type":"ImageObject","inLanguage":"en-US","@id":"https:\/\/abacapress.com\/press\/#\/schema\/person\/image\/","url":"https:\/\/secure.gravatar.com\/avatar\/f965c1e4288ec3486b12e79e2d73ff8df93228abe969349ab51f939bda1590dc?s=96&d=mm&r=g","contentUrl":"https:\/\/secure.gravatar.com\/avatar\/f965c1e4288ec3486b12e79e2d73ff8df93228abe969349ab51f939bda1590dc?s=96&d=mm&r=g","caption":"Martin Tran"},"url":"https:\/\/abacapress.com\/press\/author\/martin-tranyahoo-fr\/"}]}},"_links":{"self":[{"href":"https:\/\/abacapress.com\/press\/wp-json\/wp\/v2\/posts\/9318","targetHints":{"allow":["GET"]}}],"collection":[{"href":"https:\/\/abacapress.com\/press\/wp-json\/wp\/v2\/posts"}],"about":[{"href":"https:\/\/abacapress.com\/press\/wp-json\/wp\/v2\/types\/post"}],"author":[{"embeddable":true,"href":"https:\/\/abacapress.com\/press\/wp-json\/wp\/v2\/users\/19"}],"replies":[{"embeddable":true,"href":"https:\/\/abacapress.com\/press\/wp-json\/wp\/v2\/comments?post=9318"}],"version-history":[{"count":0,"href":"https:\/\/abacapress.com\/press\/wp-json\/wp\/v2\/posts\/9318\/revisions"}],"wp:featuredmedia":[{"embeddable":true,"href":"https:\/\/abacapress.com\/press\/wp-json\/wp\/v2\/media\/9321"}],"wp:attachment":[{"href":"https:\/\/abacapress.com\/press\/wp-json\/wp\/v2\/media?parent=9318"}],"wp:term":[{"taxonomy":"category","embeddable":true,"href":"https:\/\/abacapress.com\/press\/wp-json\/wp\/v2\/categories?post=9318"},{"taxonomy":"post_tag","embeddable":true,"href":"https:\/\/abacapress.com\/press\/wp-json\/wp\/v2\/tags?post=9318"}],"curies":[{"name":"wp","href":"https:\/\/api.w.org\/{rel}","templated":true}]}}