{"id":9422,"date":"2022-10-19T11:42:28","date_gmt":"2022-10-19T09:42:28","guid":{"rendered":"https:\/\/abacapress.com\/press\/?p=9422"},"modified":"2022-10-19T12:18:07","modified_gmt":"2022-10-19T10:18:07","slug":"ballon-or-2022-retour-photos-sur-saison-en-or-karim-benzema","status":"publish","type":"post","link":"https:\/\/abacapress.com\/press\/ballon-or-2022-retour-photos-sur-saison-en-or-karim-benzema\/","title":{"rendered":"Karim Benzema \u00e9lu BALLON D\u2019OR 2022 &#8211; Revivez sa saison en or en 5 photos"},"content":{"rendered":"<div class=\"wpb-content-wrapper\">[vc_row][vc_column][vc_column_text]<em><strong>\u00c9lu Ballon d\u2019Or 2022, Karim Benzema est devenu lundi soir le 5\u00e8me joueur fran\u00e7ais \u00e0 recevoir le Graal footballistique individuel, apr\u00e8s Raymond Kopa, Michel Platini (3 fois), Jean-Pierre Papin et Zin\u00e9dine Zidane. Retour en photos sur la saison 2021\/22 exceptionnelle de monsieur Karim Benzema.<\/strong><\/em>[\/vc_column_text][vc_empty_space][vc_single_image image=&#8221;9445&#8243; img_size=&#8221;full&#8221; alignment=&#8221;center&#8221;][\/vc_column][\/vc_row][vc_row css=&#8221;.vc_custom_1555495043803{padding-top: 30px !important;}&#8221;][vc_column][vc_separator color=&#8221;custom&#8221; border_width=&#8221;5&#8243; el_width=&#8221;20&#8243; accent_color=&#8221;#e31023&#8243;][vc_empty_space][vc_column_text]<span style=\"font-weight: 400;\">ENFIN ! Apr\u00e8s 24 ans d\u2019attente, Zin\u00e9dine Zidane, laur\u00e9at en 1998, a enfin un successeur fran\u00e7ais au palmar\u00e8s du Ballon d\u2019Or\u2026 et ce successeur n\u2019est autre que Karim Benzema, auteur d\u2019<a href=\"http:\/\/178.33.110.208\/abaca_press\/bagheera\/diffusion\/htmlDiff.php?kc=u-_WjWMOi5uJcTjUyZ4WHzfb1_zEkvQHVO2vn6NMe3CxQXlMPJSFlI7cOZfFdJ9LGz7GvICn7DzJieAj1uoKQiEq6hHj7KuRIktOzaPplLG6Jqp6\">une saison 2021\/22 XXL<\/a> avec son club du Real Madrid. A cette occasion, ABACA vous propose de revivre en images les grands moments de la saison de l\u2019attaquant des Bleus.<\/span>[\/vc_column_text][vc_empty_space][\/vc_column][\/vc_row][vc_row css=&#8221;.vc_custom_1555495043803{padding-top: 30px !important;}&#8221;][vc_column][vc_column_text]\n<h2 class=\"Corps\" style=\"text-align: center;\"><span style=\"color: #ee220c;\"><strong>1 &#8211; Octobre 2021 : Karim Benzema gagne son 1er troph\u00e9e avec les Bleus<\/strong><\/span><\/h2>\n[\/vc_column_text][vc_empty_space][vc_separator color=&#8221;custom&#8221; border_width=&#8221;5&#8243; el_width=&#8221;20&#8243; accent_color=&#8221;#e31023&#8243;][vc_column_text]<span style=\"font-weight: 400;\">Quelque quatorze ann\u00e9es apr\u00e8s sa premi\u00e8re s\u00e9lection internationale, apr\u00e8s une mise \u00e0 l\u2019\u00e9cart longue de cinq ann\u00e9es, Karim Benzema remporte finalement en 2021 son premier troph\u00e9e avec l\u2019\u00e9quipe de France. <\/span><\/p>\n<p><span style=\"font-weight: 400;\">Face \u00e0 l\u2019Espagne en finale de la Ligue des Nations, il signe un but venu d\u2019ailleurs pour \u00e9galiser avant de voir Kylian Mbapp\u00e9 offrir la victoire aux Bleus. #Cocorico<\/span>[\/vc_column_text][vc_single_image image=&#8221;9451&#8243; img_size=&#8221;full&#8221; alignment=&#8221;center&#8221;][vc_empty_space][\/vc_column][\/vc_row][vc_row css=&#8221;.vc_custom_1555495043803{padding-top: 30px !important;}&#8221;][vc_column][vc_column_text]\n<h2 style=\"text-align: center;\"><span style=\"color: #ee220c;\"><strong>2 &#8211; Mars 2022 (1\/2) : Benzema \u00e9limine presque tout seul le PSG<br \/>\n<\/strong><\/span><\/h2>\n[\/vc_column_text][vc_empty_space][vc_separator color=&#8221;custom&#8221; border_width=&#8221;5&#8243; el_width=&#8221;10&#8243; accent_color=&#8221;#e31023&#8243;][vc_column_text]<span style=\"font-weight: 400;\">Nous jouons un 8\u00e8me de finale retour de la Champions League 2021\/22, le Real Madrid accueille le PSG et doit l\u2019emporter par deux buts d\u2019\u00e9cart pour se qualifier. <\/span><\/p>\n<p><span style=\"font-weight: 400;\">Men\u00e9s au score \u00e0 la 39\u00e8me minute de jeu, les Madril\u00e8nes n\u2019y arrivent pas. C\u2019est alors que KB9 surgit : en moins de 20 minutes, Benzema claque un tripl\u00e9 et envoie les siens vers les quarts de finale. #Remontada<\/span>[\/vc_column_text][vc_single_image image=&#8221;9435&#8243; img_size=&#8221;full&#8221; alignment=&#8221;center&#8221;][\/vc_column][\/vc_row][vc_row css=&#8221;.vc_custom_1555495043803{padding-top: 30px !important;}&#8221;][vc_column][vc_column_text]\n<h2 style=\"text-align: center;\"><span style=\"color: #ee220c;\"><strong>3 &#8211; Mars 2022 (2\/2) &#8211; Benzema devient le meilleur buteur fran\u00e7ais de l\u2019histoire<br \/>\n<\/strong><\/span><\/h2>\n[\/vc_column_text][vc_empty_space][vc_separator color=&#8221;custom&#8221; border_width=&#8221;5&#8243; el_width=&#8221;10&#8243; accent_color=&#8221;#e31023&#8243;][vc_column_text]<span style=\"font-weight: 400;\">A peine cinq jours apr\u00e8s son exploit face au Paris Saint-Germain, Benzema entre encore un peu plus dans l\u2019histoire du football fran\u00e7ais en inscrivant son 412\u00e8me et 413\u00e8me but en professionnel. <\/span><\/p>\n<p><span style=\"font-weight: 400;\">Ce total lui permet de devenir le meilleur buteur fran\u00e7ais de l\u2019histoire, d\u00e9passant les 411 buts inscrits par Thierry Henry. #FrenchGOAT<\/span>[\/vc_column_text][vc_single_image image=&#8221;9433&#8243; img_size=&#8221;full&#8221; alignment=&#8221;center&#8221;][\/vc_column][\/vc_row][vc_row css=&#8221;.vc_custom_1555495043803{padding-top: 30px !important;}&#8221;][vc_column][vc_column_text]\n<h2 style=\"text-align: center;\"><span style=\"color: #ee220c;\"><strong>4 &#8211; Mai 2022 &#8211; Benzema remporte sa 5\u00e8me Champions League<\/strong><\/span><\/h2>\n[\/vc_column_text][vc_empty_space][vc_separator color=&#8221;custom&#8221; border_width=&#8221;5&#8243; el_width=&#8221;10&#8243; accent_color=&#8221;#e31023&#8243;][vc_column_text]<span style=\"font-weight: 400;\">Et de cinq ! Apr\u00e8s les \u00e9ditions 2014, 2016, 2017 et 2018, Karim Benzema ajoute une nouvelle Champions League \u00e0 son palmar\u00e8s, une Champions League qu\u2019il aura survol\u00e9e avec 15 buts inscrits sur la comp\u00e9tition (record de Cristiano Ronaldo \u00e9gal\u00e9)&#8230; et surtout une Champions League qui place l\u2019ancien Lyonnais en position id\u00e9ale pour le troph\u00e9e du Ballon d\u2019Or ! #Manita<\/span>[\/vc_column_text][vc_single_image image=&#8221;9441&#8243; img_size=&#8221;full&#8221; alignment=&#8221;center&#8221;][vc_single_image image=&#8221;9439&#8243; img_size=&#8221;full&#8221; alignment=&#8221;center&#8221;][\/vc_column][\/vc_row][vc_row css=&#8221;.vc_custom_1555495043803{padding-top: 30px !important;}&#8221;][vc_column][vc_column_text]\n<h2 style=\"text-align: center;\"><span style=\"color: #ee220c;\"><strong>5 &#8211; Octobre 2022 : Karim Benzema est \u00e9lu Ballon d\u2019Or 2022<\/strong><\/span><\/h2>\n[\/vc_column_text][vc_empty_space][vc_separator color=&#8221;custom&#8221; border_width=&#8221;5&#8243; el_width=&#8221;10&#8243; accent_color=&#8221;#e31023&#8243;][vc_column_text]<span style=\"font-weight: 400;\">Sans surprise (et c\u2019est une performance au regard du niveau des autres nomm\u00e9s), le buteur du Real Madrid et des Bleus Karim Benzema remporte le Ballon d\u2019Or 2022, devan\u00e7ant l&#8217;attaquant s\u00e9n\u00e9galais du Liverpool FC Sadio Man\u00e9 et le milieu de terrain belge de Manchester City Kevin De Bruyne, gr\u00e2ce \u00e0 une saison monumentale tant sur le plan individuel que collectif. <\/span><\/p>\n<p><span style=\"font-weight: 400;\">Benzema devient \u00e0 cette occasion le 5\u00e8me joueur fran\u00e7ais \u00e0 gagner ce troph\u00e9e de prestige, apr\u00e8s Raymond Kopa en 1958, Michel Platini en 1983, 1984 et 1985, Jean-Pierre Papin en 1991 et Zin\u00e9dine Zidane en 1998. #MVP <\/span>[\/vc_column_text][vc_single_image image=&#8221;9447&#8243; img_size=&#8221;full&#8221; alignment=&#8221;center&#8221;][\/vc_column][\/vc_row][vc_row css=&#8221;.vc_custom_1555495043803{padding-top: 30px !important;}&#8221;][vc_column][vc_column_text]\n<h2 style=\"text-align: center;\"><span style=\"color: #ee220c;\"><strong>ABACA va continuer \u00e0 suivre Benzema et les Bleus au Qatar<\/strong><\/span><\/h2>\n[\/vc_column_text][vc_empty_space][vc_separator color=&#8221;custom&#8221; border_width=&#8221;5&#8243; el_width=&#8221;10&#8243; accent_color=&#8221;#e31023&#8243;][vc_column_text]<span style=\"font-weight: 400;\">Depuis son recrutement en 2009, le Real Madrid profite \u00e0 plein du talent de KB9 pour encha\u00eener les victoires, en Liga comme en Champions League\u2026 Et si c\u2019\u00e9tait d\u00e9sormais au tour des Bleus de b\u00e9n\u00e9ficier de sa pr\u00e9sence ?\u00a0<\/span><\/p>\n<p><span style=\"font-weight: 400;\">Car vous n\u2019ignorez pas que l\u2019\u00e9quipe de France disputera, \u00e0 partir du 20 novembre prochain, la Coupe du Monde de football 2022 organis\u00e9e au Qatar, une comp\u00e9tition qu\u2019ABACA suivra de pr\u00e8s gr\u00e2ce \u00e0 la pr\u00e9sence sur place de trois photographes (David Nivi\u00e8re, Laurent Zabulon et Ammar Abd Rabbo).<\/span><\/p>\n<p><span style=\"font-weight: 400;\">Et avec un Ballon d\u2019Or dans ses rangs, nul doute que la bande \u00e0 Didier Deschamps voudra ramener (encore) la Coupe \u00e0 la maison !\u00a0<\/span>[\/vc_column_text][vc_single_image image=&#8221;9455&#8243; img_size=&#8221;full&#8221; alignment=&#8221;center&#8221;][\/vc_column][\/vc_row][vc_row full_width=&#8221;stretch_row&#8221; content_placement=&#8221;middle&#8221; parallax=&#8221;content-moving&#8221; css=&#8221;.vc_custom_1622460729414{padding-top: 10px !important;padding-right: 10px !important;padding-bottom: 10px !important;padding-left: 10px !important;background-color: #000000 !important;}&#8221;][vc_column][vc_column_text css=&#8221;.vc_custom_1666172064270{padding-right: 20px !important;}&#8221;]\n<blockquote>\n<p style=\"text-align: center;\"><em>Vous avez envie de discuter avec ABACA ? N\u2019h\u00e9sitez pas \u00e0 nous contacter <a href=\"https:\/\/abacapress.com\/press\/contacter-abaca-press\/\">&gt; ICI<\/a>\u00a0&lt;<\/em><\/p>\n<p style=\"text-align: center;\"><a href=\"https:\/\/abacapress.com\/\"><em><span style=\"color: #ffffff;\">https:\/\/abacapress.com\/<\/span><\/em><\/a><\/p>\n<\/blockquote>\n[\/vc_column_text][\/vc_column][\/vc_row][vc_row][vc_column][vc_empty_space][vc_facebook][\/vc_column][\/vc_row][vc_row][vc_column][vc_column_text]\n[\/vc_column_text][\/vc_column][\/vc_row]\n<\/div>","protected":false},"excerpt":{"rendered":"<p>Lundi, Karim Benzema a \u00e9t\u00e9 \u00e9lu Ballon d\u2019Or 2022 : ABACA vous fait revivre en images les grands moments de la saison XXL du buteur fran\u00e7ais du Real Madrid.<\/p>\n","protected":false},"author":19,"featured_media":9445,"comment_status":"closed","ping_status":"closed","sticky":false,"template":"","format":"standard","meta":{"footnotes":""},"categories":[39],"tags":[50,54,56,55,53],"class_list":["post-9422","post","type-post","status-publish","format-standard","has-post-thumbnail","hentry","category-actualites","tag-actualite","tag-ballon-dor","tag-football","tag-karim-benzema","tag-sport"],"yoast_head":"<!-- This site is optimized with the Yoast SEO plugin v25.6 - https:\/\/yoast.com\/wordpress\/plugins\/seo\/ -->\n<title>Karim Benzema \u00e9lu BALLON D\u2019OR 2022 - Revivez sa saison en or en 5 photos - Abaca Press<\/title>\n<meta name=\"description\" content=\"Lundi, Karim Benzema a \u00e9t\u00e9 \u00e9lu Ballon d\u2019Or 2022 : ABACA vous fait revivre en images les grands moments de la saison XXL du buteur fran\u00e7ais du Real Madrid.\" \/>\n<meta name=\"robots\" content=\"index, follow, max-snippet:-1, max-image-preview:large, max-video-preview:-1\" \/>\n<link rel=\"canonical\" href=\"https:\/\/abacapress.com\/press\/ballon-or-2022-retour-photos-sur-saison-en-or-karim-benzema\/\" \/>\n<meta property=\"og:locale\" content=\"en_US\" \/>\n<meta property=\"og:type\" content=\"article\" \/>\n<meta property=\"og:title\" content=\"BALLON D\u2019OR 2022 - Karim Benzema, une saison en or en 5 photos\" \/>\n<meta property=\"og:description\" content=\"Lundi, Karim Benzema a \u00e9t\u00e9 \u00e9lu Ballon d\u2019Or 2022 : ABACA vous fait revivre en images les grands moments de la saison XXL du buteur fran\u00e7ais du Real Madrid.\" \/>\n<meta property=\"og:url\" content=\"https:\/\/abacapress.com\/press\/ballon-or-2022-retour-photos-sur-saison-en-or-karim-benzema\/\" \/>\n<meta property=\"og:site_name\" content=\"Abaca Press\" \/>\n<meta property=\"article:published_time\" content=\"2022-10-19T09:42:28+00:00\" \/>\n<meta property=\"article:modified_time\" content=\"2022-10-19T10:18:07+00:00\" \/>\n<meta property=\"og:image\" content=\"https:\/\/abacapress.com\/press\/wp-content\/uploads\/2022\/10\/ABACA_828667_004-1-1024x709.jpg\" \/>\n\t<meta property=\"og:image:width\" content=\"1024\" \/>\n\t<meta property=\"og:image:height\" content=\"709\" \/>\n\t<meta property=\"og:image:type\" content=\"image\/jpeg\" \/>\n<meta name=\"author\" content=\"Martin Tran\" \/>\n<meta name=\"twitter:card\" content=\"summary_large_image\" \/>\n<meta name=\"twitter:title\" content=\"BALLON D\u2019OR 2022 - Karim Benzema, une saison en or en 5 photos\" \/>\n<meta name=\"twitter:description\" content=\"Lundi, Karim Benzema a \u00e9t\u00e9 \u00e9lu Ballon d\u2019Or 2022 : ABACA vous fait revivre en images les grands moments de la saison XXL du buteur fran\u00e7ais du Real Madrid.\" \/>\n<meta name=\"twitter:image\" content=\"https:\/\/abacapress.com\/press\/wp-content\/uploads\/2022\/10\/ABACA_828667_004-1.jpg\" \/>\n<meta name=\"twitter:label1\" content=\"Written by\" \/>\n\t<meta name=\"twitter:data1\" content=\"Martin Tran\" \/>\n\t<meta name=\"twitter:label2\" content=\"Est. reading time\" \/>\n\t<meta name=\"twitter:data2\" content=\"6 minutes\" \/>\n<script type=\"application\/ld+json\" class=\"yoast-schema-graph\">{\"@context\":\"https:\/\/schema.org\",\"@graph\":[{\"@type\":\"WebPage\",\"@id\":\"https:\/\/abacapress.com\/press\/ballon-or-2022-retour-photos-sur-saison-en-or-karim-benzema\/\",\"url\":\"https:\/\/abacapress.com\/press\/ballon-or-2022-retour-photos-sur-saison-en-or-karim-benzema\/\",\"name\":\"Karim Benzema \u00e9lu BALLON D\u2019OR 2022 - Revivez sa saison en or en 5 photos - Abaca Press\",\"isPartOf\":{\"@id\":\"https:\/\/abacapress.com\/press\/#website\"},\"primaryImageOfPage\":{\"@id\":\"https:\/\/abacapress.com\/press\/ballon-or-2022-retour-photos-sur-saison-en-or-karim-benzema\/#primaryimage\"},\"image\":{\"@id\":\"https:\/\/abacapress.com\/press\/ballon-or-2022-retour-photos-sur-saison-en-or-karim-benzema\/#primaryimage\"},\"thumbnailUrl\":\"https:\/\/abacapress.com\/press\/wp-content\/uploads\/2022\/10\/ABACA_828667_004-1.jpg\",\"datePublished\":\"2022-10-19T09:42:28+00:00\",\"dateModified\":\"2022-10-19T10:18:07+00:00\",\"author\":{\"@id\":\"https:\/\/abacapress.com\/press\/#\/schema\/person\/1e38b8a4144b157b796291bd1085bc23\"},\"description\":\"Lundi, Karim Benzema a \u00e9t\u00e9 \u00e9lu Ballon d\u2019Or 2022 : ABACA vous fait revivre en images les grands moments de la saison XXL du buteur fran\u00e7ais du Real Madrid.\",\"breadcrumb\":{\"@id\":\"https:\/\/abacapress.com\/press\/ballon-or-2022-retour-photos-sur-saison-en-or-karim-benzema\/#breadcrumb\"},\"inLanguage\":\"en-US\",\"potentialAction\":[{\"@type\":\"ReadAction\",\"target\":[\"https:\/\/abacapress.com\/press\/ballon-or-2022-retour-photos-sur-saison-en-or-karim-benzema\/\"]}]},{\"@type\":\"ImageObject\",\"inLanguage\":\"en-US\",\"@id\":\"https:\/\/abacapress.com\/press\/ballon-or-2022-retour-photos-sur-saison-en-or-karim-benzema\/#primaryimage\",\"url\":\"https:\/\/abacapress.com\/press\/wp-content\/uploads\/2022\/10\/ABACA_828667_004-1.jpg\",\"contentUrl\":\"https:\/\/abacapress.com\/press\/wp-content\/uploads\/2022\/10\/ABACA_828667_004-1.jpg\",\"width\":6140,\"height\":4254,\"caption\":\"Real Madrid's French forward Karim Benzema speaks after receiving the men's Ballon d'Or Trophy during the 2022 Ballon d'Or France Football award ceremony at the Theatre du Chatelet in Paris, France, October 17, 2022. Photo by Gao Jing\/Xinhua\/ABACAPRESS.COM | 828667_004 Paris France\"},{\"@type\":\"BreadcrumbList\",\"@id\":\"https:\/\/abacapress.com\/press\/ballon-or-2022-retour-photos-sur-saison-en-or-karim-benzema\/#breadcrumb\",\"itemListElement\":[{\"@type\":\"ListItem\",\"position\":1,\"name\":\"Accueil\",\"item\":\"https:\/\/abacapress.com\/press\/\"},{\"@type\":\"ListItem\",\"position\":2,\"name\":\"Karim Benzema \u00e9lu BALLON D\u2019OR 2022 &#8211; Revivez sa saison en or en 5 photos\"}]},{\"@type\":\"WebSite\",\"@id\":\"https:\/\/abacapress.com\/press\/#website\",\"url\":\"https:\/\/abacapress.com\/press\/\",\"name\":\"Abaca Press\",\"description\":\"Agence de presse photographique\",\"potentialAction\":[{\"@type\":\"SearchAction\",\"target\":{\"@type\":\"EntryPoint\",\"urlTemplate\":\"https:\/\/abacapress.com\/press\/?s={search_term_string}\"},\"query-input\":{\"@type\":\"PropertyValueSpecification\",\"valueRequired\":true,\"valueName\":\"search_term_string\"}}],\"inLanguage\":\"en-US\"},{\"@type\":\"Person\",\"@id\":\"https:\/\/abacapress.com\/press\/#\/schema\/person\/1e38b8a4144b157b796291bd1085bc23\",\"name\":\"Martin Tran\",\"image\":{\"@type\":\"ImageObject\",\"inLanguage\":\"en-US\",\"@id\":\"https:\/\/abacapress.com\/press\/#\/schema\/person\/image\/\",\"url\":\"https:\/\/secure.gravatar.com\/avatar\/f965c1e4288ec3486b12e79e2d73ff8df93228abe969349ab51f939bda1590dc?s=96&d=mm&r=g\",\"contentUrl\":\"https:\/\/secure.gravatar.com\/avatar\/f965c1e4288ec3486b12e79e2d73ff8df93228abe969349ab51f939bda1590dc?s=96&d=mm&r=g\",\"caption\":\"Martin Tran\"},\"url\":\"https:\/\/abacapress.com\/press\/author\/martin-tranyahoo-fr\/\"}]}<\/script>\n<!-- \/ Yoast SEO plugin. -->","yoast_head_json":{"title":"Karim Benzema \u00e9lu BALLON D\u2019OR 2022 - Revivez sa saison en or en 5 photos - Abaca Press","description":"Lundi, Karim Benzema a \u00e9t\u00e9 \u00e9lu Ballon d\u2019Or 2022 : ABACA vous fait revivre en images les grands moments de la saison XXL du buteur fran\u00e7ais du Real Madrid.","robots":{"index":"index","follow":"follow","max-snippet":"max-snippet:-1","max-image-preview":"max-image-preview:large","max-video-preview":"max-video-preview:-1"},"canonical":"https:\/\/abacapress.com\/press\/ballon-or-2022-retour-photos-sur-saison-en-or-karim-benzema\/","og_locale":"en_US","og_type":"article","og_title":"BALLON D\u2019OR 2022 - Karim Benzema, une saison en or en 5 photos","og_description":"Lundi, Karim Benzema a \u00e9t\u00e9 \u00e9lu Ballon d\u2019Or 2022 : ABACA vous fait revivre en images les grands moments de la saison XXL du buteur fran\u00e7ais du Real Madrid.","og_url":"https:\/\/abacapress.com\/press\/ballon-or-2022-retour-photos-sur-saison-en-or-karim-benzema\/","og_site_name":"Abaca Press","article_published_time":"2022-10-19T09:42:28+00:00","article_modified_time":"2022-10-19T10:18:07+00:00","og_image":[{"width":1024,"height":709,"url":"https:\/\/abacapress.com\/press\/wp-content\/uploads\/2022\/10\/ABACA_828667_004-1-1024x709.jpg","type":"image\/jpeg"}],"author":"Martin Tran","twitter_card":"summary_large_image","twitter_title":"BALLON D\u2019OR 2022 - Karim Benzema, une saison en or en 5 photos","twitter_description":"Lundi, Karim Benzema a \u00e9t\u00e9 \u00e9lu Ballon d\u2019Or 2022 : ABACA vous fait revivre en images les grands moments de la saison XXL du buteur fran\u00e7ais du Real Madrid.","twitter_image":"https:\/\/abacapress.com\/press\/wp-content\/uploads\/2022\/10\/ABACA_828667_004-1.jpg","twitter_misc":{"Written by":"Martin Tran","Est. reading time":"6 minutes"},"schema":{"@context":"https:\/\/schema.org","@graph":[{"@type":"WebPage","@id":"https:\/\/abacapress.com\/press\/ballon-or-2022-retour-photos-sur-saison-en-or-karim-benzema\/","url":"https:\/\/abacapress.com\/press\/ballon-or-2022-retour-photos-sur-saison-en-or-karim-benzema\/","name":"Karim Benzema \u00e9lu BALLON D\u2019OR 2022 - Revivez sa saison en or en 5 photos - Abaca Press","isPartOf":{"@id":"https:\/\/abacapress.com\/press\/#website"},"primaryImageOfPage":{"@id":"https:\/\/abacapress.com\/press\/ballon-or-2022-retour-photos-sur-saison-en-or-karim-benzema\/#primaryimage"},"image":{"@id":"https:\/\/abacapress.com\/press\/ballon-or-2022-retour-photos-sur-saison-en-or-karim-benzema\/#primaryimage"},"thumbnailUrl":"https:\/\/abacapress.com\/press\/wp-content\/uploads\/2022\/10\/ABACA_828667_004-1.jpg","datePublished":"2022-10-19T09:42:28+00:00","dateModified":"2022-10-19T10:18:07+00:00","author":{"@id":"https:\/\/abacapress.com\/press\/#\/schema\/person\/1e38b8a4144b157b796291bd1085bc23"},"description":"Lundi, Karim Benzema a \u00e9t\u00e9 \u00e9lu Ballon d\u2019Or 2022 : ABACA vous fait revivre en images les grands moments de la saison XXL du buteur fran\u00e7ais du Real Madrid.","breadcrumb":{"@id":"https:\/\/abacapress.com\/press\/ballon-or-2022-retour-photos-sur-saison-en-or-karim-benzema\/#breadcrumb"},"inLanguage":"en-US","potentialAction":[{"@type":"ReadAction","target":["https:\/\/abacapress.com\/press\/ballon-or-2022-retour-photos-sur-saison-en-or-karim-benzema\/"]}]},{"@type":"ImageObject","inLanguage":"en-US","@id":"https:\/\/abacapress.com\/press\/ballon-or-2022-retour-photos-sur-saison-en-or-karim-benzema\/#primaryimage","url":"https:\/\/abacapress.com\/press\/wp-content\/uploads\/2022\/10\/ABACA_828667_004-1.jpg","contentUrl":"https:\/\/abacapress.com\/press\/wp-content\/uploads\/2022\/10\/ABACA_828667_004-1.jpg","width":6140,"height":4254,"caption":"Real Madrid's French forward Karim Benzema speaks after receiving the men's Ballon d'Or Trophy during the 2022 Ballon d'Or France Football award ceremony at the Theatre du Chatelet in Paris, France, October 17, 2022. Photo by Gao Jing\/Xinhua\/ABACAPRESS.COM | 828667_004 Paris France"},{"@type":"BreadcrumbList","@id":"https:\/\/abacapress.com\/press\/ballon-or-2022-retour-photos-sur-saison-en-or-karim-benzema\/#breadcrumb","itemListElement":[{"@type":"ListItem","position":1,"name":"Accueil","item":"https:\/\/abacapress.com\/press\/"},{"@type":"ListItem","position":2,"name":"Karim Benzema \u00e9lu BALLON D\u2019OR 2022 &#8211; Revivez sa saison en or en 5 photos"}]},{"@type":"WebSite","@id":"https:\/\/abacapress.com\/press\/#website","url":"https:\/\/abacapress.com\/press\/","name":"Abaca Press","description":"Agence de presse photographique","potentialAction":[{"@type":"SearchAction","target":{"@type":"EntryPoint","urlTemplate":"https:\/\/abacapress.com\/press\/?s={search_term_string}"},"query-input":{"@type":"PropertyValueSpecification","valueRequired":true,"valueName":"search_term_string"}}],"inLanguage":"en-US"},{"@type":"Person","@id":"https:\/\/abacapress.com\/press\/#\/schema\/person\/1e38b8a4144b157b796291bd1085bc23","name":"Martin Tran","image":{"@type":"ImageObject","inLanguage":"en-US","@id":"https:\/\/abacapress.com\/press\/#\/schema\/person\/image\/","url":"https:\/\/secure.gravatar.com\/avatar\/f965c1e4288ec3486b12e79e2d73ff8df93228abe969349ab51f939bda1590dc?s=96&d=mm&r=g","contentUrl":"https:\/\/secure.gravatar.com\/avatar\/f965c1e4288ec3486b12e79e2d73ff8df93228abe969349ab51f939bda1590dc?s=96&d=mm&r=g","caption":"Martin Tran"},"url":"https:\/\/abacapress.com\/press\/author\/martin-tranyahoo-fr\/"}]}},"_links":{"self":[{"href":"https:\/\/abacapress.com\/press\/wp-json\/wp\/v2\/posts\/9422","targetHints":{"allow":["GET"]}}],"collection":[{"href":"https:\/\/abacapress.com\/press\/wp-json\/wp\/v2\/posts"}],"about":[{"href":"https:\/\/abacapress.com\/press\/wp-json\/wp\/v2\/types\/post"}],"author":[{"embeddable":true,"href":"https:\/\/abacapress.com\/press\/wp-json\/wp\/v2\/users\/19"}],"replies":[{"embeddable":true,"href":"https:\/\/abacapress.com\/press\/wp-json\/wp\/v2\/comments?post=9422"}],"version-history":[{"count":0,"href":"https:\/\/abacapress.com\/press\/wp-json\/wp\/v2\/posts\/9422\/revisions"}],"wp:featuredmedia":[{"embeddable":true,"href":"https:\/\/abacapress.com\/press\/wp-json\/wp\/v2\/media\/9445"}],"wp:attachment":[{"href":"https:\/\/abacapress.com\/press\/wp-json\/wp\/v2\/media?parent=9422"}],"wp:term":[{"taxonomy":"category","embeddable":true,"href":"https:\/\/abacapress.com\/press\/wp-json\/wp\/v2\/categories?post=9422"},{"taxonomy":"post_tag","embeddable":true,"href":"https:\/\/abacapress.com\/press\/wp-json\/wp\/v2\/tags?post=9422"}],"curies":[{"name":"wp","href":"https:\/\/api.w.org\/{rel}","templated":true}]}}