{"id":9620,"date":"2022-11-19T18:35:01","date_gmt":"2022-11-19T17:35:01","guid":{"rendered":"https:\/\/abacapress.com\/press\/?p=9620"},"modified":"2022-11-19T18:35:01","modified_gmt":"2022-11-19T17:35:01","slug":"coupe-du-monde-2022-dispositif-photos-abaca-abacapress","status":"publish","type":"post","link":"https:\/\/abacapress.com\/press\/coupe-du-monde-2022-dispositif-photos-abaca-abacapress\/","title":{"rendered":"Coupe du Monde 2022 &#8211; D\u00e9couvrez le dispositif photo COMPLET d&#8217;AbacaPress"},"content":{"rendered":"<div class=\"wpb-content-wrapper\">[vc_row][vc_column][vc_column_text]<em><strong>A partir de ce dimanche, tous les yeux du monde seront braqu\u00e9s sur le Qatar, qui organise la 22\u00e8me \u00e9dition de la Coupe du Monde de football. Pour l&#8217;occasion, votre agence de photo AbacaPress a mis en place un dispositif complet pour suivre toute la comp\u00e9tition.<\/strong><\/em>[\/vc_column_text][vc_empty_space][vc_single_image image=&#8221;9621&#8243; img_size=&#8221;full&#8221; alignment=&#8221;center&#8221;][\/vc_column][\/vc_row][vc_row css=&#8221;.vc_custom_1555495043803{padding-top: 30px !important;}&#8221;][vc_column][vc_separator color=&#8221;custom&#8221; border_width=&#8221;5&#8243; el_width=&#8221;20&#8243; accent_color=&#8221;#e31023&#8243;][vc_empty_space][vc_column_text]C&#8217;est y est, c&#8217;est le Jour J : place \u00e0 la Coupe du Monde de football, d\u00e8s ce dimanche et jusqu&#8217;au 18 d\u00e9cembre prochain. L&#8217;agence AbacaPress sera bien pr\u00e9sente au Qatar, sur toute la dur\u00e9e de la comp\u00e9tition, en collaboration avec Icon Sport.[\/vc_column_text][vc_empty_space][\/vc_column][\/vc_row][vc_row css=&#8221;.vc_custom_1555495043803{padding-top: 30px !important;}&#8221;][vc_column][vc_column_text]\n<h2 class=\"Corps\" style=\"text-align: center;\"><span style=\"color: #ee220c;\"><strong>AbacaPress au Qatar pour couvrir TOUTE la Coupe du Monde 2022<br \/>\n<\/strong><\/span><\/h2>\n[\/vc_column_text][vc_empty_space][vc_separator color=&#8221;custom&#8221; border_width=&#8221;5&#8243; el_width=&#8221;20&#8243; accent_color=&#8221;#e31023&#8243;][vc_column_text]29 jours de comp\u00e9tition, 32 \u00e9quipes engag\u00e9es, 64 matchs disput\u00e9s&#8230; et \u00e0 la fin, 1 vainqueur : la 22\u00e8me Coupe du Monde se lance ce dimanche au Qatar, et l&#8217;on saura le 18 d\u00e9cembre prochain si nos Bleus vont r\u00e9ussir \u00e0 ramener (encore) la coupe \u00e0 la maison.<\/p>\n<p>Cet \u00e9v\u00e9nement fait partie des plus suivis, scrut\u00e9s, regard\u00e9s, analys\u00e9s, sur toute la plan\u00e8te, et AbacaPress se devait bien s\u00fbr d&#8217;\u00eatre pr\u00e9sent sur place, du d\u00e9but \u00e0 la fin. Pour suivre l&#8217;aventure de la bande \u00e0 Kylian Mbapp\u00e9 et Karim Benzema, mais aussi celles au Br\u00e9silien Neymar, \u00e0 l&#8217;Argentin Messi, au Portugais Cristiano Ronaldo, \u00e0 l&#8217;Anglais Harry Kane, au Sud-Cor\u00e9en Son, ou encore \u00e0 l&#8217;Allemand Manuel Neuer.[\/vc_column_text][vc_empty_space][\/vc_column][\/vc_row][vc_row css=&#8221;.vc_custom_1555495043803{padding-top: 30px !important;}&#8221;][vc_column][vc_column_text]\n<h2 style=\"text-align: center;\"><span style=\"color: #ee220c;\"><strong>Une couverture compl\u00e8te de l&#8217;un des \u00e9v\u00e9nements les plus suivis au monde<\/strong><\/span><\/h2>\n[\/vc_column_text][vc_empty_space][vc_separator color=&#8221;custom&#8221; border_width=&#8221;5&#8243; el_width=&#8221;10&#8243; accent_color=&#8221;#e31023&#8243;][vc_column_text]A l&#8217;inverse des \u00e9ditions pr\u00e9c\u00e9dentes, cette Coupe du Monde se d\u00e9roulera dans un p\u00e9rim\u00e8tre r\u00e9duit (le Qatar n&#8217;\u00e9tant pas un pays aux larges dimensions), ce qui facilitera sa couverture. Ainsi, AbacaPress s&#8217;appuiera sur trois photographes (David Niviere, Laurent Zabulon et Ammar Abd Rabbo) pour travailler en \u00e9troite collaboration avec l&#8217;agence Icon Sport qui couvrira tous les matchs, avec un dispositif sp\u00e9cial autour de l&#8217;\u00e9quipe de France.[\/vc_column_text][\/vc_column][\/vc_row][vc_row css=&#8221;.vc_custom_1555495043803{padding-top: 30px !important;}&#8221;][vc_column][\/vc_column][\/vc_row][vc_row css=&#8221;.vc_custom_1555495043803{padding-top: 30px !important;}&#8221;][vc_column][\/vc_column][\/vc_row][vc_row css=&#8221;.vc_custom_1555495043803{padding-top: 30px !important;}&#8221;][vc_column][\/vc_column][\/vc_row][vc_row css=&#8221;.vc_custom_1555495043803{padding-top: 30px !important;}&#8221;][vc_column][vc_empty_space][vc_separator color=&#8221;custom&#8221; border_width=&#8221;5&#8243; el_width=&#8221;10&#8243; accent_color=&#8221;#e31023&#8243;][\/vc_column][\/vc_row][vc_row full_width=&#8221;stretch_row&#8221; content_placement=&#8221;middle&#8221; parallax=&#8221;content-moving&#8221; css=&#8221;.vc_custom_1622460729414{padding-top: 10px !important;padding-right: 10px !important;padding-bottom: 10px !important;padding-left: 10px !important;background-color: #000000 !important;}&#8221;][vc_column][vc_column_text css=&#8221;.vc_custom_1666172064270{padding-right: 20px !important;}&#8221;]\n<blockquote>\n<p style=\"text-align: center;\"><em>Vous avez envie de discuter avec ABACA ? N\u2019h\u00e9sitez pas \u00e0 nous contacter <a href=\"https:\/\/abacapress.com\/press\/contacter-abaca-press\/\">&gt; ICI<\/a>\u00a0&lt;<\/em><\/p>\n<p style=\"text-align: center;\"><a href=\"https:\/\/abacapress.com\/\"><em><span style=\"color: #ffffff;\">https:\/\/abacapress.com\/<\/span><\/em><\/a><\/p>\n<\/blockquote>\n[\/vc_column_text][\/vc_column][\/vc_row][vc_row][vc_column][vc_empty_space][vc_facebook][\/vc_column][\/vc_row][vc_row][vc_column][vc_column_text]\n[\/vc_column_text][\/vc_column][\/vc_row]\n<\/div>","protected":false},"excerpt":{"rendered":"<p>Tous les yeux du monde braqu\u00e9s sur le Qatar pour la 22\u00e8me \u00e9dition de la Coupe du Monde de football ! Pour l&#8217;occasion, votre agence de photo AbacaPress a mis en place un dispositif complet pour suivre toute la comp\u00e9tition.<\/p>\n","protected":false},"author":19,"featured_media":9621,"comment_status":"closed","ping_status":"closed","sticky":false,"template":"","format":"standard","meta":{"footnotes":""},"categories":[39],"tags":[50,57,56,58,53],"class_list":["post-9620","post","type-post","status-publish","format-standard","has-post-thumbnail","hentry","category-actualites","tag-actualite","tag-coupe-du-monde","tag-football","tag-qatar","tag-sport"],"yoast_head":"<!-- This site is optimized with the Yoast SEO plugin v25.6 - https:\/\/yoast.com\/wordpress\/plugins\/seo\/ -->\n<title>Coupe du Monde 2022 - D\u00e9couvrez le dispositif photo COMPLET d&#039;AbacaPress - Abaca Press<\/title>\n<meta name=\"description\" content=\"Tous les yeux du monde braqu\u00e9s sur le Qatar pour la Coupe du Monde 2022 ! Pour l&#039;occasion, AbacaPress a mis en place un dispositif complet sur toute la comp\u00e9tition.\" \/>\n<meta name=\"robots\" content=\"index, follow, max-snippet:-1, max-image-preview:large, max-video-preview:-1\" \/>\n<link rel=\"canonical\" href=\"https:\/\/abacapress.com\/press\/coupe-du-monde-2022-dispositif-photos-abaca-abacapress\/\" \/>\n<meta property=\"og:locale\" content=\"en_US\" \/>\n<meta property=\"og:type\" content=\"article\" \/>\n<meta property=\"og:title\" content=\"Coupe du Monde 2022 - D\u00e9couvrez le dispositif photo COMPLET d&#039;AbacaPress\" \/>\n<meta property=\"og:description\" content=\"Tous les yeux du monde braqu\u00e9s sur le Qatar pour la Coupe du Monde 2022 ! Pour l&#039;occasion, AbacaPress a mis en place un dispositif complet pour suivre toute la comp\u00e9tition.\" \/>\n<meta property=\"og:url\" content=\"https:\/\/abacapress.com\/press\/coupe-du-monde-2022-dispositif-photos-abaca-abacapress\/\" \/>\n<meta property=\"og:site_name\" content=\"Abaca Press\" \/>\n<meta property=\"article:published_time\" content=\"2022-11-19T17:35:01+00:00\" \/>\n<meta property=\"og:image\" content=\"https:\/\/abacapress.com\/press\/wp-content\/uploads\/2022\/11\/ABACA_BRPASport20221108_034.jpg\" \/>\n\t<meta property=\"og:image:width\" content=\"3672\" \/>\n\t<meta property=\"og:image:height\" content=\"2484\" \/>\n\t<meta property=\"og:image:type\" content=\"image\/jpeg\" \/>\n<meta name=\"author\" content=\"Martin Tran\" \/>\n<meta name=\"twitter:card\" content=\"summary_large_image\" \/>\n<meta name=\"twitter:title\" content=\"Coupe du Monde 2022 - D\u00e9couvrez le dispositif photo COMPLET d&#039;AbacaPress\" \/>\n<meta name=\"twitter:description\" content=\"Tous les yeux du monde braqu\u00e9s sur le Qatar pour la Coupe du Monde 2022 ! Pour l&#039;occasion, AbacaPress a mis en place un dispositif complet pour suivre toute la comp\u00e9tition.\" \/>\n<meta name=\"twitter:image\" content=\"https:\/\/abacapress.com\/press\/wp-content\/uploads\/2022\/11\/ABACA_BRPASport20221108_034.jpg\" \/>\n<meta name=\"twitter:label1\" content=\"Written by\" \/>\n\t<meta name=\"twitter:data1\" content=\"Martin Tran\" \/>\n\t<meta name=\"twitter:label2\" content=\"Est. reading time\" \/>\n\t<meta name=\"twitter:data2\" content=\"3 minutes\" \/>\n<script type=\"application\/ld+json\" class=\"yoast-schema-graph\">{\"@context\":\"https:\/\/schema.org\",\"@graph\":[{\"@type\":\"WebPage\",\"@id\":\"https:\/\/abacapress.com\/press\/coupe-du-monde-2022-dispositif-photos-abaca-abacapress\/\",\"url\":\"https:\/\/abacapress.com\/press\/coupe-du-monde-2022-dispositif-photos-abaca-abacapress\/\",\"name\":\"Coupe du Monde 2022 - D\u00e9couvrez le dispositif photo COMPLET d'AbacaPress - Abaca Press\",\"isPartOf\":{\"@id\":\"https:\/\/abacapress.com\/press\/#website\"},\"primaryImageOfPage\":{\"@id\":\"https:\/\/abacapress.com\/press\/coupe-du-monde-2022-dispositif-photos-abaca-abacapress\/#primaryimage\"},\"image\":{\"@id\":\"https:\/\/abacapress.com\/press\/coupe-du-monde-2022-dispositif-photos-abaca-abacapress\/#primaryimage\"},\"thumbnailUrl\":\"https:\/\/abacapress.com\/press\/wp-content\/uploads\/2022\/11\/ABACA_BRPASport20221108_034.jpg\",\"datePublished\":\"2022-11-19T17:35:01+00:00\",\"author\":{\"@id\":\"https:\/\/abacapress.com\/press\/#\/schema\/person\/1e38b8a4144b157b796291bd1085bc23\"},\"description\":\"Tous les yeux du monde braqu\u00e9s sur le Qatar pour la Coupe du Monde 2022 ! Pour l'occasion, AbacaPress a mis en place un dispositif complet sur toute la comp\u00e9tition.\",\"breadcrumb\":{\"@id\":\"https:\/\/abacapress.com\/press\/coupe-du-monde-2022-dispositif-photos-abaca-abacapress\/#breadcrumb\"},\"inLanguage\":\"en-US\",\"potentialAction\":[{\"@type\":\"ReadAction\",\"target\":[\"https:\/\/abacapress.com\/press\/coupe-du-monde-2022-dispositif-photos-abaca-abacapress\/\"]}]},{\"@type\":\"ImageObject\",\"inLanguage\":\"en-US\",\"@id\":\"https:\/\/abacapress.com\/press\/coupe-du-monde-2022-dispositif-photos-abaca-abacapress\/#primaryimage\",\"url\":\"https:\/\/abacapress.com\/press\/wp-content\/uploads\/2022\/11\/ABACA_BRPASport20221108_034.jpg\",\"contentUrl\":\"https:\/\/abacapress.com\/press\/wp-content\/uploads\/2022\/11\/ABACA_BRPASport20221108_034.jpg\",\"width\":3672,\"height\":2484,\"caption\":\"File photo dated 15-07-2018 of France celebrate with the trophy after winning the FIFA World Cup Final. The World Cup in Qatar will kick off later this month, almost 12 years after the Gulf state was chosen to host the tournament. The usual suspects are all lined up, including holders France, five-time winners Brazil and an Argentina side led by Lionel Messi in what is surely going to be his last World Cup. Issue date: Tuesday November 8, 2022. ... World Cup QandA File Photos ... 15-07-2018 ... Moscow ... Photo credit should read: Owen Humphreys\/PA Wire. Unique Reference No. 69662418 ... See PA story SOCCER World Cup QandA. Photo credit should read Owen Humphreys\/PA Wire. Soccer Foot Football Soccer Football | BRPASport20221108_034 Moscow\"},{\"@type\":\"BreadcrumbList\",\"@id\":\"https:\/\/abacapress.com\/press\/coupe-du-monde-2022-dispositif-photos-abaca-abacapress\/#breadcrumb\",\"itemListElement\":[{\"@type\":\"ListItem\",\"position\":1,\"name\":\"Accueil\",\"item\":\"https:\/\/abacapress.com\/press\/\"},{\"@type\":\"ListItem\",\"position\":2,\"name\":\"Coupe du Monde 2022 &#8211; D\u00e9couvrez le dispositif photo COMPLET d&#8217;AbacaPress\"}]},{\"@type\":\"WebSite\",\"@id\":\"https:\/\/abacapress.com\/press\/#website\",\"url\":\"https:\/\/abacapress.com\/press\/\",\"name\":\"Abaca Press\",\"description\":\"Agence de presse photographique\",\"potentialAction\":[{\"@type\":\"SearchAction\",\"target\":{\"@type\":\"EntryPoint\",\"urlTemplate\":\"https:\/\/abacapress.com\/press\/?s={search_term_string}\"},\"query-input\":{\"@type\":\"PropertyValueSpecification\",\"valueRequired\":true,\"valueName\":\"search_term_string\"}}],\"inLanguage\":\"en-US\"},{\"@type\":\"Person\",\"@id\":\"https:\/\/abacapress.com\/press\/#\/schema\/person\/1e38b8a4144b157b796291bd1085bc23\",\"name\":\"Martin Tran\",\"image\":{\"@type\":\"ImageObject\",\"inLanguage\":\"en-US\",\"@id\":\"https:\/\/abacapress.com\/press\/#\/schema\/person\/image\/\",\"url\":\"https:\/\/secure.gravatar.com\/avatar\/f965c1e4288ec3486b12e79e2d73ff8df93228abe969349ab51f939bda1590dc?s=96&d=mm&r=g\",\"contentUrl\":\"https:\/\/secure.gravatar.com\/avatar\/f965c1e4288ec3486b12e79e2d73ff8df93228abe969349ab51f939bda1590dc?s=96&d=mm&r=g\",\"caption\":\"Martin Tran\"},\"url\":\"https:\/\/abacapress.com\/press\/author\/martin-tranyahoo-fr\/\"}]}<\/script>\n<!-- \/ Yoast SEO plugin. -->","yoast_head_json":{"title":"Coupe du Monde 2022 - D\u00e9couvrez le dispositif photo COMPLET d'AbacaPress - Abaca Press","description":"Tous les yeux du monde braqu\u00e9s sur le Qatar pour la Coupe du Monde 2022 ! Pour l'occasion, AbacaPress a mis en place un dispositif complet sur toute la comp\u00e9tition.","robots":{"index":"index","follow":"follow","max-snippet":"max-snippet:-1","max-image-preview":"max-image-preview:large","max-video-preview":"max-video-preview:-1"},"canonical":"https:\/\/abacapress.com\/press\/coupe-du-monde-2022-dispositif-photos-abaca-abacapress\/","og_locale":"en_US","og_type":"article","og_title":"Coupe du Monde 2022 - D\u00e9couvrez le dispositif photo COMPLET d'AbacaPress","og_description":"Tous les yeux du monde braqu\u00e9s sur le Qatar pour la Coupe du Monde 2022 ! Pour l'occasion, AbacaPress a mis en place un dispositif complet pour suivre toute la comp\u00e9tition.","og_url":"https:\/\/abacapress.com\/press\/coupe-du-monde-2022-dispositif-photos-abaca-abacapress\/","og_site_name":"Abaca Press","article_published_time":"2022-11-19T17:35:01+00:00","og_image":[{"width":3672,"height":2484,"url":"https:\/\/abacapress.com\/press\/wp-content\/uploads\/2022\/11\/ABACA_BRPASport20221108_034.jpg","type":"image\/jpeg"}],"author":"Martin Tran","twitter_card":"summary_large_image","twitter_title":"Coupe du Monde 2022 - D\u00e9couvrez le dispositif photo COMPLET d'AbacaPress","twitter_description":"Tous les yeux du monde braqu\u00e9s sur le Qatar pour la Coupe du Monde 2022 ! Pour l'occasion, AbacaPress a mis en place un dispositif complet pour suivre toute la comp\u00e9tition.","twitter_image":"https:\/\/abacapress.com\/press\/wp-content\/uploads\/2022\/11\/ABACA_BRPASport20221108_034.jpg","twitter_misc":{"Written by":"Martin Tran","Est. reading time":"3 minutes"},"schema":{"@context":"https:\/\/schema.org","@graph":[{"@type":"WebPage","@id":"https:\/\/abacapress.com\/press\/coupe-du-monde-2022-dispositif-photos-abaca-abacapress\/","url":"https:\/\/abacapress.com\/press\/coupe-du-monde-2022-dispositif-photos-abaca-abacapress\/","name":"Coupe du Monde 2022 - D\u00e9couvrez le dispositif photo COMPLET d'AbacaPress - Abaca Press","isPartOf":{"@id":"https:\/\/abacapress.com\/press\/#website"},"primaryImageOfPage":{"@id":"https:\/\/abacapress.com\/press\/coupe-du-monde-2022-dispositif-photos-abaca-abacapress\/#primaryimage"},"image":{"@id":"https:\/\/abacapress.com\/press\/coupe-du-monde-2022-dispositif-photos-abaca-abacapress\/#primaryimage"},"thumbnailUrl":"https:\/\/abacapress.com\/press\/wp-content\/uploads\/2022\/11\/ABACA_BRPASport20221108_034.jpg","datePublished":"2022-11-19T17:35:01+00:00","author":{"@id":"https:\/\/abacapress.com\/press\/#\/schema\/person\/1e38b8a4144b157b796291bd1085bc23"},"description":"Tous les yeux du monde braqu\u00e9s sur le Qatar pour la Coupe du Monde 2022 ! Pour l'occasion, AbacaPress a mis en place un dispositif complet sur toute la comp\u00e9tition.","breadcrumb":{"@id":"https:\/\/abacapress.com\/press\/coupe-du-monde-2022-dispositif-photos-abaca-abacapress\/#breadcrumb"},"inLanguage":"en-US","potentialAction":[{"@type":"ReadAction","target":["https:\/\/abacapress.com\/press\/coupe-du-monde-2022-dispositif-photos-abaca-abacapress\/"]}]},{"@type":"ImageObject","inLanguage":"en-US","@id":"https:\/\/abacapress.com\/press\/coupe-du-monde-2022-dispositif-photos-abaca-abacapress\/#primaryimage","url":"https:\/\/abacapress.com\/press\/wp-content\/uploads\/2022\/11\/ABACA_BRPASport20221108_034.jpg","contentUrl":"https:\/\/abacapress.com\/press\/wp-content\/uploads\/2022\/11\/ABACA_BRPASport20221108_034.jpg","width":3672,"height":2484,"caption":"File photo dated 15-07-2018 of France celebrate with the trophy after winning the FIFA World Cup Final. The World Cup in Qatar will kick off later this month, almost 12 years after the Gulf state was chosen to host the tournament. The usual suspects are all lined up, including holders France, five-time winners Brazil and an Argentina side led by Lionel Messi in what is surely going to be his last World Cup. Issue date: Tuesday November 8, 2022. ... World Cup QandA File Photos ... 15-07-2018 ... Moscow ... Photo credit should read: Owen Humphreys\/PA Wire. Unique Reference No. 69662418 ... See PA story SOCCER World Cup QandA. Photo credit should read Owen Humphreys\/PA Wire. Soccer Foot Football Soccer Football | BRPASport20221108_034 Moscow"},{"@type":"BreadcrumbList","@id":"https:\/\/abacapress.com\/press\/coupe-du-monde-2022-dispositif-photos-abaca-abacapress\/#breadcrumb","itemListElement":[{"@type":"ListItem","position":1,"name":"Accueil","item":"https:\/\/abacapress.com\/press\/"},{"@type":"ListItem","position":2,"name":"Coupe du Monde 2022 &#8211; D\u00e9couvrez le dispositif photo COMPLET d&#8217;AbacaPress"}]},{"@type":"WebSite","@id":"https:\/\/abacapress.com\/press\/#website","url":"https:\/\/abacapress.com\/press\/","name":"Abaca Press","description":"Agence de presse photographique","potentialAction":[{"@type":"SearchAction","target":{"@type":"EntryPoint","urlTemplate":"https:\/\/abacapress.com\/press\/?s={search_term_string}"},"query-input":{"@type":"PropertyValueSpecification","valueRequired":true,"valueName":"search_term_string"}}],"inLanguage":"en-US"},{"@type":"Person","@id":"https:\/\/abacapress.com\/press\/#\/schema\/person\/1e38b8a4144b157b796291bd1085bc23","name":"Martin Tran","image":{"@type":"ImageObject","inLanguage":"en-US","@id":"https:\/\/abacapress.com\/press\/#\/schema\/person\/image\/","url":"https:\/\/secure.gravatar.com\/avatar\/f965c1e4288ec3486b12e79e2d73ff8df93228abe969349ab51f939bda1590dc?s=96&d=mm&r=g","contentUrl":"https:\/\/secure.gravatar.com\/avatar\/f965c1e4288ec3486b12e79e2d73ff8df93228abe969349ab51f939bda1590dc?s=96&d=mm&r=g","caption":"Martin Tran"},"url":"https:\/\/abacapress.com\/press\/author\/martin-tranyahoo-fr\/"}]}},"_links":{"self":[{"href":"https:\/\/abacapress.com\/press\/wp-json\/wp\/v2\/posts\/9620","targetHints":{"allow":["GET"]}}],"collection":[{"href":"https:\/\/abacapress.com\/press\/wp-json\/wp\/v2\/posts"}],"about":[{"href":"https:\/\/abacapress.com\/press\/wp-json\/wp\/v2\/types\/post"}],"author":[{"embeddable":true,"href":"https:\/\/abacapress.com\/press\/wp-json\/wp\/v2\/users\/19"}],"replies":[{"embeddable":true,"href":"https:\/\/abacapress.com\/press\/wp-json\/wp\/v2\/comments?post=9620"}],"version-history":[{"count":0,"href":"https:\/\/abacapress.com\/press\/wp-json\/wp\/v2\/posts\/9620\/revisions"}],"wp:featuredmedia":[{"embeddable":true,"href":"https:\/\/abacapress.com\/press\/wp-json\/wp\/v2\/media\/9621"}],"wp:attachment":[{"href":"https:\/\/abacapress.com\/press\/wp-json\/wp\/v2\/media?parent=9620"}],"wp:term":[{"taxonomy":"category","embeddable":true,"href":"https:\/\/abacapress.com\/press\/wp-json\/wp\/v2\/categories?post=9620"},{"taxonomy":"post_tag","embeddable":true,"href":"https:\/\/abacapress.com\/press\/wp-json\/wp\/v2\/tags?post=9620"}],"curies":[{"name":"wp","href":"https:\/\/api.w.org\/{rel}","templated":true}]}}