{"id":9895,"date":"2022-12-31T15:37:28","date_gmt":"2022-12-31T14:37:28","guid":{"rendered":"https:\/\/abacapress.com\/press\/?p=9895"},"modified":"2023-01-02T17:20:15","modified_gmt":"2023-01-02T16:20:15","slug":"bestof-unes-parutions-abaca-2022","status":"publish","type":"post","link":"https:\/\/abacapress.com\/press\/bestof-unes-parutions-abaca-2022\/","title":{"rendered":"BEST OF &#8211; Les Unes et parutions ABACA depuis la rentr\u00e9e 2022"},"content":{"rendered":"<div class=\"wpb-content-wrapper\">[vc_row][vc_column][vc_column_text]<em><strong>2022 touche \u00e0 sa fin, avec notamment une p\u00e9riode depuis la rentr\u00e9e scolaire riche en \u00e9v\u00e9nements, des \u00e9v\u00e9nements en France et partout dans le monde qu\u2019Abaca a pu couvrir gr\u00e2ce \u00e0 ses nombreux photoreporters, des \u00e9v\u00e9nements que la presse a tr\u00e8s souvent illustr\u00e9s des photos de l\u2019agence. Voici les 15 photos les plus fortes reprises par les m\u00e9dias lors du second semestre 2022.<\/strong><\/em>[\/vc_column_text][vc_empty_space][vc_single_image image=&#8221;7834&#8243; img_size=&#8221;full&#8221; alignment=&#8221;center&#8221;][\/vc_column][\/vc_row][vc_row css=&#8221;.vc_custom_1555495043803{padding-top: 30px !important;}&#8221;][vc_column][vc_separator color=&#8221;custom&#8221; border_width=&#8221;5&#8243; el_width=&#8221;20&#8243; accent_color=&#8221;#e31023&#8243;][vc_empty_space][vc_column_text]<span style=\"font-weight: 400;\">L\u2019ann\u00e9e 2022 a \u00e9t\u00e9 riche en \u00e9v\u00e9nements, en France et dans le monde, et l\u2019agence Abaca \u00e9tait bien s\u00fbr pr\u00e9sent pour vous les retranscrire en images : focus sur ces clich\u00e9s pris par les photographes ABACA que la presse a repris pour illustrer leurs propos.<br \/>\n<\/span>[\/vc_column_text][vc_empty_space][\/vc_column][\/vc_row][vc_row css=&#8221;.vc_custom_1555495043803{padding-top: 30px !important;}&#8221;][vc_column][vc_column_text]\n<h2 class=\"Corps\" style=\"text-align: center;\"><span style=\"color: #ee220c;\"><strong>2022, une ann\u00e9e-charni\u00e8re pour la Royal Family<br \/>\n<\/strong><\/span><\/h2>\n[\/vc_column_text][vc_empty_space][vc_separator color=&#8221;custom&#8221; border_width=&#8221;5&#8243; el_width=&#8221;20&#8243; accent_color=&#8221;#e31023&#8243;][vc_column_text]<span style=\"font-weight: 400;\">Comment ne pas revenir sur LE grand \u00e9v\u00e9nement de la rentr\u00e9e 2022 : le 18 septembre dernier, la Reine Elizabeth II nous quittait apr\u00e8s sept d\u00e9cennies de r\u00e8gne. Et autour d\u2019elle, la famille royale a aussi beaucoup fait parler d\u2019elle\u2026<\/span>[\/vc_column_text][vc_single_image image=&#8221;9668&#8243; img_size=&#8221;medium&#8221; add_caption=&#8221;yes&#8221; alignment=&#8221;center&#8221;][vc_single_image image=&#8221;9508&#8243; img_size=&#8221;medium&#8221; add_caption=&#8221;yes&#8221; alignment=&#8221;center&#8221;][vc_single_image image=&#8221;9897&#8243; img_size=&#8221;medium&#8221; add_caption=&#8221;yes&#8221; alignment=&#8221;center&#8221;][vc_empty_space][\/vc_column][\/vc_row][vc_row css=&#8221;.vc_custom_1555495043803{padding-top: 30px !important;}&#8221;][vc_column][vc_column_text]\n<h2 style=\"text-align: center;\"><span style=\"color: #ee220c;\"><strong>Les hauts et les bas du sport <\/strong><\/span><\/h2>\n[\/vc_column_text][vc_empty_space][vc_separator color=&#8221;custom&#8221; border_width=&#8221;5&#8243; el_width=&#8221;10&#8243; accent_color=&#8221;#e31023&#8243;][vc_column_text]<span style=\"font-weight: 400;\">2022, c\u2019est aussi la Coupe du Monde organis\u00e9e au Qatar : si le magnifique parcours des Bleus a fait r\u00eaver les Fran\u00e7ais (et les Marocains !), il a aussi r\u00e9ussi \u00e0 faire oublier que cette comp\u00e9tition \u00e9tait organis\u00e9e dans un pays o\u00f9 les Droits de l\u2019Homme sont parfois (souvent) bafou\u00e9s. \u00c9galement, hommage au Roi Pel\u00e9, parti ce 29 d\u00e9cembre rejoindre le Dieu Maradona\u2026<\/span>[\/vc_column_text][vc_single_image image=&#8221;9884&#8243; img_size=&#8221;medium&#8221; alignment=&#8221;center&#8221;][vc_single_image image=&#8221;9617&#8243; img_size=&#8221;medium&#8221; alignment=&#8221;center&#8221;][vc_single_image image=&#8221;9737&#8243; img_size=&#8221;medium&#8221; alignment=&#8221;center&#8221;][\/vc_column][\/vc_row][vc_row css=&#8221;.vc_custom_1555495043803{padding-top: 30px !important;}&#8221;][vc_column][vc_column_text]\n<h2 style=\"text-align: center;\"><span style=\"color: #ee220c;\"><strong>Ukraine, Iran : les conflits internationaux au coeur de 2022<br \/>\n<\/strong><\/span><\/h2>\n[\/vc_column_text][vc_empty_space][vc_separator color=&#8221;custom&#8221; border_width=&#8221;5&#8243; el_width=&#8221;10&#8243; accent_color=&#8221;#e31023&#8243;][vc_column_text]<span style=\"font-weight: 400;\">2022, c\u2019est aussi et surtout une ann\u00e9e qui marque le retour de la guerre en Europe avec les troupes russes qui entrent en Ukraine en f\u00e9vrier, une ann\u00e9e qui sonne le r\u00e9veil du peuple iranien, une ann\u00e9e durant laquelle la Cor\u00e9e du Nord a jou\u00e9 avec les nerfs de leurs voisins et la Chine a reconduit un chef \u00e0 la main de fer\u2026\u00a0<\/span>[\/vc_column_text][vc_single_image image=&#8221;9899&#8243; img_size=&#8221;medium&#8221; alignment=&#8221;center&#8221;][vc_single_image image=&#8221;9901&#8243; img_size=&#8221;medium&#8221; alignment=&#8221;center&#8221;][vc_single_image image=&#8221;9903&#8243; img_size=&#8221;medium&#8221; alignment=&#8221;center&#8221;][vc_single_image image=&#8221;9905&#8243; img_size=&#8221;medium&#8221; alignment=&#8221;center&#8221;][vc_single_image image=&#8221;9825&#8243; img_size=&#8221;medium&#8221; alignment=&#8221;center&#8221;][vc_single_image image=&#8221;9907&#8243; img_size=&#8221;medium&#8221; alignment=&#8221;center&#8221;][vc_single_image image=&#8221;9909&#8243; img_size=&#8221;medium&#8221; alignment=&#8221;center&#8221;][vc_single_image image=&#8221;9911&#8243; img_size=&#8221;medium&#8221; alignment=&#8221;center&#8221;][\/vc_column][\/vc_row][vc_row css=&#8221;.vc_custom_1555495043803{padding-top: 30px !important;}&#8221;][vc_column][vc_column_text]\n<h2 style=\"text-align: center;\"><span style=\"color: #ee220c;\"><strong>Essence, 49.3, migrants : d\u00e9sarroi aussi dans les hautes sph\u00e8res en France<br \/>\n<\/strong><\/span><\/h2>\n[\/vc_column_text][vc_empty_space][vc_separator color=&#8221;custom&#8221; border_width=&#8221;5&#8243; el_width=&#8221;10&#8243; accent_color=&#8221;#e31023&#8243;][vc_column_text]<span style=\"font-weight: 400;\">2022, c\u2019est aussi synonyme d\u2019un second quinquennat pour Emmanuel Macron, un quinquennat num\u00e9ro 2 qu\u2019il a d\u00e9but\u00e9 en g\u00e9rant plusieurs crises : celle autour du climat, celle concernant les relations avec l\u2019international, et enfin celle plus locale et plus \u00e9conomique qui a vu le prix de l\u2019essence (et une d\u00e9fiance populaire envers lui) flamber comme jamais\u2026<\/span>[\/vc_column_text][vc_single_image image=&#8221;9644&#8243; img_size=&#8221;medium&#8221; alignment=&#8221;center&#8221;][vc_single_image image=&#8221;9731&#8243; img_size=&#8221;medium&#8221; alignment=&#8221;center&#8221;][vc_single_image image=&#8221;9741&#8243; img_size=&#8221;medium&#8221; alignment=&#8221;center&#8221;][vc_single_image image=&#8221;9578&#8243; img_size=&#8221;medium&#8221; alignment=&#8221;center&#8221;][vc_single_image image=&#8221;9913&#8243; img_size=&#8221;medium&#8221; alignment=&#8221;center&#8221;][\/vc_column][\/vc_row][vc_row css=&#8221;.vc_custom_1555495043803{padding-top: 30px !important;}&#8221;][vc_column][vc_column_text]\n<h2 style=\"text-align: center;\"><span style=\"color: #ee220c;\"><strong>La culture en \u00e9bullition<\/strong><\/span><\/h2>\n[\/vc_column_text][vc_empty_space][vc_separator color=&#8221;custom&#8221; border_width=&#8221;5&#8243; el_width=&#8221;10&#8243; accent_color=&#8221;#e31023&#8243;][vc_column_text]<span style=\"font-weight: 400;\">2022 enfin, c\u00f4t\u00e9 culture, n\u2019a pas \u00e9t\u00e9 de tout repos non plus, avec le droit et le pouvoir des femmes qui ont \u00e9t\u00e9 mis en avant : l\u2019affaire de violences conjugales impliquant Sofiane Bennacer d\u2019un c\u00f4t\u00e9, la libert\u00e9 de ton et la libert\u00e9 tout court de la chanteuse Jeanne Cherhal de l\u2019autre.<\/span>[\/vc_column_text][vc_single_image image=&#8221;9915&#8243; img_size=&#8221;medium&#8221; alignment=&#8221;center&#8221;][vc_single_image image=&#8221;9919&#8243; img_size=&#8221;medium&#8221; alignment=&#8221;center&#8221;][vc_single_image image=&#8221;9917&#8243; img_size=&#8221;medium&#8221; alignment=&#8221;center&#8221;][\/vc_column][\/vc_row][vc_row css=&#8221;.vc_custom_1555495043803{padding-top: 30px !important;}&#8221;][vc_column][vc_column_text]\n<h2 style=\"text-align: center;\"><span style=\"color: #ee220c;\"><strong>ABACA est fin pr\u00eat pour 2023 !<\/strong><\/span><\/h2>\n[\/vc_column_text][vc_empty_space][vc_separator color=&#8221;custom&#8221; border_width=&#8221;5&#8243; el_width=&#8221;10&#8243; accent_color=&#8221;#e31023&#8243;][vc_column_text]Place donc d\u00e9sormais \u00e0 2023, une ann\u00e9e qui s&#8217;annonce riche, tant l&#8217;ann\u00e9e 2022 a lanc\u00e9 multitudes d&#8217;\u00e9v\u00e9nements qui n&#8217;ont pas fini de faire parler d&#8217;eux. Et bien entendu, l&#8217;agence ABACA sera pr\u00e9sente (en France, en Europe, partout dans le monde) via ses photoreporters pour vous transmettre, en photos et en vid\u00e9os, toute l&#8217;\u00e9motion qui s&#8217;en d\u00e9gage ![\/vc_column_text][\/vc_column][\/vc_row][vc_row full_width=&#8221;stretch_row&#8221; content_placement=&#8221;middle&#8221; parallax=&#8221;content-moving&#8221; css=&#8221;.vc_custom_1622460729414{padding-top: 10px !important;padding-right: 10px !important;padding-bottom: 10px !important;padding-left: 10px !important;background-color: #000000 !important;}&#8221;][vc_column][vc_column_text css=&#8221;.vc_custom_1666172064270{padding-right: 20px !important;}&#8221;]\n<blockquote>\n<p style=\"text-align: center;\"><em>Vous avez envie de discuter avec ABACA ? N\u2019h\u00e9sitez pas \u00e0 nous contacter <a href=\"https:\/\/abacapress.com\/press\/contacter-abaca-press\/\">&gt; ICI<\/a>\u00a0&lt;<\/em><\/p>\n<p style=\"text-align: center;\"><a href=\"https:\/\/abacapress.com\/\"><em><span style=\"color: #ffffff;\">https:\/\/abacapress.com\/<\/span><\/em><\/a><\/p>\n<\/blockquote>\n[\/vc_column_text][\/vc_column][\/vc_row][vc_row][vc_column][vc_empty_space][vc_facebook][\/vc_column][\/vc_row][vc_row][vc_column][vc_column_text]\n[\/vc_column_text][\/vc_column][\/vc_row]\n<\/div>","protected":false},"excerpt":{"rendered":"<p>Focus sur ces clich\u00e9s pris en 2022 par les photographes ABACA et que la presse a repris pour illustrer leurs propos<\/p>\n","protected":false},"author":19,"featured_media":7834,"comment_status":"closed","ping_status":"closed","sticky":false,"template":"","format":"standard","meta":{"footnotes":""},"categories":[39],"tags":[61,62,59,60],"class_list":["post-9895","post","type-post","status-publish","format-standard","has-post-thumbnail","hentry","category-actualites","tag-61","tag-best-of","tag-parutions","tag-photos"],"yoast_head":"<!-- This site is optimized with the Yoast SEO plugin v25.6 - https:\/\/yoast.com\/wordpress\/plugins\/seo\/ -->\n<title>BEST OF - Les Unes et parutions ABACA depuis la rentr\u00e9e 2022 - Abaca Press<\/title>\n<meta name=\"description\" content=\"Focus sur ces clich\u00e9s pris en 2022 par les photographes ABACA et que la presse a repris pour illustrer leurs propos\" \/>\n<meta name=\"robots\" content=\"index, follow, max-snippet:-1, max-image-preview:large, max-video-preview:-1\" \/>\n<link rel=\"canonical\" href=\"https:\/\/abacapress.com\/press\/bestof-unes-parutions-abaca-2022\/\" \/>\n<meta property=\"og:locale\" content=\"en_US\" \/>\n<meta property=\"og:type\" content=\"article\" \/>\n<meta property=\"og:title\" content=\"BALLON D\u2019OR 2022 - Karim Benzema, une saison en or en 5 photos\" \/>\n<meta property=\"og:description\" content=\"Lundi, Karim Benzema a \u00e9t\u00e9 \u00e9lu Ballon d\u2019Or 2022 : ABACA vous fait revivre en images les grands moments de la saison XXL du buteur fran\u00e7ais du Real Madrid.\" \/>\n<meta property=\"og:url\" content=\"https:\/\/abacapress.com\/press\/bestof-unes-parutions-abaca-2022\/\" \/>\n<meta property=\"og:site_name\" content=\"Abaca Press\" \/>\n<meta property=\"article:published_time\" content=\"2022-12-31T14:37:28+00:00\" \/>\n<meta property=\"article:modified_time\" content=\"2023-01-02T16:20:15+00:00\" \/>\n<meta property=\"og:image\" content=\"https:\/\/abacapress.com\/press\/wp-content\/uploads\/2022\/10\/ABACA_828667_004-1-1024x709.jpg\" \/>\n\t<meta property=\"og:image:width\" content=\"1024\" \/>\n\t<meta property=\"og:image:height\" content=\"709\" \/>\n\t<meta property=\"og:image:type\" content=\"image\/jpeg\" \/>\n<meta name=\"author\" content=\"Martin Tran\" \/>\n<meta name=\"twitter:card\" content=\"summary_large_image\" \/>\n<meta name=\"twitter:title\" content=\"BALLON D\u2019OR 2022 - Karim Benzema, une saison en or en 5 photos\" \/>\n<meta name=\"twitter:description\" content=\"Lundi, Karim Benzema a \u00e9t\u00e9 \u00e9lu Ballon d\u2019Or 2022 : ABACA vous fait revivre en images les grands moments de la saison XXL du buteur fran\u00e7ais du Real Madrid.\" \/>\n<meta name=\"twitter:image\" content=\"https:\/\/abacapress.com\/press\/wp-content\/uploads\/2022\/10\/ABACA_828667_004-1.jpg\" \/>\n<meta name=\"twitter:label1\" content=\"Written by\" \/>\n\t<meta name=\"twitter:data1\" content=\"Martin Tran\" \/>\n\t<meta name=\"twitter:label2\" content=\"Est. reading time\" \/>\n\t<meta name=\"twitter:data2\" content=\"6 minutes\" \/>\n<script type=\"application\/ld+json\" class=\"yoast-schema-graph\">{\"@context\":\"https:\/\/schema.org\",\"@graph\":[{\"@type\":\"WebPage\",\"@id\":\"https:\/\/abacapress.com\/press\/bestof-unes-parutions-abaca-2022\/\",\"url\":\"https:\/\/abacapress.com\/press\/bestof-unes-parutions-abaca-2022\/\",\"name\":\"BEST OF - Les Unes et parutions ABACA depuis la rentr\u00e9e 2022 - Abaca Press\",\"isPartOf\":{\"@id\":\"https:\/\/abacapress.com\/press\/#website\"},\"primaryImageOfPage\":{\"@id\":\"https:\/\/abacapress.com\/press\/bestof-unes-parutions-abaca-2022\/#primaryimage\"},\"image\":{\"@id\":\"https:\/\/abacapress.com\/press\/bestof-unes-parutions-abaca-2022\/#primaryimage\"},\"thumbnailUrl\":\"https:\/\/abacapress.com\/press\/wp-content\/uploads\/2022\/01\/AbacaPress_NouvelAn_Europeen_Paris.jpg\",\"datePublished\":\"2022-12-31T14:37:28+00:00\",\"dateModified\":\"2023-01-02T16:20:15+00:00\",\"author\":{\"@id\":\"https:\/\/abacapress.com\/press\/#\/schema\/person\/1e38b8a4144b157b796291bd1085bc23\"},\"description\":\"Focus sur ces clich\u00e9s pris en 2022 par les photographes ABACA et que la presse a repris pour illustrer leurs propos\",\"breadcrumb\":{\"@id\":\"https:\/\/abacapress.com\/press\/bestof-unes-parutions-abaca-2022\/#breadcrumb\"},\"inLanguage\":\"en-US\",\"potentialAction\":[{\"@type\":\"ReadAction\",\"target\":[\"https:\/\/abacapress.com\/press\/bestof-unes-parutions-abaca-2022\/\"]}]},{\"@type\":\"ImageObject\",\"inLanguage\":\"en-US\",\"@id\":\"https:\/\/abacapress.com\/press\/bestof-unes-parutions-abaca-2022\/#primaryimage\",\"url\":\"https:\/\/abacapress.com\/press\/wp-content\/uploads\/2022\/01\/AbacaPress_NouvelAn_Europeen_Paris.jpg\",\"contentUrl\":\"https:\/\/abacapress.com\/press\/wp-content\/uploads\/2022\/01\/AbacaPress_NouvelAn_Europeen_Paris.jpg\",\"width\":1171,\"height\":795},{\"@type\":\"BreadcrumbList\",\"@id\":\"https:\/\/abacapress.com\/press\/bestof-unes-parutions-abaca-2022\/#breadcrumb\",\"itemListElement\":[{\"@type\":\"ListItem\",\"position\":1,\"name\":\"Accueil\",\"item\":\"https:\/\/abacapress.com\/press\/\"},{\"@type\":\"ListItem\",\"position\":2,\"name\":\"BEST OF &#8211; Les Unes et parutions ABACA depuis la rentr\u00e9e 2022\"}]},{\"@type\":\"WebSite\",\"@id\":\"https:\/\/abacapress.com\/press\/#website\",\"url\":\"https:\/\/abacapress.com\/press\/\",\"name\":\"Abaca Press\",\"description\":\"Agence de presse photographique\",\"potentialAction\":[{\"@type\":\"SearchAction\",\"target\":{\"@type\":\"EntryPoint\",\"urlTemplate\":\"https:\/\/abacapress.com\/press\/?s={search_term_string}\"},\"query-input\":{\"@type\":\"PropertyValueSpecification\",\"valueRequired\":true,\"valueName\":\"search_term_string\"}}],\"inLanguage\":\"en-US\"},{\"@type\":\"Person\",\"@id\":\"https:\/\/abacapress.com\/press\/#\/schema\/person\/1e38b8a4144b157b796291bd1085bc23\",\"name\":\"Martin Tran\",\"image\":{\"@type\":\"ImageObject\",\"inLanguage\":\"en-US\",\"@id\":\"https:\/\/abacapress.com\/press\/#\/schema\/person\/image\/\",\"url\":\"https:\/\/secure.gravatar.com\/avatar\/f965c1e4288ec3486b12e79e2d73ff8df93228abe969349ab51f939bda1590dc?s=96&d=mm&r=g\",\"contentUrl\":\"https:\/\/secure.gravatar.com\/avatar\/f965c1e4288ec3486b12e79e2d73ff8df93228abe969349ab51f939bda1590dc?s=96&d=mm&r=g\",\"caption\":\"Martin Tran\"},\"url\":\"https:\/\/abacapress.com\/press\/author\/martin-tranyahoo-fr\/\"}]}<\/script>\n<!-- \/ Yoast SEO plugin. -->","yoast_head_json":{"title":"BEST OF - Les Unes et parutions ABACA depuis la rentr\u00e9e 2022 - Abaca Press","description":"Focus sur ces clich\u00e9s pris en 2022 par les photographes ABACA et que la presse a repris pour illustrer leurs propos","robots":{"index":"index","follow":"follow","max-snippet":"max-snippet:-1","max-image-preview":"max-image-preview:large","max-video-preview":"max-video-preview:-1"},"canonical":"https:\/\/abacapress.com\/press\/bestof-unes-parutions-abaca-2022\/","og_locale":"en_US","og_type":"article","og_title":"BALLON D\u2019OR 2022 - Karim Benzema, une saison en or en 5 photos","og_description":"Lundi, Karim Benzema a \u00e9t\u00e9 \u00e9lu Ballon d\u2019Or 2022 : ABACA vous fait revivre en images les grands moments de la saison XXL du buteur fran\u00e7ais du Real Madrid.","og_url":"https:\/\/abacapress.com\/press\/bestof-unes-parutions-abaca-2022\/","og_site_name":"Abaca Press","article_published_time":"2022-12-31T14:37:28+00:00","article_modified_time":"2023-01-02T16:20:15+00:00","og_image":[{"width":1024,"height":709,"url":"https:\/\/abacapress.com\/press\/wp-content\/uploads\/2022\/10\/ABACA_828667_004-1-1024x709.jpg","type":"image\/jpeg"}],"author":"Martin Tran","twitter_card":"summary_large_image","twitter_title":"BALLON D\u2019OR 2022 - Karim Benzema, une saison en or en 5 photos","twitter_description":"Lundi, Karim Benzema a \u00e9t\u00e9 \u00e9lu Ballon d\u2019Or 2022 : ABACA vous fait revivre en images les grands moments de la saison XXL du buteur fran\u00e7ais du Real Madrid.","twitter_image":"https:\/\/abacapress.com\/press\/wp-content\/uploads\/2022\/10\/ABACA_828667_004-1.jpg","twitter_misc":{"Written by":"Martin Tran","Est. reading time":"6 minutes"},"schema":{"@context":"https:\/\/schema.org","@graph":[{"@type":"WebPage","@id":"https:\/\/abacapress.com\/press\/bestof-unes-parutions-abaca-2022\/","url":"https:\/\/abacapress.com\/press\/bestof-unes-parutions-abaca-2022\/","name":"BEST OF - Les Unes et parutions ABACA depuis la rentr\u00e9e 2022 - Abaca Press","isPartOf":{"@id":"https:\/\/abacapress.com\/press\/#website"},"primaryImageOfPage":{"@id":"https:\/\/abacapress.com\/press\/bestof-unes-parutions-abaca-2022\/#primaryimage"},"image":{"@id":"https:\/\/abacapress.com\/press\/bestof-unes-parutions-abaca-2022\/#primaryimage"},"thumbnailUrl":"https:\/\/abacapress.com\/press\/wp-content\/uploads\/2022\/01\/AbacaPress_NouvelAn_Europeen_Paris.jpg","datePublished":"2022-12-31T14:37:28+00:00","dateModified":"2023-01-02T16:20:15+00:00","author":{"@id":"https:\/\/abacapress.com\/press\/#\/schema\/person\/1e38b8a4144b157b796291bd1085bc23"},"description":"Focus sur ces clich\u00e9s pris en 2022 par les photographes ABACA et que la presse a repris pour illustrer leurs propos","breadcrumb":{"@id":"https:\/\/abacapress.com\/press\/bestof-unes-parutions-abaca-2022\/#breadcrumb"},"inLanguage":"en-US","potentialAction":[{"@type":"ReadAction","target":["https:\/\/abacapress.com\/press\/bestof-unes-parutions-abaca-2022\/"]}]},{"@type":"ImageObject","inLanguage":"en-US","@id":"https:\/\/abacapress.com\/press\/bestof-unes-parutions-abaca-2022\/#primaryimage","url":"https:\/\/abacapress.com\/press\/wp-content\/uploads\/2022\/01\/AbacaPress_NouvelAn_Europeen_Paris.jpg","contentUrl":"https:\/\/abacapress.com\/press\/wp-content\/uploads\/2022\/01\/AbacaPress_NouvelAn_Europeen_Paris.jpg","width":1171,"height":795},{"@type":"BreadcrumbList","@id":"https:\/\/abacapress.com\/press\/bestof-unes-parutions-abaca-2022\/#breadcrumb","itemListElement":[{"@type":"ListItem","position":1,"name":"Accueil","item":"https:\/\/abacapress.com\/press\/"},{"@type":"ListItem","position":2,"name":"BEST OF &#8211; Les Unes et parutions ABACA depuis la rentr\u00e9e 2022"}]},{"@type":"WebSite","@id":"https:\/\/abacapress.com\/press\/#website","url":"https:\/\/abacapress.com\/press\/","name":"Abaca Press","description":"Agence de presse photographique","potentialAction":[{"@type":"SearchAction","target":{"@type":"EntryPoint","urlTemplate":"https:\/\/abacapress.com\/press\/?s={search_term_string}"},"query-input":{"@type":"PropertyValueSpecification","valueRequired":true,"valueName":"search_term_string"}}],"inLanguage":"en-US"},{"@type":"Person","@id":"https:\/\/abacapress.com\/press\/#\/schema\/person\/1e38b8a4144b157b796291bd1085bc23","name":"Martin Tran","image":{"@type":"ImageObject","inLanguage":"en-US","@id":"https:\/\/abacapress.com\/press\/#\/schema\/person\/image\/","url":"https:\/\/secure.gravatar.com\/avatar\/f965c1e4288ec3486b12e79e2d73ff8df93228abe969349ab51f939bda1590dc?s=96&d=mm&r=g","contentUrl":"https:\/\/secure.gravatar.com\/avatar\/f965c1e4288ec3486b12e79e2d73ff8df93228abe969349ab51f939bda1590dc?s=96&d=mm&r=g","caption":"Martin Tran"},"url":"https:\/\/abacapress.com\/press\/author\/martin-tranyahoo-fr\/"}]}},"_links":{"self":[{"href":"https:\/\/abacapress.com\/press\/wp-json\/wp\/v2\/posts\/9895","targetHints":{"allow":["GET"]}}],"collection":[{"href":"https:\/\/abacapress.com\/press\/wp-json\/wp\/v2\/posts"}],"about":[{"href":"https:\/\/abacapress.com\/press\/wp-json\/wp\/v2\/types\/post"}],"author":[{"embeddable":true,"href":"https:\/\/abacapress.com\/press\/wp-json\/wp\/v2\/users\/19"}],"replies":[{"embeddable":true,"href":"https:\/\/abacapress.com\/press\/wp-json\/wp\/v2\/comments?post=9895"}],"version-history":[{"count":0,"href":"https:\/\/abacapress.com\/press\/wp-json\/wp\/v2\/posts\/9895\/revisions"}],"wp:featuredmedia":[{"embeddable":true,"href":"https:\/\/abacapress.com\/press\/wp-json\/wp\/v2\/media\/7834"}],"wp:attachment":[{"href":"https:\/\/abacapress.com\/press\/wp-json\/wp\/v2\/media?parent=9895"}],"wp:term":[{"taxonomy":"category","embeddable":true,"href":"https:\/\/abacapress.com\/press\/wp-json\/wp\/v2\/categories?post=9895"},{"taxonomy":"post_tag","embeddable":true,"href":"https:\/\/abacapress.com\/press\/wp-json\/wp\/v2\/tags?post=9895"}],"curies":[{"name":"wp","href":"https:\/\/api.w.org\/{rel}","templated":true}]}}